{"id":48058,"date":"2014-12-16T09:25:30","date_gmt":"2014-12-16T12:25:30","guid":{"rendered":"http:\/\/aconteceunovale.com.br\/portal\/?p=48058"},"modified":"2014-12-16T09:25:30","modified_gmt":"2014-12-16T12:25:30","slug":"previsao-do-tempo-para-minas-gerais-nesta-terca-feira-16-de-dezembro","status":"publish","type":"post","link":"https:\/\/aconteceunovale.com.br\/portal\/?p=48058","title":{"rendered":"Previs\u00e3o do tempo para Minas Gerais nesta ter\u00e7a-feira, 16 de dezembro"},"content":{"rendered":"<h4><strong><em>A Regi\u00e3o Metropolitana de Belo Horizonte, o c\u00e9u fica parcialmente nublado e na capital as temperaturas oscilam entre 16\u00b0C e 29\u00b0C<\/em><\/strong><\/h4>\n<p>Nesta ter\u00e7a-feira, as condi\u00e7\u00f5es meteorol\u00f3gicas ficam favor\u00e1veis \u00e0 ocorr\u00eancia de chuvas nos setores Norte e Leste de Minas Gerais. Nas demais localidades mineiras, o sol deve predominar entre nuvens e h\u00e1 possibilidade de chuvas isoladas no oeste mineiro. Na Regi\u00e3o Metropolitana de Belo Horizonte, o c\u00e9u fica parcialmente nublado e na capital as temperaturas oscilam entre 16\u00b0C e 29\u00b0C.<\/p>\n","protected":false},"excerpt":{"rendered":"<p>A Regi\u00e3o Metropolitana de Belo Horizonte, o c\u00e9u fica parcialmente nublado e na capital as temperaturas oscilam entre 16\u00b0C e 29\u00b0C Nesta ter\u00e7a-feira, as condi\u00e7\u00f5es meteorol\u00f3gicas ficam favor\u00e1veis \u00e0 ocorr\u00eancia de chuvas nos setores Norte e Leste de Minas Gerais. Nas demais localidades mineiras, o sol deve predominar entre nuvens e h\u00e1 possibilidade de chuvas [&hellip;]<\/p>\n","protected":false},"author":1,"featured_media":15765,"comment_status":"open","ping_status":"closed","sticky":false,"template":"","format":"standard","meta":{"amp_status":"","footnotes":""},"categories":[123],"tags":[1839,26929,26773,1841],"class_list":["post-48058","post","type-post","status-publish","format-standard","has-post-thumbnail","hentry","category-gerais","tag-previsao-do-tempo-para-minas-gerais","tag-previsao-do-tempo-para-minas-gerais-nesta-terca-feira-16-de-dezembro","tag-previsao-do-tempo-para-o-leste-de-minas","tag-previsao-do-tempo-para-o-norte-de-minas"],"_links":{"self":[{"href":"https:\/\/aconteceunovale.com.br\/portal\/index.php?rest_route=\/wp\/v2\/posts\/48058","targetHints":{"allow":["GET"]}}],"collection":[{"href":"https:\/\/aconteceunovale.com.br\/portal\/index.php?rest_route=\/wp\/v2\/posts"}],"about":[{"href":"https:\/\/aconteceunovale.com.br\/portal\/index.php?rest_route=\/wp\/v2\/types\/post"}],"author":[{"embeddable":true,"href":"https:\/\/aconteceunovale.com.br\/portal\/index.php?rest_route=\/wp\/v2\/users\/1"}],"replies":[{"embeddable":true,"href":"https:\/\/aconteceunovale.com.br\/portal\/index.php?rest_route=%2Fwp%2Fv2%2Fcomments&post=48058"}],"version-history":[{"count":0,"href":"https:\/\/aconteceunovale.com.br\/portal\/index.php?rest_route=\/wp\/v2\/posts\/48058\/revisions"}],"wp:featuredmedia":[{"embeddable":true,"href":"https:\/\/aconteceunovale.com.br\/portal\/index.php?rest_route=\/wp\/v2\/media\/15765"}],"wp:attachment":[{"href":"https:\/\/aconteceunovale.com.br\/portal\/index.php?rest_route=%2Fwp%2Fv2%2Fmedia&parent=48058"}],"wp:term":[{"taxonomy":"category","embeddable":true,"href":"https:\/\/aconteceunovale.com.br\/portal\/index.php?rest_route=%2Fwp%2Fv2%2Fcategories&post=48058"},{"taxonomy":"post_tag","embeddable":true,"href":"https:\/\/aconteceunovale.com.br\/portal\/index.php?rest_route=%2Fwp%2Fv2%2Ftags&post=48058"}],"curies":[{"name":"wp","href":"https:\/\/api.w.org\/{rel}","templated":true}]}}