{"id":48048,"date":"2014-12-16T08:32:01","date_gmt":"2014-12-16T11:32:01","guid":{"rendered":"http:\/\/aconteceunovale.com.br\/portal\/?p=48048"},"modified":"2014-12-16T16:43:53","modified_gmt":"2014-12-16T19:43:53","slug":"gerente-da-cemig-fala-sobre-as-bandeiras-tarifarias-que-entrarao-em-vigor-a-partir-de-janeiro","status":"publish","type":"post","link":"https:\/\/aconteceunovale.com.br\/portal\/?p=48048","title":{"rendered":"Gerente da Cemig fala sobre as bandeiras tarif\u00e1rias que entrar\u00e3o em vigor a partir de janeiro"},"content":{"rendered":"<h4><strong><em>Mauro Marinho Campos \u00e9 Gerente de Gest\u00e3o e Controle do Faturamento de Energia El\u00e9trica da Cemig.<\/em><\/strong><\/h4>\n<p>A partir de janeiro de 2015, entrar\u00e1 em vigor em todo o Brasil, atrav\u00e9s das empresas de distribui\u00e7\u00e3o de energia el\u00e9trica, um novo sistema de tarifas de energia denominado \u201cbandeiras tarif\u00e1rias\u201d.<\/p>\n<p>[image src=&#8221;http:\/\/aconteceunovale.com.br\/portal\/wp-content\/uploads\/2014\/12\/gerente_cemig_marinho.jpg&#8221; width=&#8221;387&#8243; height=&#8221;300&#8243; lightbox=&#8221;yes&#8221; align=&#8221;left&#8221; float=&#8221;left&#8221;]A maioria da energia el\u00e9trica produzida no Brasil \u00e9 proveniente de fontes hidrel\u00e9tricas, e o cen\u00e1rio hidrol\u00f3gico n\u00e3o tem sido favor\u00e1vel para esse tipo de gera\u00e7\u00e3o desde 2012. Como efeito, o Operador Nacional do Sistema (ONS) tem acionado cada vez mais as usinas termel\u00e9tricas cujo custo de produ\u00e7\u00e3o \u00e9 bem mais elevado que o da produ\u00e7\u00e3o de energia a partir de fontes hidr\u00e1ulicas.<\/p>\n<p>As bandeiras tarif\u00e1rias pretendem adaptar de maneira din\u00e2mica esses custos extras de curto prazo na gera\u00e7\u00e3o de energia \u00e0 tarifa dos consumidores. Ou seja, as oscila\u00e7\u00f5es dos pre\u00e7os ocasionadas pelas varia\u00e7\u00f5es hidrol\u00f3gicas e a maior utiliza\u00e7\u00e3o das usinas termel\u00e9tricas ser\u00e3o sinalizadas ao consumidor conforme cada per\u00edodo.<\/p>\n<p>Essa medida poder\u00e1 sensibilizar a sociedade e os consumidores sobre sua responsabilidade no uso racional de recursos naturais limitados e nos impactos ambientais e econ\u00f4micos do uso n\u00e3o eficiente da energia.<\/p>\n<p>Sem as bandeiras tarif\u00e1rias, a conta de luz continuaria sendo reajustada apenas uma vez ao ano e todo o d\u00e9ficit acumulado pela distribuidora com a compra de energia seria repassado \u00e0 tarifa em uma \u00fanica vez, na data do reajuste de cada concession\u00e1ria. Com as bandeiras, a tarifa pode aumentar um pouco a cada m\u00eas e reduzir quando n\u00e3o for mais necess\u00e1rio o despacho das usinas termel\u00e9tricas. Todavia, \u00e9 importante frisar que o reajuste final acumulado ser\u00e1 menor.<\/p>\n<p>As bandeiras tarif\u00e1rias ser\u00e3o tr\u00eas, como um sem\u00e1foro e ser\u00e3o representadas pelas cores verde, amarela e vermelha. A bandeira verde sinaliza condi\u00e7\u00f5es favor\u00e1veis de gera\u00e7\u00e3o de energia. Portanto, a tarifa n\u00e3o sofrer\u00e1 nenhum acr\u00e9scimo. Por sua vez, a bandeira amarela indica um sinal de aten\u00e7\u00e3o pois as condi\u00e7\u00f5es de gera\u00e7\u00e3o s\u00e3o menos favor\u00e1veis (algumas termel\u00e9tricas operando). A tarifa sofre acr\u00e9scimo de R$ 0,015 para cada quilowatt-hora (kWh) consumido.<\/p>\n<p>Por fim, a bandeira vermelha sinaliza que a oferta de energia para atender a demanda dos consumidores ocorre com maiores custos de gera\u00e7\u00e3o(muitas termel\u00e9tricas operando). A tarifa sobre acr\u00e9scimo de R$ 0,030 para cada kWh consumido.<\/p>\n<p>Desde junho do ano passado, a Cemig avisa ao consumidor, por meio da Conta de Energia El\u00e9trica, a bandeira tarif\u00e1ria que estaria em vigor no m\u00eas. Isso se deu em car\u00e1ter de teste, com o objetivo de facilitar a compreens\u00e3o do consumidor sobre esse novo sistema. Vale ressaltar que na Conta de Energia El\u00e9trica n\u00e3o haver\u00e1 nenhuma imagem de bandeira sinalizando a cor da tarifa vigente, mas ser\u00e1 destacado, no campo \u201cValores Faturados\u201d, o custo adicional relativo \u00e0 aplica\u00e7\u00e3o da bandeira tarif\u00e1ria vigente no per\u00edodo. Al\u00e9m disso, o consumidor poder\u00e1 consultar, no site da Cemig \u2013 <a href=\"http:\/\/www.cemig.com.br\" target=\"_blank\">www.cemig.com.br<\/a> e da Aneel \u2013 <a href=\"http:\/\/www.aneel.gov.br\" target=\"_blank\">www.aneel.gov.br<\/a>, a Bandeira Tarif\u00e1ria vigente naquele m\u00eas.<\/p>\n<p>Com a aplica\u00e7\u00e3o das bandeiras tarif\u00e1rias, o consumidor tem a oportunidade de gerenciar melhor o seu consumo de energia el\u00e9trica e reduzir o valor da conta de luz. Dessa forma e com o avan\u00e7o da tecnologia, a popula\u00e7\u00e3o vai poder economizar e tamb\u00e9m auxiliar o pa\u00eds em anos de condi\u00e7\u00f5es hidrol\u00f3gicas desfavor\u00e1veis.<\/p>\n<p><strong><em>(Assessoria de Comunica\u00e7\u00e3o da Cemig)<\/em><\/strong><\/p>\n","protected":false},"excerpt":{"rendered":"<p>Mauro Marinho Campos \u00e9 Gerente de Gest\u00e3o e Controle do Faturamento de Energia El\u00e9trica da Cemig. A partir de janeiro de 2015, entrar\u00e1 em vigor em todo o Brasil, atrav\u00e9s das empresas de distribui\u00e7\u00e3o de energia el\u00e9trica, um novo sistema de tarifas de energia denominado \u201cbandeiras tarif\u00e1rias\u201d. [image src=&#8221;http:\/\/aconteceunovale.com.br\/portal\/wp-content\/uploads\/2014\/12\/gerente_cemig_marinho.jpg&#8221; width=&#8221;387&#8243; height=&#8221;300&#8243; lightbox=&#8221;yes&#8221; align=&#8221;left&#8221; float=&#8221;left&#8221;]A maioria [&hellip;]<\/p>\n","protected":false},"author":1,"featured_media":48087,"comment_status":"open","ping_status":"closed","sticky":false,"template":"","format":"standard","meta":{"amp_status":"","footnotes":""},"categories":[123],"tags":[26917,26911,26918,26919,26915,347,26920,26976,26912,26914,26913,26916],"class_list":["post-48048","post","type-post","status-publish","format-standard","has-post-thumbnail","hentry","category-gerais","tag-agencia-nacional-de-energia-eletrica","tag-anderson-ferreira","tag-aneel","tag-as-bandeiras-tarifarias","tag-bandeiras-tarifarias","tag-cemig","tag-gerente-da-cemig-fala-sobre-as-bandeiras-tarifarias-que-entrarao-em-vigor-a-partir-de-janeiro","tag-mauro-marinho-campos","tag-planejamento-do-relacionamento-comercial-com-clientes-de-distribuicao-da-cemig","tag-tarifas-de-energia","tag-tarifas-de-energia-de-todo-o-brasil","tag-tarifas-de-energia-de-todo-o-brasil-vao-adotar-as-bandeiras-tarifarias"],"_links":{"self":[{"href":"https:\/\/aconteceunovale.com.br\/portal\/index.php?rest_route=\/wp\/v2\/posts\/48048","targetHints":{"allow":["GET"]}}],"collection":[{"href":"https:\/\/aconteceunovale.com.br\/portal\/index.php?rest_route=\/wp\/v2\/posts"}],"about":[{"href":"https:\/\/aconteceunovale.com.br\/portal\/index.php?rest_route=\/wp\/v2\/types\/post"}],"author":[{"embeddable":true,"href":"https:\/\/aconteceunovale.com.br\/portal\/index.php?rest_route=\/wp\/v2\/users\/1"}],"replies":[{"embeddable":true,"href":"https:\/\/aconteceunovale.com.br\/portal\/index.php?rest_route=%2Fwp%2Fv2%2Fcomments&post=48048"}],"version-history":[{"count":0,"href":"https:\/\/aconteceunovale.com.br\/portal\/index.php?rest_route=\/wp\/v2\/posts\/48048\/revisions"}],"wp:featuredmedia":[{"embeddable":true,"href":"https:\/\/aconteceunovale.com.br\/portal\/index.php?rest_route=\/wp\/v2\/media\/48087"}],"wp:attachment":[{"href":"https:\/\/aconteceunovale.com.br\/portal\/index.php?rest_route=%2Fwp%2Fv2%2Fmedia&parent=48048"}],"wp:term":[{"taxonomy":"category","embeddable":true,"href":"https:\/\/aconteceunovale.com.br\/portal\/index.php?rest_route=%2Fwp%2Fv2%2Fcategories&post=48048"},{"taxonomy":"post_tag","embeddable":true,"href":"https:\/\/aconteceunovale.com.br\/portal\/index.php?rest_route=%2Fwp%2Fv2%2Ftags&post=48048"}],"curies":[{"name":"wp","href":"https:\/\/api.w.org\/{rel}","templated":true}]}}