{"id":48046,"date":"2014-12-16T08:25:00","date_gmt":"2014-12-16T11:25:00","guid":{"rendered":"http:\/\/aconteceunovale.com.br\/portal\/?p=48046"},"modified":"2014-12-16T08:25:00","modified_gmt":"2014-12-16T11:25:00","slug":"quarenta-ruas-de-capelinha-ficarao-sem-energia-eletrica-nesta-quinta-feira-18","status":"publish","type":"post","link":"https:\/\/aconteceunovale.com.br\/portal\/?p=48046","title":{"rendered":"Quarenta ruas de Capelinha ficar\u00e3o sem energia el\u00e9trica nesta quinta-feira (18)"},"content":{"rendered":"<p>A Companhia Energ\u00e9tica de Minas Gerais (Cemig) informa que, visando assegurar a qualidade do servi\u00e7o prestado aos seus clientes, na pr\u00f3xima quinta-feira (18\/12) realizar\u00e1 a substitui\u00e7\u00e3o de dois postes e a troca de cabos de Baixa Tens\u00e3o convencionais por isolados, al\u00e9m da instala\u00e7\u00e3o de um transformador na Rede de Distribui\u00e7\u00e3o de Capelinha.<\/p>\n<p>Essa obra que vai tornar a rede mais segura, garantindo uma maior confiabilidade do fornecimento de energia para a popula\u00e7\u00e3o, a ind\u00fastria e o com\u00e9rcio local, melhorando tamb\u00e9m a intera\u00e7\u00e3o com a arboriza\u00e7\u00e3o urbana e a polui\u00e7\u00e3o visual.<\/p>\n<p>Para executar esse trabalho com seguran\u00e7a, ser\u00e1 necess\u00e1rio interromper o fornecimento de energia de 10h \u00e0s 16h, nos seguintes endere\u00e7os:<\/p>\n<p>&#8211; Avenida Berilo, entre n\u00fameros 3 e 1460<br \/>\n&#8211; Avenida Turmalina, entre n\u00fameros 14 e 176<br \/>\n&#8211; Avenida Diamante, entre n\u00fameros 30 e 965<br \/>\n&#8211; Rua Rubelita, entre n\u00fameros 67 e 115<br \/>\n&#8211; Rua Granada, entre n\u00fameros 3 e 122<br \/>\n&#8211; Rua Turquesa, entre n\u00fameros 6 e 326<br \/>\n&#8211; Rua Pedro Chatim, entre n\u00fameros 10 e 99<br \/>\n&#8211; Rua Primeiro de Maio, n\u00famero 1243<br \/>\n&#8211; Rua do Campo, entre n\u00fameros 15 e 205<br \/>\n&#8211; Rua Opala, entre  n\u00fameros 41 e 171<br \/>\n&#8211; Rua Malacacheta, entre n\u00fameros 3 e 260<br \/>\n&#8211; Rua Top\u00e1zio, entre n\u00fameros 61 e 350<br \/>\n&#8211; Rua Citrino, entre n\u00fameros 21 e 336<br \/>\n&#8211; Rua Onix, entre n\u00fameros 25 e 100<br \/>\n&#8211; Rua Safira, entre n\u00fameros 23 e 200<br \/>\n&#8211; Rua Jade, entre n\u00fameros 63 e 230<br \/>\n&#8211; Rua Rubi, entre n\u00fameros 58 e 1545<br \/>\n&#8211; Rua Alexandrita, entre n\u00fameros 10 e 209<br \/>\n&#8211; Rua \u00c1gata, entre n\u00fameros 230 e 300<br \/>\n&#8211; Rua Eun\u00e9sio Dias Magalhaes, n\u00famero 512<br \/>\n&#8211; Rua Dario Pereira, entre n\u00fameros 6 e 246<br \/>\n&#8211; Rua Ametista, entre  n\u00fameros 43 e 337<br \/>\n&#8211; Rua Fluorita, entre n\u00fameros 16 e 41<br \/>\n&#8211; Rua Esmeralda, entre n\u00fameros 16 e 115,<br \/>\n&#8211; Rua Santa Maria, entre  n\u00fameros 7 e 187<br \/>\n&#8211; Rua Cristal, entre n\u00fameros 20 e 288<br \/>\n&#8211; Rua Quartzo, entre n\u00fameros 12 e 105<br \/>\n&#8211; Rua Mica, entre n\u00fameros 42 e 52<br \/>\n&#8211; Rua \u00c1guas Marinhas, entre n\u00fameros 20 e 220, Vista Alegre<br \/>\n&#8211; Avenida Buritis, entre n\u00fameros 20 e 250<br \/>\n&#8211; Rua Ip\u00ea, entre n\u00fameros 24 e 57<br \/>\n&#8211; Rua Arauc\u00e1rias, n\u00famero 142<br \/>\n&#8211; Rua Gameleira, n\u00famero 30<br \/>\n&#8211; Rua Cedro, entre n\u00fameros 33 e 116<br \/>\n&#8211; Rua Jatob\u00e1, entre n\u00fameros 13 e 218, Residencial Jardim Imperial<br \/>\n&#8211; Avenida Anel Rodovi\u00e1rio, entre n\u00fameros 1211 e 1551<br \/>\n&#8211; Rua Primeiro de Maio, entre n\u00fameros 671 e 1263, Centro<br \/>\n&#8211; Rua Um, entre n\u00fameros 20 e 185<br \/>\n&#8211; Rua Recife, entre n\u00fameros 26 e 56<br \/>\n&#8211; Rua Fortaleza, entre n\u00fameros 35 e 200<br \/>\n&#8211; Rua Florian\u00f3polis, entre n\u00fameros 22 e 182, Residencial Morada<\/p>\n<p>A Empresa realizar\u00e1 esse trabalho durante o fim de semana, para minimizar o impacto da interrup\u00e7\u00e3o de energia para as atividades atingidas pelo desligamento.<\/p>\n<p>Durante esse per\u00edodo, caso precise executar algum servi\u00e7o na instala\u00e7\u00e3o el\u00e9trica interna, o consumidor dever\u00e1 desligar antes a chave geral (disjuntor) para sua seguran\u00e7a.<\/p>\n<p>Esclarecemos que em fun\u00e7\u00e3o da complexidade dos servi\u00e7os a serem executados poder\u00e1 ocorrer atraso no hor\u00e1rio previsto ou cancelamento deste desligamento sem aviso pr\u00e9vio. Por medida de seguran\u00e7a todos os equipamentos devem ser considerados energizados durante o per\u00edodo mencionado. Caso os servi\u00e7os de melhoria sejam conclu\u00eddos antes do hor\u00e1rio indicado o fornecimento de energia el\u00e9trica ser\u00e1 restabelecido.<\/p>\n","protected":false},"excerpt":{"rendered":"<p>A Companhia Energ\u00e9tica de Minas Gerais (Cemig) informa que, visando assegurar a qualidade do servi\u00e7o prestado aos seus clientes, na pr\u00f3xima quinta-feira (18\/12) realizar\u00e1 a substitui\u00e7\u00e3o de dois postes e a troca de cabos de Baixa Tens\u00e3o convencionais por isolados, al\u00e9m da instala\u00e7\u00e3o de um transformador na Rede de Distribui\u00e7\u00e3o de Capelinha. Essa obra que [&hellip;]<\/p>\n","protected":false},"author":1,"featured_media":35283,"comment_status":"open","ping_status":"closed","sticky":false,"template":"","format":"standard","meta":{"amp_status":"","footnotes":""},"categories":[120],"tags":[132,7440,26910,26909,26906,26907,26908],"class_list":["post-48046","post","type-post","status-publish","format-standard","has-post-thumbnail","hentry","category-jequi","tag-capelinha","tag-cemig-realiza-obras-de-melhoria-na-rede-eletrica-de-capelinha","tag-falta-de-energia-em-capelinha","tag-manutencao-da-cemig-em-capelinha","tag-quarenta-e-uma-ruas-de-capelinha-ficarao-sem-energia-eletrica-nesta-quinta-feira-18","tag-ruas-que-ficarao-sem-energia-nesta-quinta-feira","tag-servico-da-cemig-em-capelinha"],"_links":{"self":[{"href":"https:\/\/aconteceunovale.com.br\/portal\/index.php?rest_route=\/wp\/v2\/posts\/48046","targetHints":{"allow":["GET"]}}],"collection":[{"href":"https:\/\/aconteceunovale.com.br\/portal\/index.php?rest_route=\/wp\/v2\/posts"}],"about":[{"href":"https:\/\/aconteceunovale.com.br\/portal\/index.php?rest_route=\/wp\/v2\/types\/post"}],"author":[{"embeddable":true,"href":"https:\/\/aconteceunovale.com.br\/portal\/index.php?rest_route=\/wp\/v2\/users\/1"}],"replies":[{"embeddable":true,"href":"https:\/\/aconteceunovale.com.br\/portal\/index.php?rest_route=%2Fwp%2Fv2%2Fcomments&post=48046"}],"version-history":[{"count":0,"href":"https:\/\/aconteceunovale.com.br\/portal\/index.php?rest_route=\/wp\/v2\/posts\/48046\/revisions"}],"wp:featuredmedia":[{"embeddable":true,"href":"https:\/\/aconteceunovale.com.br\/portal\/index.php?rest_route=\/wp\/v2\/media\/35283"}],"wp:attachment":[{"href":"https:\/\/aconteceunovale.com.br\/portal\/index.php?rest_route=%2Fwp%2Fv2%2Fmedia&parent=48046"}],"wp:term":[{"taxonomy":"category","embeddable":true,"href":"https:\/\/aconteceunovale.com.br\/portal\/index.php?rest_route=%2Fwp%2Fv2%2Fcategories&post=48046"},{"taxonomy":"post_tag","embeddable":true,"href":"https:\/\/aconteceunovale.com.br\/portal\/index.php?rest_route=%2Fwp%2Fv2%2Ftags&post=48046"}],"curies":[{"name":"wp","href":"https:\/\/api.w.org\/{rel}","templated":true}]}}