{"id":48044,"date":"2014-12-16T08:18:17","date_gmt":"2014-12-16T11:18:17","guid":{"rendered":"http:\/\/aconteceunovale.com.br\/portal\/?p=48044"},"modified":"2014-12-16T08:18:17","modified_gmt":"2014-12-16T11:18:17","slug":"plantao-do-samu-no-norte-de-minas-gerais-15-de-dezembro-de-2014","status":"publish","type":"post","link":"https:\/\/aconteceunovale.com.br\/portal\/?p=48044","title":{"rendered":"Plant\u00e3o do Samu no Norte de Minas Gerais &#8211; 15 de dezembro de 2014"},"content":{"rendered":"<h4><strong><em>Segunda-feira, 15 de dezembro de 2014<\/em><\/strong><\/h4>\n<p>A unidade do SAMU de Montes Claros realizou nesta segunda-feira, 15\/12, 40 atendimentos, sendo 29 casos cl\u00ednicos e 11 em decorr\u00eancia de acidentes de tr\u00e2nsito, todos envolvendo motocicleta.<\/p>\n<p>Entre os acidentes de tr\u00e2nsito, foram sete ocorr\u00eancias envolvendo carro e motocicleta, duas v\u00edtimas de queda de moto, e duas pessoas feridas por atropelamento por moto, todas registradas na \u00e1rea urbana de Montes Claros.<\/p>\n<p>Em todas as ocorr\u00eancias os feridos receberam os primeiros atendimentos no local e foram encaminhados ao hospital para avalia\u00e7\u00e3o.<\/p>\n","protected":false},"excerpt":{"rendered":"<p>Segunda-feira, 15 de dezembro de 2014 A unidade do SAMU de Montes Claros realizou nesta segunda-feira, 15\/12, 40 atendimentos, sendo 29 casos cl\u00ednicos e 11 em decorr\u00eancia de acidentes de tr\u00e2nsito, todos envolvendo motocicleta. Entre os acidentes de tr\u00e2nsito, foram sete ocorr\u00eancias envolvendo carro e motocicleta, duas v\u00edtimas de queda de moto, e duas pessoas [&hellip;]<\/p>\n","protected":false},"author":1,"featured_media":46383,"comment_status":"open","ping_status":"closed","sticky":false,"template":"","format":"standard","meta":{"amp_status":"","footnotes":""},"categories":[1236],"tags":[210,26905,18629,21139,4040],"class_list":["post-48044","post","type-post","status-publish","format-standard","has-post-thumbnail","hentry","category-norte_de_minas","tag-montes-claros","tag-plantao-do-samu-no-norte-de-minas-gerais-15-de-dezembro-de-2014","tag-samu-de-montes-claros","tag-samu-do-norte-de-minas","tag-samu-macro-norte"],"_links":{"self":[{"href":"https:\/\/aconteceunovale.com.br\/portal\/index.php?rest_route=\/wp\/v2\/posts\/48044","targetHints":{"allow":["GET"]}}],"collection":[{"href":"https:\/\/aconteceunovale.com.br\/portal\/index.php?rest_route=\/wp\/v2\/posts"}],"about":[{"href":"https:\/\/aconteceunovale.com.br\/portal\/index.php?rest_route=\/wp\/v2\/types\/post"}],"author":[{"embeddable":true,"href":"https:\/\/aconteceunovale.com.br\/portal\/index.php?rest_route=\/wp\/v2\/users\/1"}],"replies":[{"embeddable":true,"href":"https:\/\/aconteceunovale.com.br\/portal\/index.php?rest_route=%2Fwp%2Fv2%2Fcomments&post=48044"}],"version-history":[{"count":0,"href":"https:\/\/aconteceunovale.com.br\/portal\/index.php?rest_route=\/wp\/v2\/posts\/48044\/revisions"}],"wp:featuredmedia":[{"embeddable":true,"href":"https:\/\/aconteceunovale.com.br\/portal\/index.php?rest_route=\/wp\/v2\/media\/46383"}],"wp:attachment":[{"href":"https:\/\/aconteceunovale.com.br\/portal\/index.php?rest_route=%2Fwp%2Fv2%2Fmedia&parent=48044"}],"wp:term":[{"taxonomy":"category","embeddable":true,"href":"https:\/\/aconteceunovale.com.br\/portal\/index.php?rest_route=%2Fwp%2Fv2%2Fcategories&post=48044"},{"taxonomy":"post_tag","embeddable":true,"href":"https:\/\/aconteceunovale.com.br\/portal\/index.php?rest_route=%2Fwp%2Fv2%2Ftags&post=48044"}],"curies":[{"name":"wp","href":"https:\/\/api.w.org\/{rel}","templated":true}]}}