{"id":48040,"date":"2014-12-15T22:59:46","date_gmt":"2014-12-16T01:59:46","guid":{"rendered":"http:\/\/aconteceunovale.com.br\/portal\/?p=48040"},"modified":"2014-12-15T22:59:46","modified_gmt":"2014-12-16T01:59:46","slug":"viajar-de-onibus-por-minas-gerais-fica-mais-caro-a-partir-desta-terca-feira","status":"publish","type":"post","link":"https:\/\/aconteceunovale.com.br\/portal\/?p=48040","title":{"rendered":"Viajar de \u00f4nibus por Minas Gerais fica mais caro a partir desta ter\u00e7a-feira"},"content":{"rendered":"<h4><strong><em>A justificativa da Setop para o reajuste \u00e9 o aumento nos custos de combust\u00edvel, pe\u00e7as de reposi\u00e7\u00e3o, despesas administrativas gerais e m\u00e3o de obra registrados nos \u00faltimos 12 meses.<\/em><\/strong><\/h4>\n<p>Viajar de \u00f4nibus por Minas Gerais ficou mais caro a partir da 0h desta ter\u00e7a. Os pre\u00e7os das passagens do transporte intermunicipal ser\u00e3o reajustadas em 9,31%, em m\u00e9dia, valor bem acima da infla\u00e7\u00e3o oficial deste ano que deve ser de 6,3%. O an\u00fancio foi feito nesta segunda pela Secretaria de Estado de Transportes e Obras P\u00fablicas (Setop). O reajuste vale apenas para os \u00f4nibus de viagem. O transporte coletivo metropolitano continua sem altera\u00e7\u00e3o na passagem.<\/p>\n<p>Com o aumento, a passagem de Belo Horizonte para Ipatinga, por exemplo, passar\u00e1 de R$ 56,45 para R$ 61,70. A justificativa da Setop para o reajuste \u00e9 o aumento nos custos de combust\u00edvel, pe\u00e7as de reposi\u00e7\u00e3o, despesas administrativas gerais e m\u00e3o de obra registrados nos \u00faltimos 12 meses. O aumento vai afetar cerca de seis milh\u00f5es de passageiros que utilizam o sistema intermunicipal de transporte mensalmente. (O Tempo)<\/p>\n","protected":false},"excerpt":{"rendered":"<p>A justificativa da Setop para o reajuste \u00e9 o aumento nos custos de combust\u00edvel, pe\u00e7as de reposi\u00e7\u00e3o, despesas administrativas gerais e m\u00e3o de obra registrados nos \u00faltimos 12 meses. Viajar de \u00f4nibus por Minas Gerais ficou mais caro a partir da 0h desta ter\u00e7a. Os pre\u00e7os das passagens do transporte intermunicipal ser\u00e3o reajustadas em 9,31%, [&hellip;]<\/p>\n","protected":false},"author":1,"featured_media":48041,"comment_status":"open","ping_status":"closed","sticky":false,"template":"","format":"standard","meta":{"amp_status":"","footnotes":""},"categories":[123],"tags":[194,201,26902,26903,26904],"class_list":["post-48040","post","type-post","status-publish","format-standard","has-post-thumbnail","hentry","category-gerais","tag-belo-horizonte","tag-ipatinga","tag-passagem-de-belo-horizonte-para-ipatinga","tag-viajar-de-onibus-por-minas-gerais","tag-viajar-de-onibus-por-minas-gerais-fica-mais-caro-a-partir-desta-terca-feira"],"_links":{"self":[{"href":"https:\/\/aconteceunovale.com.br\/portal\/index.php?rest_route=\/wp\/v2\/posts\/48040","targetHints":{"allow":["GET"]}}],"collection":[{"href":"https:\/\/aconteceunovale.com.br\/portal\/index.php?rest_route=\/wp\/v2\/posts"}],"about":[{"href":"https:\/\/aconteceunovale.com.br\/portal\/index.php?rest_route=\/wp\/v2\/types\/post"}],"author":[{"embeddable":true,"href":"https:\/\/aconteceunovale.com.br\/portal\/index.php?rest_route=\/wp\/v2\/users\/1"}],"replies":[{"embeddable":true,"href":"https:\/\/aconteceunovale.com.br\/portal\/index.php?rest_route=%2Fwp%2Fv2%2Fcomments&post=48040"}],"version-history":[{"count":0,"href":"https:\/\/aconteceunovale.com.br\/portal\/index.php?rest_route=\/wp\/v2\/posts\/48040\/revisions"}],"wp:featuredmedia":[{"embeddable":true,"href":"https:\/\/aconteceunovale.com.br\/portal\/index.php?rest_route=\/wp\/v2\/media\/48041"}],"wp:attachment":[{"href":"https:\/\/aconteceunovale.com.br\/portal\/index.php?rest_route=%2Fwp%2Fv2%2Fmedia&parent=48040"}],"wp:term":[{"taxonomy":"category","embeddable":true,"href":"https:\/\/aconteceunovale.com.br\/portal\/index.php?rest_route=%2Fwp%2Fv2%2Fcategories&post=48040"},{"taxonomy":"post_tag","embeddable":true,"href":"https:\/\/aconteceunovale.com.br\/portal\/index.php?rest_route=%2Fwp%2Fv2%2Ftags&post=48040"}],"curies":[{"name":"wp","href":"https:\/\/api.w.org\/{rel}","templated":true}]}}