{"id":48004,"date":"2014-12-15T19:19:43","date_gmt":"2014-12-15T22:19:43","guid":{"rendered":"http:\/\/aconteceunovale.com.br\/portal\/?p=48004"},"modified":"2014-12-15T19:19:43","modified_gmt":"2014-12-15T22:19:43","slug":"festa-de-periquito-e-cancelada-apos-acidente-com-tres-mortes-em-ipatinga","status":"publish","type":"post","link":"https:\/\/aconteceunovale.com.br\/portal\/?p=48004","title":{"rendered":"Festa de Periquito \u00e9 cancelada ap\u00f3s acidente com tr\u00eas mortes em Ipatinga"},"content":{"rendered":"<h4><strong><em>Festa de Periquito \u00e9 cancelada em luto por morte de periquitenses em acidente com bitrem em Ipatinga.<\/em><\/strong><\/h4>\n<p>A festa em comemora\u00e7\u00e3o aos 19 anos da cidade de Periquito, foi cancelada pela prefeitura. Em nota, enviada na tarde desta segunda-feira, 15, a assessoria de Imprensa justificou o cancelamento.<\/p>\n<p><em>\u201cInfelizmente, vimos a p\u00fablico informar o cancelamento do 19\u00aa Anivers\u00e1rio de Periquito com programa\u00e7\u00e3o prevista para os dias 19, 20 e 21 de dezembro. O motivo nos deixa consternados, mas nossa cidade est\u00e1 de luto. <a href=\"http:\/\/aconteceunovale.com.br\/portal\/?p=47841\" target=\"_blank\">Como foi amplamente divulgado na m\u00eddia, houve um acidente no \u00faltimo dia 13 no local conhecido como Morro da Usipa em Ipatinga\/MG<\/a>. Neste acidente, morreram tr\u00eas dos nossos mun\u00edcipes, inclusive um funcion\u00e1rio e parentes de pessoas diretamente envolvidas com a administra\u00e7\u00e3o municipal. Mediante este fato, n\u00e3o h\u00e1 como realizarmos uma grande festa. O munic\u00edpio de Periquito est\u00e1 enlutado. Pedimos a compreens\u00e3o e apre\u00e7o de todos. Muito obrigado!&#8221;<\/em><\/p>\n<p>No acidente, morreram os moradores de Periquito: Florisvaldo de Souza Franco, o Baiano, de 44 anos, motorista da carreta, Miguel Andrade Bonif\u00e1cio, 21 anos, Pedro Alves da Silva, 37 anos. O quarto ocupante do caminh\u00e3o, que tracionava o bitrem com gasolina, Edson Pereira da Silva, 36 anos, escapou com vida. <\/p>\n<p><img decoding=\"async\" src=\"http:\/\/aconteceunovale.com.br\/portal\/wp-content\/uploads\/2014\/12\/festa_cancelada.jpg\" alt=\"\" \/><em>Cartaz divulga\u00e7\u00e3o do 19\u00aa Anivers\u00e1rio de Periquito<\/em><br \/>\n<\/br><\/p>\n<p><strong><em>(Di\u00e1rio do A\u00e7o)<\/em><\/strong><\/p>\n","protected":false},"excerpt":{"rendered":"<p>Festa de Periquito \u00e9 cancelada em luto por morte de periquitenses em acidente com bitrem em Ipatinga. A festa em comemora\u00e7\u00e3o aos 19 anos da cidade de Periquito, foi cancelada pela prefeitura. Em nota, enviada na tarde desta segunda-feira, 15, a assessoria de Imprensa justificou o cancelamento. \u201cInfelizmente, vimos a p\u00fablico informar o cancelamento do [&hellip;]<\/p>\n","protected":false},"author":1,"featured_media":48005,"comment_status":"open","ping_status":"closed","sticky":false,"template":"","format":"standard","meta":{"amp_status":"","footnotes":""},"categories":[121],"tags":[26884,26881,26883,26643,26880,26879,26878,26882,26641,26885,26642],"class_list":["post-48004","post","type-post","status-publish","format-standard","has-post-thumbnail","hentry","category-leste","tag-19a-aniversario-de-periquito","tag-aniversario-de-periquito","tag-cancelamento-do-19a-aniversario-de-periquito","tag-edson-pereira-da-silva","tag-festa-de-periquito","tag-festa-de-periquito-e-cancelada","tag-festa-de-periquito-e-cancelada-apos-acidente-com-tres-mortes-em-ipatinga","tag-festa-de-periquito-e-cancelada-em-luto-por-morte-de-periquitenses-em-acidente-com-bitrem-em-ipatinga","tag-florisvaldo-de-souza-franco","tag-miguel-andrade-bonifacio","tag-pedro-alves-da-silva"],"_links":{"self":[{"href":"https:\/\/aconteceunovale.com.br\/portal\/index.php?rest_route=\/wp\/v2\/posts\/48004","targetHints":{"allow":["GET"]}}],"collection":[{"href":"https:\/\/aconteceunovale.com.br\/portal\/index.php?rest_route=\/wp\/v2\/posts"}],"about":[{"href":"https:\/\/aconteceunovale.com.br\/portal\/index.php?rest_route=\/wp\/v2\/types\/post"}],"author":[{"embeddable":true,"href":"https:\/\/aconteceunovale.com.br\/portal\/index.php?rest_route=\/wp\/v2\/users\/1"}],"replies":[{"embeddable":true,"href":"https:\/\/aconteceunovale.com.br\/portal\/index.php?rest_route=%2Fwp%2Fv2%2Fcomments&post=48004"}],"version-history":[{"count":0,"href":"https:\/\/aconteceunovale.com.br\/portal\/index.php?rest_route=\/wp\/v2\/posts\/48004\/revisions"}],"wp:featuredmedia":[{"embeddable":true,"href":"https:\/\/aconteceunovale.com.br\/portal\/index.php?rest_route=\/wp\/v2\/media\/48005"}],"wp:attachment":[{"href":"https:\/\/aconteceunovale.com.br\/portal\/index.php?rest_route=%2Fwp%2Fv2%2Fmedia&parent=48004"}],"wp:term":[{"taxonomy":"category","embeddable":true,"href":"https:\/\/aconteceunovale.com.br\/portal\/index.php?rest_route=%2Fwp%2Fv2%2Fcategories&post=48004"},{"taxonomy":"post_tag","embeddable":true,"href":"https:\/\/aconteceunovale.com.br\/portal\/index.php?rest_route=%2Fwp%2Fv2%2Ftags&post=48004"}],"curies":[{"name":"wp","href":"https:\/\/api.w.org\/{rel}","templated":true}]}}