{"id":48000,"date":"2014-12-15T19:05:17","date_gmt":"2014-12-15T22:05:17","guid":{"rendered":"http:\/\/aconteceunovale.com.br\/portal\/?p=48000"},"modified":"2014-12-15T19:06:05","modified_gmt":"2014-12-15T22:06:05","slug":"prazo-para-inscricao-para-concurso-do-tre-termina-nesta-terca-feira-16","status":"publish","type":"post","link":"https:\/\/aconteceunovale.com.br\/portal\/?p=48000","title":{"rendered":"Prazo de inscri\u00e7\u00f5es para concurso do TRE termina nesta ter\u00e7a-feira (16)"},"content":{"rendered":"<p>Os interessados em integrar o quadro de pessoal do Tribunal Regional Eleitoral de Minas devem ficar atentos: o prazo de inscri\u00e7\u00e3o vai at\u00e9 as 23h59 desta ter\u00e7a-feira (16). O pagamento da taxa de inscri\u00e7\u00e3o poder\u00e1 ser feito at\u00e9 o fim do dia 17 (quarta-feira).\u00a0 O<b>concurso p\u00fablico<\/b>\u00a0\u00e9 para preenchimento de\u00a0<b>19 vagas<\/b>\u00a0de cargos efetivos de\u00a0<b>t\u00e9cnico judici\u00e1rio<\/b>\u00a0dispon\u00edveis no Estado e tamb\u00e9m prev\u00ea o\u00a0<b>cadastro de reserva<\/b>\u00a0para provimento das vagas que surgirem no per\u00edodo de validade do concurso para o cargo de\u00a0<b>t\u00e9cnico judici\u00e1rio<\/b>\u00a0\u2013\u00a0<b>especialidade programa\u00e7\u00e3o de sistemas<\/b>. A\u00a0<b>data prov\u00e1vel da prova ser\u00e1 29 de mar\u00e7o de 2015, conforme\u00a0<\/b>o<a href=\"http:\/\/www.consulplan.net\/home.aspx\">\u00a0<\/a><a title=\"\" href=\"http:\/\/www.justicaeleitoral.jus.br\/arquivos\/tre-mg-concurso-publico-2014-edital-numero-1-para-provimento-de-cargos-efetivos-de-tecnico-judiciario-publicado-no-dou-de-18-11-2014\" target=\"_blank\">Edital<\/a>(formato PDF) dispon\u00edvel no site da\u00a0<a title=\"\" href=\"http:\/\/www.consulplan.net\/concursosInterna.aspx?k=qMAIS666aAGNXc=\" target=\"_blank\">Consulplan<\/a>, empresa organizadora do concurso.<\/p>\n<p>De acordo com o Edital, h\u00e1\u00a0<b>16 vagas<\/b>, sendo uma reservada para candidatos com defici\u00eancia, para o cargo de\u00a0<b>t\u00e9cnico judici\u00e1rio \u2013 \u00e1rea administrativa<\/b>,\u00a0<b>uma vaga<\/b>\u00a0para t\u00e9cnico judici\u00e1rio \u2013\u00a0<b>especialidade contabilidade<\/b>, e\u00a0<b>duas vagas\u00a0<\/b>para t\u00e9cnico judici\u00e1rio \u2013<b>especialidade edifica\u00e7\u00f5es<\/b>. O concurso para t\u00e9cnico n\u00e3o exige forma\u00e7\u00e3o de n\u00edvel superior, mas para os interessados em concorrer \u00e0s vagas com especialidade, vale lembrar que poder\u00e3o concorrer tanto os que tiverem forma\u00e7\u00e3o t\u00e9cnica ou em curso de n\u00edvel superior em Contabilidade (especialidade em contabilidade) e Engenharia Civil ou Produ\u00e7\u00e3o Civil (especialidade em edifica\u00e7\u00f5es).<\/p>\n<p>As vagas existentes para os cargos que possuem especialidade ser\u00e3o destinadas \u00e0 Capital e as demais para o interior do Estado. Somente no momento da nomea\u00e7\u00e3o dos aprovados no concurso \u00e9 que h\u00e1 a possibilidade de op\u00e7\u00e3o pelo local de lota\u00e7\u00e3o, a partir de lista divulgada pelo Tribunal na ocasi\u00e3o.<\/p>\n<p>As provas objetivas e discursivas ter\u00e3o a dura\u00e7\u00e3o de\u00a0<b>5 horas<\/b>\u00a0e ser\u00e3o aplicadas no turno da tarde, das\u00a0<b>13h \u00e0s 18h<\/b>. Os\u00a0<b>locais e os hor\u00e1rios de realiza\u00e7\u00e3o das provas\u00a0<\/b>v\u00e3o ser divulgados pela Consulplan na data prov\u00e1vel de\u00a0<b>9 de mar\u00e7o de 2015<\/b>. Todas as provas e as per\u00edcias m\u00e9dicas para os que concorrerem na condi\u00e7\u00e3o de pessoas com defici\u00eancias v\u00e3o ocorrer em Belo Horizonte.<\/p>\n<p>As informa\u00e7\u00f5es sobre conte\u00fado objeto dos exames, crit\u00e9rios de corre\u00e7\u00e3o das provas, remunera\u00e7\u00e3o, jornada de trabalho, vagas destinadas aos candidatos com defici\u00eancia, requisitos para investidura no cargo est\u00e3o no Edital.<\/p>\n<p>Para saber sobre concursos anteriores ou acompanhar novas informa\u00e7\u00f5es, os interessados tamb\u00e9m podem acessar a<a title=\"\" href=\"http:\/\/www.tre-mg.jus.br\/institucional\/concursos-e-estagios\/concurso-publico-2014\" target=\"_blank\">\u00a0p\u00e1gina<\/a>\u00a0sobre concursos no site do Tribunal.<\/p>\n","protected":false},"excerpt":{"rendered":"<p>Os interessados em integrar o quadro de pessoal do Tribunal Regional Eleitoral de Minas devem ficar atentos: o prazo de inscri\u00e7\u00e3o vai at\u00e9 as 23h59 desta ter\u00e7a-feira (16). O pagamento da taxa de inscri\u00e7\u00e3o poder\u00e1 ser feito at\u00e9 o fim do dia 17 (quarta-feira).\u00a0 Oconcurso p\u00fablico\u00a0\u00e9 para preenchimento de\u00a019 vagas\u00a0de cargos efetivos de\u00a0t\u00e9cnico judici\u00e1rio\u00a0dispon\u00edveis no [&hellip;]<\/p>\n","protected":false},"author":1,"featured_media":48001,"comment_status":"open","ping_status":"closed","sticky":false,"template":"","format":"standard","meta":{"amp_status":"","footnotes":""},"categories":[123],"tags":[700,26875,26874,26877,26873,26876],"class_list":["post-48000","post","type-post","status-publish","format-standard","has-post-thumbnail","hentry","category-gerais","tag-concurso-publico","tag-concurso-publico-do-tribunal-regional-eleitoral-de-minas-gerais","tag-concurso-publico-tre-de-minas-gerais","tag-prazo-de-inscricoes-para-concurso-do-tre-termina-nesta-terca-feira-16","tag-prazo-para-inscricao-para-concurso-do-tre-termina-nesta-terca-feira-16","tag-quadro-de-pessoal-do-tribunal-regional-eleitoral-de-minas"],"_links":{"self":[{"href":"https:\/\/aconteceunovale.com.br\/portal\/index.php?rest_route=\/wp\/v2\/posts\/48000","targetHints":{"allow":["GET"]}}],"collection":[{"href":"https:\/\/aconteceunovale.com.br\/portal\/index.php?rest_route=\/wp\/v2\/posts"}],"about":[{"href":"https:\/\/aconteceunovale.com.br\/portal\/index.php?rest_route=\/wp\/v2\/types\/post"}],"author":[{"embeddable":true,"href":"https:\/\/aconteceunovale.com.br\/portal\/index.php?rest_route=\/wp\/v2\/users\/1"}],"replies":[{"embeddable":true,"href":"https:\/\/aconteceunovale.com.br\/portal\/index.php?rest_route=%2Fwp%2Fv2%2Fcomments&post=48000"}],"version-history":[{"count":0,"href":"https:\/\/aconteceunovale.com.br\/portal\/index.php?rest_route=\/wp\/v2\/posts\/48000\/revisions"}],"wp:featuredmedia":[{"embeddable":true,"href":"https:\/\/aconteceunovale.com.br\/portal\/index.php?rest_route=\/wp\/v2\/media\/48001"}],"wp:attachment":[{"href":"https:\/\/aconteceunovale.com.br\/portal\/index.php?rest_route=%2Fwp%2Fv2%2Fmedia&parent=48000"}],"wp:term":[{"taxonomy":"category","embeddable":true,"href":"https:\/\/aconteceunovale.com.br\/portal\/index.php?rest_route=%2Fwp%2Fv2%2Fcategories&post=48000"},{"taxonomy":"post_tag","embeddable":true,"href":"https:\/\/aconteceunovale.com.br\/portal\/index.php?rest_route=%2Fwp%2Fv2%2Ftags&post=48000"}],"curies":[{"name":"wp","href":"https:\/\/api.w.org\/{rel}","templated":true}]}}