{"id":47984,"date":"2014-12-15T18:15:57","date_gmt":"2014-12-15T21:15:57","guid":{"rendered":"http:\/\/aconteceunovale.com.br\/portal\/?p=47984"},"modified":"2014-12-15T18:15:57","modified_gmt":"2014-12-15T21:15:57","slug":"policia-civil-conclui-inquerito-de-duplo-homicidio-em-governador-valadares","status":"publish","type":"post","link":"https:\/\/aconteceunovale.com.br\/portal\/?p=47984","title":{"rendered":"Pol\u00edcia Civil conclui inqu\u00e9rito de duplo homic\u00eddio em Governador Valadares"},"content":{"rendered":"<h4><strong><em>Segundo pol\u00edcia, mortes teriam sido motivadas por uma briga entre gangues. Crimes aconteceram no dia 1\u00ba de setembro de 2013, no Bairro Turmalina.<\/em><\/strong><\/h4>\n<p>[image src=&#8221;http:\/\/aconteceunovale.com.br\/portal\/wp-content\/uploads\/2014\/12\/duplo_homicidio_gv.jpg&#8221; width=&#8221;300&#8243; height=&#8221;225&#8243; lightbox=&#8221;yes&#8221; align=&#8221;left&#8221; float=&#8221;left&#8221;]A Pol\u00edcia Civil concluiu o inqu\u00e9rito de um duplo homic\u00eddio que aconteceu em setembro de 2013 no Bairro Turmalina, em Governador Valadares, no Leste de Minas Gerais. Dois suspeitos foram presos. Michael Silva, de 21 anos, e Rodrigo Pereira, de 28 anos, chegaram a delegacia por volta de 9h20 da manh\u00e3 desta segunda-feira (15), para o interrogat\u00f3rio. Eles s\u00e3o suspeitos de matar dois rapazes no dia 1\u00ba de setembro de 2013.<\/p>\n<p>Os suspeitos teriam subido o morro a p\u00e9 e atirado v\u00e1rias vezes contra as v\u00edtimas. O motivo do crime seria uma briga entre gangues dos Bairros Planalto e Turmalina. Um terceiro suspeito est\u00e1 foragido. Segundo a pol\u00edcia, C\u00e1cio Silva, de 30 anos, estava com os outros suspeitos no crime.<\/p>\n<p>\u201cQuem tiver qualquer informa\u00e7\u00e3o sobre o paradeiro do C\u00e1cio pode nos ajudar, nos informado por meio do telefone 181. \u00c9 tudo em sigilo e de maneira an\u00f4nima. Ele \u00e9 uma pessoa muito perigosa e est\u00e1 envolvidos em outros crimes tamb\u00e9m\u201d, disse o delegado Gean Vitor Fanti.<\/p>\n<p><strong><em>(Inter TV dos Vales)<\/em><\/strong><\/p>\n","protected":false},"excerpt":{"rendered":"<p>Segundo pol\u00edcia, mortes teriam sido motivadas por uma briga entre gangues. Crimes aconteceram no dia 1\u00ba de setembro de 2013, no Bairro Turmalina. [image src=&#8221;http:\/\/aconteceunovale.com.br\/portal\/wp-content\/uploads\/2014\/12\/duplo_homicidio_gv.jpg&#8221; width=&#8221;300&#8243; height=&#8221;225&#8243; lightbox=&#8221;yes&#8221; align=&#8221;left&#8221; float=&#8221;left&#8221;]A Pol\u00edcia Civil concluiu o inqu\u00e9rito de um duplo homic\u00eddio que aconteceu em setembro de 2013 no Bairro Turmalina, em Governador Valadares, no Leste de Minas [&hellip;]<\/p>\n","protected":false},"author":1,"featured_media":47985,"comment_status":"open","ping_status":"closed","sticky":false,"template":"","format":"standard","meta":{"amp_status":"","footnotes":""},"categories":[121],"tags":[26850,24349,247,26848,26847,26849],"class_list":["post-47984","post","type-post","status-publish","format-standard","has-post-thumbnail","hentry","category-leste","tag-cacio-silva","tag-gean-vitor-fanti","tag-governador-valadares","tag-michael-silva","tag-policia-civil-conclui-inquerito-de-duplo-homicidio-em-governador-valadares","tag-rodrigo-pereira"],"_links":{"self":[{"href":"https:\/\/aconteceunovale.com.br\/portal\/index.php?rest_route=\/wp\/v2\/posts\/47984","targetHints":{"allow":["GET"]}}],"collection":[{"href":"https:\/\/aconteceunovale.com.br\/portal\/index.php?rest_route=\/wp\/v2\/posts"}],"about":[{"href":"https:\/\/aconteceunovale.com.br\/portal\/index.php?rest_route=\/wp\/v2\/types\/post"}],"author":[{"embeddable":true,"href":"https:\/\/aconteceunovale.com.br\/portal\/index.php?rest_route=\/wp\/v2\/users\/1"}],"replies":[{"embeddable":true,"href":"https:\/\/aconteceunovale.com.br\/portal\/index.php?rest_route=%2Fwp%2Fv2%2Fcomments&post=47984"}],"version-history":[{"count":0,"href":"https:\/\/aconteceunovale.com.br\/portal\/index.php?rest_route=\/wp\/v2\/posts\/47984\/revisions"}],"wp:featuredmedia":[{"embeddable":true,"href":"https:\/\/aconteceunovale.com.br\/portal\/index.php?rest_route=\/wp\/v2\/media\/47985"}],"wp:attachment":[{"href":"https:\/\/aconteceunovale.com.br\/portal\/index.php?rest_route=%2Fwp%2Fv2%2Fmedia&parent=47984"}],"wp:term":[{"taxonomy":"category","embeddable":true,"href":"https:\/\/aconteceunovale.com.br\/portal\/index.php?rest_route=%2Fwp%2Fv2%2Fcategories&post=47984"},{"taxonomy":"post_tag","embeddable":true,"href":"https:\/\/aconteceunovale.com.br\/portal\/index.php?rest_route=%2Fwp%2Fv2%2Ftags&post=47984"}],"curies":[{"name":"wp","href":"https:\/\/api.w.org\/{rel}","templated":true}]}}