{"id":47979,"date":"2014-12-15T18:01:08","date_gmt":"2014-12-15T21:01:08","guid":{"rendered":"http:\/\/aconteceunovale.com.br\/portal\/?p=47979"},"modified":"2014-12-16T10:21:16","modified_gmt":"2014-12-16T13:21:16","slug":"policia-militar-de-governador-valadares-ja-registrou-111-homicidios-em-2014","status":"publish","type":"post","link":"https:\/\/aconteceunovale.com.br\/portal\/?p=47979","title":{"rendered":"Pol\u00edcia Militar de Governador Valadares j\u00e1 registrou 111 homic\u00eddios em 2014"},"content":{"rendered":"<h4><strong><em>Um adolescente de 17 anos foi assassinado na cidade no s\u00e1bado (13). Na mesma data, um menor de 16 anos foi morto em Mendes Pimentel.<\/em><\/strong><\/h4>\n<p>Subiu para o 111 o n\u00famero de homic\u00eddios registrados em Governador Valadares, no Leste de Minas Gerais. No s\u00e1bado (13), um adolescente de 17 anos foi baleado na Rua Tumiritinga, no Bairro Nossa Senhora das Gra\u00e7as. Ele chegou a ser socorrido, mas n\u00e3o resistiu aos ferimentos e morreu no Hospital Municipal.<\/p>\n<p>De acordo com informa\u00e7\u00f5es que constam no Boletim de Ocorr\u00eancia, testemunhas teriam afirmado que duas pessoas em um carro pararam em frente a resid\u00eancia do adolescente e ao v\u00ea-lo na cal\u00e7ada, o motorista saiu do ve\u00edculo, atirou no jovem e fugiu. At\u00e9 o momento ningu\u00e9m foi preso.<\/p>\n<h4>Mendes Pimentel<\/h4>\n<p>Tamb\u00e9m na noite de s\u00e1bado (13), um crime chocou a cidade de Mendes Pimentel, no Vale do Rio Doce. Por volta das 21h20, um adolescente de 16 anos foi morto a tiros, na sua casa, na Rua Jos\u00e9 Isidoro da Cunha.<\/p>\n<p>Segundo informa\u00e7\u00f5es da Pol\u00edcia Militar, testemunhas ouviram dois disparos e acionaram os militares. No local, a PM encontrou o corpo da v\u00edtima na varanda da casa, com duas perfura\u00e7\u00f5es. A pol\u00edcia ainda n\u00e3o tem informa\u00e7\u00f5es sobre a motiva\u00e7\u00e3o do crime ou sobre suspeitos.<\/p>\n<p><strong><em>(Inter TV dos Vales)<\/em><\/strong><\/p>\n","protected":false},"excerpt":{"rendered":"<p>Um adolescente de 17 anos foi assassinado na cidade no s\u00e1bado (13). Na mesma data, um menor de 16 anos foi morto em Mendes Pimentel. Subiu para o 111 o n\u00famero de homic\u00eddios registrados em Governador Valadares, no Leste de Minas Gerais. No s\u00e1bado (13), um adolescente de 17 anos foi baleado na Rua Tumiritinga, [&hellip;]<\/p>\n","protected":false},"author":1,"featured_media":42404,"comment_status":"open","ping_status":"closed","sticky":false,"template":"","format":"standard","meta":{"amp_status":"","footnotes":""},"categories":[121],"tags":[26841,247,26840,4167,22669,22670,1672,26839],"class_list":["post-47979","post","type-post","status-publish","format-standard","has-post-thumbnail","hentry","category-leste","tag-assassinato-em-mendes-pimentel","tag-governador-valadares","tag-homicidio-em-mendes-pimentel","tag-homicidios-em-governador-valadares","tag-homicidios-em-gv","tag-homicidios-em-valadares","tag-mendes-pimentel","tag-policia-militar-de-governador-valadares-ja-registrou-111-homicidios-em-2014"],"_links":{"self":[{"href":"https:\/\/aconteceunovale.com.br\/portal\/index.php?rest_route=\/wp\/v2\/posts\/47979","targetHints":{"allow":["GET"]}}],"collection":[{"href":"https:\/\/aconteceunovale.com.br\/portal\/index.php?rest_route=\/wp\/v2\/posts"}],"about":[{"href":"https:\/\/aconteceunovale.com.br\/portal\/index.php?rest_route=\/wp\/v2\/types\/post"}],"author":[{"embeddable":true,"href":"https:\/\/aconteceunovale.com.br\/portal\/index.php?rest_route=\/wp\/v2\/users\/1"}],"replies":[{"embeddable":true,"href":"https:\/\/aconteceunovale.com.br\/portal\/index.php?rest_route=%2Fwp%2Fv2%2Fcomments&post=47979"}],"version-history":[{"count":0,"href":"https:\/\/aconteceunovale.com.br\/portal\/index.php?rest_route=\/wp\/v2\/posts\/47979\/revisions"}],"wp:featuredmedia":[{"embeddable":true,"href":"https:\/\/aconteceunovale.com.br\/portal\/index.php?rest_route=\/wp\/v2\/media\/42404"}],"wp:attachment":[{"href":"https:\/\/aconteceunovale.com.br\/portal\/index.php?rest_route=%2Fwp%2Fv2%2Fmedia&parent=47979"}],"wp:term":[{"taxonomy":"category","embeddable":true,"href":"https:\/\/aconteceunovale.com.br\/portal\/index.php?rest_route=%2Fwp%2Fv2%2Fcategories&post=47979"},{"taxonomy":"post_tag","embeddable":true,"href":"https:\/\/aconteceunovale.com.br\/portal\/index.php?rest_route=%2Fwp%2Fv2%2Ftags&post=47979"}],"curies":[{"name":"wp","href":"https:\/\/api.w.org\/{rel}","templated":true}]}}