{"id":47976,"date":"2014-12-15T17:44:16","date_gmt":"2014-12-15T20:44:16","guid":{"rendered":"http:\/\/aconteceunovale.com.br\/portal\/?p=47976"},"modified":"2014-12-15T17:44:59","modified_gmt":"2014-12-15T20:44:59","slug":"concurso-publico-abre-inscricoes-para-mais-de-440-vagas-em-escolas-estaduais-indigenas","status":"publish","type":"post","link":"https:\/\/aconteceunovale.com.br\/portal\/?p=47976","title":{"rendered":"Concurso p\u00fablico abre inscri\u00e7\u00f5es para mais de 440 vagas em escolas estaduais ind\u00edgenas"},"content":{"rendered":"<h4><strong><em>Vagas dispon\u00edveis s\u00e3o para Assistente T\u00e9cnico de Educa\u00e7\u00e3o B\u00e1sica, para Professor de Educa\u00e7\u00e3o B\u00e1sica e e para Especialista em Educa\u00e7\u00e3o B\u00e1sica<\/em><\/strong><\/h4>\n<p>A partir desta segunda-feira (15\/12) os educadores interessados em concorrer a uma vaga para atuar em escolas estaduais ind\u00edgenas e\/ ou turmas ind\u00edgenas vinculadas \u00e0s escolas estaduais n\u00e3o ind\u00edgenas j\u00e1 podem se inscrever no Concurso P\u00fablico da Educa\u00e7\u00e3o. As inscri\u00e7\u00f5es podem ser feitas at\u00e9 o dia 16 de janeiro de 2015, pelo site do Instituto Brasileiro de Forma\u00e7\u00e3o e Capacita\u00e7\u00e3o (IBFC), respons\u00e1vel pela realiza\u00e7\u00e3o dos concursos p\u00fablicos.<\/p>\n<p>Ao todo, s\u00e3o oferecidas 443 vagas para atuar em escolas estaduais ind\u00edgenas e\/ ou turmas ind\u00edgenas vinculadas \u00e0s escolas estaduais n\u00e3o ind\u00edgenas. O valor de inscri\u00e7\u00e3o ser\u00e1 de R$ 30,00 para a vaga de Assistente T\u00e9cnico de Educa\u00e7\u00e3o B\u00e1sica, R$ 40,00 para Professor de Educa\u00e7\u00e3o B\u00e1sica e R$ 45,00 para Especialista em Educa\u00e7\u00e3o B\u00e1sica.<\/p>\n<p>A remunera\u00e7\u00e3o para os cargos de Assistente T\u00e9cnico de Educa\u00e7\u00e3o B\u00e1sica (ATB) \u00e9 de R$1.005,46 para a carga hor\u00e1ria semanal de 30 horas. Para os cargos de Especialista em Educa\u00e7\u00e3o B\u00e1sica (EEB) \u00e9 de R$1.455,30, com carga hor\u00e1ria semanal de 24 horas. Para os cargos de Professor de Educa\u00e7\u00e3o B\u00e1sica (PEB) a remunera\u00e7\u00e3o inicial ser\u00e1 de R$1.455,30 para uma jornada de 24 horas semanais.<\/p>\n<p>Para participar do processo seletivo, o candidato deve ser ind\u00edgena e pertencer \u00e0 etnia da aldeia onde dever\u00e1 exercer as suas atividades. Isso dever\u00e1 ser comprovado mediante declara\u00e7\u00e3o de sua identidade \u00e9tnica ind\u00edgena assinada pelo l\u00edder da comunidade (Cacique da Aldeia) da qual fa\u00e7a parte.<\/p>\n<p>O edital completo do concurso encontra-se dispon\u00edvel nos sites\u00a0<a href=\"http:\/\/www.ibfc.org.br\/\" target=\"_blank\">www.ibfc.org.br<\/a>;\u00a0<a href=\"http:\/\/www.planejamento.mg.gov.br\/\" target=\"_blank\">www.planejamento.mg.gov.br<\/a>\u00a0e\u00a0<a href=\"http:\/\/www.educacao.mg.gov.br\/\" target=\"_blank\">www.educacao.mg.gov.br<\/a>.<\/p>\n<h4><strong>Outros concursos<\/strong><\/h4>\n<p>Tamb\u00e9m est\u00e3o abertas as inscri\u00e7\u00f5es para o para preenchimento de mais de 17 mil vagas para as carreiras da\u00a0<a href=\"http:\/\/www.educacao.mg.gov.br\/\" target=\"_blank\">Secretaria de Estado de Educa\u00e7\u00e3o (SEE)<\/a>. As inscri\u00e7\u00f5es para estes concursos podem ser feitas at\u00e9 o dia 11 de janeiro de 2015, pelo site do Instituto Brasileiro de Forma\u00e7\u00e3o e Capacita\u00e7\u00e3o (IBFC).<\/p>\n<p><span style=\"text-decoration: underline;\">&#8211; Conservat\u00f3rios Estaduais de M\u00fasica de Minas Gerais<\/span><\/p>\n<p>Vagas: Para o cargo de Professor de Educa\u00e7\u00e3o B\u00e1sica, com atua\u00e7\u00e3o nos Conservat\u00f3rios Estaduais de M\u00fasica de Minas Gerais, as oportunidades s\u00e3o, por exemplo, para Reg\u00eancia\/M\u00fasica, Artes Pl\u00e1sticas, Instrumento\/Guitarra, entre outros, conforme prev\u00ea o edital Seplag\/SEE 02\/2014. Ao todo, s\u00e3o ofertadas 1.237 vagas.<\/p>\n<p><span style=\"text-decoration: underline;\">&#8211; Ensino Especial<\/span><\/p>\n<p>Vagas: O edital Seplag\/SEE 05\/2014 traz oportunidades para preenchimento de vagas para atua\u00e7\u00e3o em escolas especiais e Atendimento Educacional Especializado em escolas regulares. Os cargos, neste caso, para os quais os interessados podem concorrer s\u00e3o os das carreiras de Especialista em Educa\u00e7\u00e3o B\u00e1sica (Orienta\u00e7\u00e3o Educacional), Especialista em Educa\u00e7\u00e3o B\u00e1sica (Supervis\u00e3o Pedag\u00f3gica), Professor de Educa\u00e7\u00e3o B\u00e1sica com atua\u00e7\u00e3o nos anos iniciais do Ensino Fundamental, Professor de Educa\u00e7\u00e3o B\u00e1sica para atua\u00e7\u00e3o em conte\u00fados espec\u00edficos dos anos finais do Ensino Fundamental e Ensino M\u00e9dio, Professor de Educa\u00e7\u00e3o B\u00e1sica Int\u00e9rprete de Libras e para atua\u00e7\u00e3o nas salas de recurso. Ao todo, s\u00e3o ofertadas 1.285 vagas.<\/p>\n<p><span style=\"text-decoration: underline;\">&#8211; Ensino Religioso<\/span><\/p>\n<p>Vagas: Para o cargo de Professor de Educa\u00e7\u00e3o B\u00e1sica &#8211; Ensino Religioso, o edital Seplag\/SEE 03\/2014 prev\u00ea 1.648 oportunidades.<\/p>\n<p><span style=\"text-decoration: underline;\">&#8211; Ensino Regular<\/span><\/p>\n<p>Vagas: Na educa\u00e7\u00e3o b\u00e1sica, s\u00e3o ofertadas vagas de Assistente T\u00e9cnico de Educa\u00e7\u00e3o B\u00e1sica (auxiliar de secretaria); Especialista em Educa\u00e7\u00e3o B\u00e1sica (supervis\u00e3o pedag\u00f3gica), Especialista em Educa\u00e7\u00e3o B\u00e1sica (orienta\u00e7\u00e3o educacional), Professor de Educa\u00e7\u00e3o B\u00e1sica com atua\u00e7\u00e3o nos anos iniciais do Ensino Fundamental e Professor de Educa\u00e7\u00e3o B\u00e1sica para atua\u00e7\u00e3o em conte\u00fados espec\u00edficos dos anos finais do Ensino Fundamental e Ensino M\u00e9dio. Ao todo, s\u00e3o ofertadas 13.454 vagas. Outras informa\u00e7\u00f5es est\u00e3o dispon\u00edveis no edital Seplag\/SEE 04\/2014.<\/p>\n<p>Os editais completos dos concursos encontram-se dispon\u00edveis nos sites\u00a0<a href=\"http:\/\/www.ibfc.org.br\/\" target=\"_blank\">www.ibfc.org.br<\/a>;\u00a0<a href=\"http:\/\/www.planejamento.mg.gov.br\/\" target=\"_blank\">www.planejamento.mg.gov.br<\/a>\u00a0e\u00a0<a href=\"http:\/\/www.educacao.mg.gov.br\/\" target=\"_blank\">www.educacao.mg.gov.br<\/a>.<\/p>\n","protected":false},"excerpt":{"rendered":"<p>Vagas dispon\u00edveis s\u00e3o para Assistente T\u00e9cnico de Educa\u00e7\u00e3o B\u00e1sica, para Professor de Educa\u00e7\u00e3o B\u00e1sica e e para Especialista em Educa\u00e7\u00e3o B\u00e1sica A partir desta segunda-feira (15\/12) os educadores interessados em concorrer a uma vaga para atuar em escolas estaduais ind\u00edgenas e\/ ou turmas ind\u00edgenas vinculadas \u00e0s escolas estaduais n\u00e3o ind\u00edgenas j\u00e1 podem se inscrever no [&hellip;]<\/p>\n","protected":false},"author":1,"featured_media":13951,"comment_status":"open","ping_status":"closed","sticky":false,"template":"","format":"standard","meta":{"amp_status":"","footnotes":""},"categories":[123],"tags":[700,26836,26838,26837],"class_list":["post-47976","post","type-post","status-publish","format-standard","has-post-thumbnail","hentry","category-gerais","tag-concurso-publico","tag-concurso-publico-abre-inscricoes-para-mais-de-440-vagas-em-escolas-estaduais-indigenas","tag-concurso-publico-escolas-estaduais-indigenas","tag-escolas-estaduais-indigenas"],"_links":{"self":[{"href":"https:\/\/aconteceunovale.com.br\/portal\/index.php?rest_route=\/wp\/v2\/posts\/47976","targetHints":{"allow":["GET"]}}],"collection":[{"href":"https:\/\/aconteceunovale.com.br\/portal\/index.php?rest_route=\/wp\/v2\/posts"}],"about":[{"href":"https:\/\/aconteceunovale.com.br\/portal\/index.php?rest_route=\/wp\/v2\/types\/post"}],"author":[{"embeddable":true,"href":"https:\/\/aconteceunovale.com.br\/portal\/index.php?rest_route=\/wp\/v2\/users\/1"}],"replies":[{"embeddable":true,"href":"https:\/\/aconteceunovale.com.br\/portal\/index.php?rest_route=%2Fwp%2Fv2%2Fcomments&post=47976"}],"version-history":[{"count":0,"href":"https:\/\/aconteceunovale.com.br\/portal\/index.php?rest_route=\/wp\/v2\/posts\/47976\/revisions"}],"wp:featuredmedia":[{"embeddable":true,"href":"https:\/\/aconteceunovale.com.br\/portal\/index.php?rest_route=\/wp\/v2\/media\/13951"}],"wp:attachment":[{"href":"https:\/\/aconteceunovale.com.br\/portal\/index.php?rest_route=%2Fwp%2Fv2%2Fmedia&parent=47976"}],"wp:term":[{"taxonomy":"category","embeddable":true,"href":"https:\/\/aconteceunovale.com.br\/portal\/index.php?rest_route=%2Fwp%2Fv2%2Fcategories&post=47976"},{"taxonomy":"post_tag","embeddable":true,"href":"https:\/\/aconteceunovale.com.br\/portal\/index.php?rest_route=%2Fwp%2Fv2%2Ftags&post=47976"}],"curies":[{"name":"wp","href":"https:\/\/api.w.org\/{rel}","templated":true}]}}