{"id":47973,"date":"2014-12-15T17:32:44","date_gmt":"2014-12-15T20:32:44","guid":{"rendered":"http:\/\/aconteceunovale.com.br\/portal\/?p=47973"},"modified":"2014-12-15T17:32:44","modified_gmt":"2014-12-15T20:32:44","slug":"reitor-da-unimontes-assina-termo-de-posse-para-mais-quatro-anos-a-frente-da-instituicao","status":"publish","type":"post","link":"https:\/\/aconteceunovale.com.br\/portal\/?p=47973","title":{"rendered":"Reitor da Unimontes assina termo de posse para mais quatro anos \u00e0 frente da institui\u00e7\u00e3o"},"content":{"rendered":"<h4><strong><em>Solenidade ocorreu, nesta segunda-feira (15\/12), na Cidade Administrativa. Documento foi assinado pelo secret\u00e1rio da Sectes, Vicente Gamarano, e o reitor Jo\u00e3o Canela<\/em><\/strong><\/h4>\n<p>Nesta segunda-feira (15\/12), na Cidade Administrativa, foi empossado o novo reitor da Universidade Estadual de Montes Claros (Unimontes), para a gest\u00e3o 2015\/2018. Na ocasi\u00e3o, o secret\u00e1rio de Estado de Ci\u00eancia, Tecnologia e Ensino Superior, Vicente Gamarano, e o reitor Jo\u00e3o dos Reis Canela assinaram o Termo de Posse.<\/p>\n<p>O secret\u00e1rio Vicente Gamarano, destacou a import\u00e2ncia do ato. \u201cAo longo destes anos, firmamos parcerias que promoveram significativos avan\u00e7os na Unimontes e sabemos que o reitor Jo\u00e3o Canela continuar\u00e1 com este compromisso nos pr\u00f3ximos quatro anos\u201d, afirmou. Durante o seu pronunciamento, Canela disse que o momento de reelei\u00e7\u00e3o consolida o compromisso extraordin\u00e1rio da Unimontes com Minas e o pa\u00eds. \u201cAgrade\u00e7o a confian\u00e7a postada na nossa universidade e garanto que eu e minha equipe daremos continuidade aos trabalhos realizados nos \u00faltimos anos para que a Unimontes se destaque cada vez mais no pa\u00eds e no mundo\u201d, ressaltou.<\/p>\n<p>A solenidade formalizou a posse de Canela, reeleito para dirigir esta institui\u00e7\u00e3o de ensino superior do Governo de Minas. A Unimontes atua nas regi\u00f5es Norte, Noroeste, Vale do Jequitinhonha e Mucuri.<\/p>\n<p><img decoding=\"async\" src=\"http:\/\/aconteceunovale.com.br\/portal\/wp-content\/uploads\/2014\/12\/reitor-da-unimontes-assina-termo-de-posse-para-mais-quatro-anos-a-frente-da-instituicao.jpg\" alt=\"\" \/><em>O secret\u00e1rio da Sectes, Vicente Gamarano, e o novo reitor da Unimontes, Jo\u00e3o dos Reis Canela, na assinatura do termo de posse &#8211; Foto: Divulga\u00e7\u00e3o\/Sectes<\/em><\/p>\n","protected":false},"excerpt":{"rendered":"<p>Solenidade ocorreu, nesta segunda-feira (15\/12), na Cidade Administrativa. Documento foi assinado pelo secret\u00e1rio da Sectes, Vicente Gamarano, e o reitor Jo\u00e3o Canela Nesta segunda-feira (15\/12), na Cidade Administrativa, foi empossado o novo reitor da Universidade Estadual de Montes Claros (Unimontes), para a gest\u00e3o 2015\/2018. Na ocasi\u00e3o, o secret\u00e1rio de Estado de Ci\u00eancia, Tecnologia e Ensino [&hellip;]<\/p>\n","protected":false},"author":1,"featured_media":47974,"comment_status":"open","ping_status":"closed","sticky":false,"template":"","format":"standard","meta":{"amp_status":"","footnotes":""},"categories":[123],"tags":[22210,25597,22205,26834,763,18174,26835],"class_list":["post-47973","post","type-post","status-publish","format-standard","has-post-thumbnail","hentry","category-gerais","tag-joao-canela","tag-joao-dos-reis-canela","tag-reitor-da-unimontes","tag-reitor-da-unimontes-assina-termo-de-posse-para-mais-quatro-anos-a-frente-da-instituicao","tag-unimontes","tag-universidade-estadual-de-montes-claros","tag-vicente-gamarano"],"_links":{"self":[{"href":"https:\/\/aconteceunovale.com.br\/portal\/index.php?rest_route=\/wp\/v2\/posts\/47973","targetHints":{"allow":["GET"]}}],"collection":[{"href":"https:\/\/aconteceunovale.com.br\/portal\/index.php?rest_route=\/wp\/v2\/posts"}],"about":[{"href":"https:\/\/aconteceunovale.com.br\/portal\/index.php?rest_route=\/wp\/v2\/types\/post"}],"author":[{"embeddable":true,"href":"https:\/\/aconteceunovale.com.br\/portal\/index.php?rest_route=\/wp\/v2\/users\/1"}],"replies":[{"embeddable":true,"href":"https:\/\/aconteceunovale.com.br\/portal\/index.php?rest_route=%2Fwp%2Fv2%2Fcomments&post=47973"}],"version-history":[{"count":0,"href":"https:\/\/aconteceunovale.com.br\/portal\/index.php?rest_route=\/wp\/v2\/posts\/47973\/revisions"}],"wp:featuredmedia":[{"embeddable":true,"href":"https:\/\/aconteceunovale.com.br\/portal\/index.php?rest_route=\/wp\/v2\/media\/47974"}],"wp:attachment":[{"href":"https:\/\/aconteceunovale.com.br\/portal\/index.php?rest_route=%2Fwp%2Fv2%2Fmedia&parent=47973"}],"wp:term":[{"taxonomy":"category","embeddable":true,"href":"https:\/\/aconteceunovale.com.br\/portal\/index.php?rest_route=%2Fwp%2Fv2%2Fcategories&post=47973"},{"taxonomy":"post_tag","embeddable":true,"href":"https:\/\/aconteceunovale.com.br\/portal\/index.php?rest_route=%2Fwp%2Fv2%2Ftags&post=47973"}],"curies":[{"name":"wp","href":"https:\/\/api.w.org\/{rel}","templated":true}]}}