{"id":47968,"date":"2014-12-15T14:43:27","date_gmt":"2014-12-15T17:43:27","guid":{"rendered":"http:\/\/aconteceunovale.com.br\/portal\/?p=47968"},"modified":"2014-12-15T14:44:53","modified_gmt":"2014-12-15T17:44:53","slug":"estudantes-de-montes-claros-se-destacam-em-feira-de-tecnologia-no-crea-minas","status":"publish","type":"post","link":"https:\/\/aconteceunovale.com.br\/portal\/?p=47968","title":{"rendered":"Estudantes de Montes Claros se destacam em feira de tecnologia no Crea-Minas"},"content":{"rendered":"<h4><strong><em>Alunos de Montes Claros conquistam o terceiro lugar da Feira com o projeto CRM \u2013 Controle e Reabilita\u00e7\u00e3o Motora de Membros Superiores e Inferiores da Faculdade de Ci\u00eancia e Tecnologia (Facit).<\/em><\/strong><\/h4>\n<p>O Conselho Regional de Engenharia e Agronomia de Minas Gerais (Crea-Minas) realizou nesta quinta-feira (11), na sede do Conselho, a cerim\u00f4nia da entrega de pr\u00eamios aos vencedores da segunda edi\u00e7\u00e3o da Feira de Ci\u00eancias e Inova\u00e7\u00f5es Tecnol\u00f3gicas (Feicintec). O primeiro lugar foi para os alunos da Funda\u00e7\u00e3o de Ensino Superior de Passos (Fesp), com o projeto Grande Minas &#8211; Uni\u00e3o pelas \u00e1guas: O zoneamento ambiental como instrumento de planejamento e gest\u00e3o de recursos h\u00eddricos em uma bacia hidrogr\u00e1fica (R$ 12.000); o segundo lugar ficou com os alunos do Instituto Nacional de Telecomunica\u00e7\u00f5es (Inatel), de Santa Rita do Sapuca\u00ed, Sul de Minas, com o trabalho Aro magn\u00e9tico para aparelhos auditivos e mediador de imped\u00e2ncia para Aro Magn\u00e9tico (R$ 10.000); e o terceiro para o projeto CRM \u2013 Controle e Reabilita\u00e7\u00e3o Motora de Membros Superiores e Inferiores da Faculdade de Ci\u00eancia e Tecnologia de Montes Claros, Norte de Minas, (R$ 8.000). Ao todo, foram premiados dez trabalhos, totalizando R$ 50.000,00 em premia\u00e7\u00e3o para estimular a inova\u00e7\u00e3o tecnol\u00f3gica entre os estudantes.  <\/p>\n<p><img decoding=\"async\" src=\"http:\/\/aconteceunovale.com.br\/portal\/wp-content\/uploads\/2014\/12\/premiados_moc.jpg\" alt=\"\" \/><strong><em>O alunos da Faculdade de Ci\u00eancias e Tecnologia de Montes Claros (Facit) ?Lucas Teixeira Moura Soares e Yuri Adan Gon\u00e7alves Cordovil foram classificados em terceiro lugar com o projeto de CRM &#8211; Controle de reabilita\u00e7\u00e3o motora de membros superiores e inferiores &#8211; Foto: Divulga\u00e7\u00e3o<\/em><\/strong><br \/>\n<\/br><\/p>\n<p>Os trabalhos vencedores foram avaliados por tr\u00eas professores da comiss\u00e3o avaliadora e tr\u00eas profissionais vinculados ao sistema Crea-Minas. A equipe da Fesp, premiada em primeiro lugar, explica que a principal import\u00e2ncia do projeto foi verificar as \u00e1reas priorit\u00e1rias com problemas ambientais e estabelecer diretrizes espec\u00edficas e gerais relacionados ao uso dos recursos h\u00eddricos. \u201cA gratifica\u00e7\u00e3o de ficar em primeiro lugar na Feicintec \u00e9 bem maior que o pr\u00eamio em si\u201d, ressalta Ana Cl\u00e1udia Carvalho, uma das integrantes do grupo que desenvolveu o projeto vencedor.<\/p>\n<p>Os alunos do Inatel levaram o segundo lugar pela segunda vez com um projeto voltado para as pessoas que possuem defici\u00eancia auditiva. Para a estudante do curso de Engenharia Biom\u00e9dica, Isabel Mendes, o acontecimento mais recompensador do dia foi ver uma funcion\u00e1ria do Crea-Minas que possui problemas auditivos ficar emocionada ao testar o aparelho. \u201c\u00c9 a partir desses acontecimentos que vemos que o nosso projeto vai ajudar muita gente\u201d, afirma Isabel Mendes.<\/p>\n<p>O orientador do projeto que ficou em terceiro lugar, Murilo Pereira Lopes, diz que o pr\u00f3ximo passo \u00e9 a parceria com a Santa Casa de Montes Claros, buscando executar do projeto e viabilizar o produto. O trabalho foi desenvolvido para diminuir o tempo de recupera\u00e7\u00e3o de pacientes que possuem algum membro do corpo amputado. \u201cForam testados em v\u00e1rias pessoas, tendo um resultado em torno de 70% de tempo de recupera\u00e7\u00e3o\u201d, afirma.<\/p>\n<p>O presidente do Conselho Regional de Engenharia e Agronomia (Crea-Minas), Jobson Andrade, realizou a entrega dos pr\u00eamios. \u201cPara chegar aqui \u00e9 preciso de algumas caracter\u00edsticas, algumas a\u00e7\u00f5es, algo de perfil, \u00e9 preciso ter comprometimento, ter vontade, \u00e9 preciso gostar da vida e de viver, pois os problemas fazem parte da sociedade, e cabe a n\u00f3s a vontade de solucion\u00e1-los, com a dedica\u00e7\u00e3o que colocamos no nosso dia-dia\u201d, comenta Jobson Andrade.<\/p>\n<p>Os trabalhos vencedores foram selecionados entre os 39 apresentados na feira que abrangem as \u00e1reas de engenharia, agronomia, geologia, geografia, vindos de todas as regi\u00f5es de Minas. Confira abaixo, todos os ganhadores.<\/p>\n<p>1\u00b0 &#8211; Projeto Grande Minas &#8211; Uni\u00e3o pelas \u00e1guas: O zoneamento ambiental como instrumento de planejamento e gest\u00e3o de recursos h\u00eddricos em uma bacia hidrografia;<\/p>\n<p>2\u00b0 &#8211; Aro Magn\u00e9tico para aparelhos auditivos e Medidor de Imped\u00e2ncia para Aro Magn\u00e9tico;<\/p>\n<p>3\u00b0 &#8211; CRM \u2013 Controle e reabilita\u00e7\u00e3o de membros superiores e inferiores;<\/p>\n<p>4\u00b0 &#8211; Mostrador eletr\u00f4nico em braille para smart grid;<\/p>\n<p>5\u00b0 &#8211; Colch\u00e3o Syncrus;<\/p>\n<p>6\u00b0 &#8211; Metodologia para viabiliza\u00e7\u00e3o do uso de parasitoides do g\u00eanero Trichogramma no controle biol\u00f3gico de pragas na agricultura;<\/p>\n<p>7\u00b0 &#8211; Bra\u00e7os manipulador remoto replicador para atividades perigosas;<\/p>\n<p>8\u00b0 &#8211; Projeto Olhos de \u00c1guia: Mapeamento A\u00e9reo Por Meio de VANT Radiocontrolado;<\/p>\n<p>9\u00b0 &#8211; C.O.D (Cadeira Ortost\u00e1tica din\u00e2mica) \u2013 Desenvolvimento de um novo m\u00e9todo de levantamento e locomo\u00e7\u00e3o de portadores de defici\u00eancia f\u00edsica e motora;<\/p>\n<p>10\u00b0 &#8211; Otimiza\u00e7\u00e3o da produ\u00e7\u00e3o de combust\u00edvel alternativo de uma unidade de valoriza\u00e7\u00e3o energ\u00e9tica;<\/p>\n","protected":false},"excerpt":{"rendered":"<p>Alunos de Montes Claros conquistam o terceiro lugar da Feira com o projeto CRM \u2013 Controle e Reabilita\u00e7\u00e3o Motora de Membros Superiores e Inferiores da Faculdade de Ci\u00eancia e Tecnologia (Facit). O Conselho Regional de Engenharia e Agronomia de Minas Gerais (Crea-Minas) realizou nesta quinta-feira (11), na sede do Conselho, a cerim\u00f4nia da entrega de [&hellip;]<\/p>\n","protected":false},"author":1,"featured_media":47969,"comment_status":"open","ping_status":"closed","sticky":false,"template":"","format":"standard","meta":{"amp_status":"","footnotes":""},"categories":[1236],"tags":[26830,24161,26825,465,26824,26823,26822,26826,24158,26829,26828,26831,26832,210,26827,9546,26833],"class_list":["post-47968","post","type-post","status-publish","format-standard","has-post-thumbnail","hentry","category-norte_de_minas","tag-aro-magnetico-para-aparelhos-auditivos-e-mediador-de-impedancia-para-aro-magnetico","tag-conselho-regional-de-engenharia-e-agronomia-de-minas-gerais","tag-controle-e-reabilitacao-motora-de-membros-superiores-e-inferiores-da-faculdade-de-ciencia-e-tecnologia","tag-crea-minas","tag-crm","tag-estudantes-de-montes-claros-se-destacam-em-feira-de-tecnologia-no-crea-minas","tag-estudantes-se-destacam-em-feira-de-tecnologia-no-crea-minas","tag-facit","tag-feicintec","tag-inatel","tag-instituto-nacional-de-telecomunicacoes","tag-jobson-andrade","tag-lucas-teixeira-moura-soares","tag-montes-claros","tag-projeto-grande-minas-uniao-pelas-aguas-o-zoneamento-ambiental-como-instrumento-de-planejamento-e-gestao-de-recursos-hidricos-em-uma-bacia-hidrografica","tag-santa-rita-do-sapucai","tag-yuri-adan-goncalves-cordovil"],"_links":{"self":[{"href":"https:\/\/aconteceunovale.com.br\/portal\/index.php?rest_route=\/wp\/v2\/posts\/47968","targetHints":{"allow":["GET"]}}],"collection":[{"href":"https:\/\/aconteceunovale.com.br\/portal\/index.php?rest_route=\/wp\/v2\/posts"}],"about":[{"href":"https:\/\/aconteceunovale.com.br\/portal\/index.php?rest_route=\/wp\/v2\/types\/post"}],"author":[{"embeddable":true,"href":"https:\/\/aconteceunovale.com.br\/portal\/index.php?rest_route=\/wp\/v2\/users\/1"}],"replies":[{"embeddable":true,"href":"https:\/\/aconteceunovale.com.br\/portal\/index.php?rest_route=%2Fwp%2Fv2%2Fcomments&post=47968"}],"version-history":[{"count":0,"href":"https:\/\/aconteceunovale.com.br\/portal\/index.php?rest_route=\/wp\/v2\/posts\/47968\/revisions"}],"wp:featuredmedia":[{"embeddable":true,"href":"https:\/\/aconteceunovale.com.br\/portal\/index.php?rest_route=\/wp\/v2\/media\/47969"}],"wp:attachment":[{"href":"https:\/\/aconteceunovale.com.br\/portal\/index.php?rest_route=%2Fwp%2Fv2%2Fmedia&parent=47968"}],"wp:term":[{"taxonomy":"category","embeddable":true,"href":"https:\/\/aconteceunovale.com.br\/portal\/index.php?rest_route=%2Fwp%2Fv2%2Fcategories&post=47968"},{"taxonomy":"post_tag","embeddable":true,"href":"https:\/\/aconteceunovale.com.br\/portal\/index.php?rest_route=%2Fwp%2Fv2%2Ftags&post=47968"}],"curies":[{"name":"wp","href":"https:\/\/api.w.org\/{rel}","templated":true}]}}