{"id":47962,"date":"2014-12-15T14:26:39","date_gmt":"2014-12-15T17:26:39","guid":{"rendered":"http:\/\/aconteceunovale.com.br\/portal\/?p=47962"},"modified":"2014-12-15T14:26:39","modified_gmt":"2014-12-15T17:26:39","slug":"cidade-grande-ou-cidade-pequena","status":"publish","type":"post","link":"https:\/\/aconteceunovale.com.br\/portal\/?p=47962","title":{"rendered":"CIDADE GRANDE OU CIDADE PEQUENA?"},"content":{"rendered":"<p>At\u00e9 pouco tempo atr\u00e1s o sonho da maioria das pessoas  era sair do interior, uma regi\u00e3o com poucos ou nenhuma perspectiva de crescimento pessoal e migrar para os grandes centros urbanos onde estavam as grandes oportunidades. O \u00eaxodo aconteceu e v\u00e1rias cidades grandes do Brasil apresentaram nas ultimas d\u00e9cadas crescimentos extremamente elevados. Para um grande n\u00famero de pessoas as oportunidades realmente surgiram e elas conseguiram um crescimento pessoal, mas a maioria destas cidades n\u00e3o estava preparada para este crescimento populacional mete\u00f3rico. A infra estrutura n\u00e3o acompanhou este crescimento, principalmente no saneamento b\u00e1sico que inclui a drenagem urbana, o fornecimento de \u00e1gua pot\u00e1vel, a coleta e tratamento de esgotos e a coleta e disposi\u00e7\u00e3o dos res\u00edduos s\u00f3lidos.  Outros fatores como o aumento explosivo da criminalidade, congestionamentos di\u00e1rios e intermin\u00e1veis, o aumento da polui\u00e7\u00e3o e a falta de moradias pressionando o crescimento das favelas s\u00e3o outros fatores que, ao que parece, est\u00e3o fora de controle e considerados de dif\u00edcil solu\u00e7\u00e3o. <\/p>\n<p>Por conta dos problemas urbanos, apesar de todas as coisas boas que a cidade oferece, as pessoas est\u00e3o se sentindo cada vez mais estressadas e com medo, de posse de bens que n\u00e3o podem desfrutar plenamente. Comprar um carro do ano para ficar preso em um engarrafamento? Comprar uma casa bonita mas ter que colocar alarmes, cercas el\u00e9tricas e seguran\u00e7a 24 horas?  Sair a noite para festejar com os amigos sob o risco de ser assaltado e, at\u00e9 mesmo, assassinado por conta de m\u00edseros reais? Grande parte destas pessoas querem agora \u00e9 fazer o caminho inverso, voltar para o interior para poder desfrutar de uma melhor qualidade de vida. Respirar ar mais puro, passear pelas ruas com mais tranquilidade  sem risco de ficar engarrafado, conversar com os amigos sem se preocupar com a hora ou medo de ser assaltado.<\/p>\n<p>Infelizmente o crescimento desordenado das cidades n\u00e3o foi acompanhado pelo seu desenvolvimento. A falta de planejamento dos sistemas de drenagem urbano das grandes cidades o os constantes alagamentos com o inicio das chuvas de ver\u00e3o s\u00e3o exemplos cl\u00e1ssicos deste problema. O mesmo acontece com o racionamento de \u00e1gua em v\u00e1rias cidades de grande porte que ocorreu n\u00e3o apenas por conta da falta de chuvas mas tamb\u00e9m devido a falta de planejamento em rela\u00e7\u00e3o ao aumento do numero de habitantes e ao aumento do consumo de \u00e1gua por habitante. <\/p>\n<p>Corrigir estes problemas hist\u00f3ricos nos grandes centros urbanos \u00e9 um processo dif\u00edcil e de longo prazo. Devemos estimular a descentraliza\u00e7\u00e3o das \u00e1reas urbanas investindo nas cidades do interior, melhorando a sua infraestrutura, estimulando o seu crescimento associado ao seu desenvolvimento com infraestrutura, seguran\u00e7a, lazer,  moradia e mobilidade urbana. Melhorar a oferta de emprego e renda atraindo os tr\u00eas setores da economia: com\u00e9rcio ind\u00fastria e agropecu\u00e1ria; escolas para forma\u00e7\u00e3o de profissionais dentre outros fatores que promovam um desenvolvimento regional sustent\u00e1vel. Somente desta forma poderemos oferecer uma qualidade de vida a nossa popula\u00e7\u00e3o e as futuras gera\u00e7\u00f5es compar\u00e1vel as cidades do primeiro mundo.<\/p>\n<p><\/br><\/p>\n<h4><strong>Quem \u00e9 Alexandre Sylvio Vieira da Costa?<\/strong><\/h4>\n<p><img decoding=\"async\" src=\"http:\/\/aconteceunovale.com.br\/portal\/wp-content\/uploads\/2014\/06\/alexandre_coluna_agro.jpg\" alt=\"\" \/><br \/>\n<\/br><\/p>\n<p>&#8211; Nascido na cidade de Niter\u00f3i, RJ;<br \/>\n&#8211; Engenheiro Agr\u00f4nomo Formado pela Universidade Federal Rural do Rio de Janeiro;<br \/>\n&#8211; Mestre em Produ\u00e7\u00e3o Vegetal pela Embrapa-Agrobiologia\/Universidade Federal Rural do<br \/>\nRio de Janeiro;<br \/>\n&#8211; Doutor em Produ\u00e7\u00e3o Vegetal pela Universidade Federal de Vi\u00e7osa;<br \/>\n&#8211; P\u00f3s doutorado em Geoci\u00eancias pela Universidade Federal de Minas Gerais;<br \/>\n&#8211; Foi Coordenador Adjunto da C\u00e2mara Especializada de Agronomia e Coordenador da<br \/>\nComiss\u00e3o T\u00e9cnica de Meio Ambiente do CREA\/Minas;<br \/>\n&#8211; Foi Presidente da C\u00e2mara T\u00e9cnica de eventos Cr\u00edticos do Comit\u00ea da Bacia<br \/>\nHidrogr\u00e1fica do Rio Doce;<br \/>\n&#8211; Atualmente, professor Adjunto dos cursos de Engenharia da Universidade Federal dos<br \/>\nVales do Jequitinhonha e Mucuri, Campus Te\u00f3filo Otoni;<\/p>\n<p>&#8211; Blog: <a href=\"http:\/\/asylvio.blogspot.com.br\" target=\"_blank\">asylvio.blogspot.com.br<\/a><br \/>\n&#8211; E-mail: alexandre.costa@ufvjm.edu.br<\/p>\n","protected":false},"excerpt":{"rendered":"<p>At\u00e9 pouco tempo atr\u00e1s o sonho da maioria das pessoas era sair do interior, uma regi\u00e3o com poucos ou nenhuma perspectiva de crescimento pessoal e migrar para os grandes centros urbanos onde estavam as grandes oportunidades. O \u00eaxodo aconteceu e v\u00e1rias cidades grandes do Brasil apresentaram nas ultimas d\u00e9cadas crescimentos extremamente elevados. Para um grande [&hellip;]<\/p>\n","protected":false},"author":1,"featured_media":32009,"comment_status":"open","ping_status":"closed","sticky":false,"template":"","format":"standard","meta":{"amp_status":"","footnotes":""},"categories":[4927],"tags":[26812,26810,26809,26811,26814,23670,26813,26815],"class_list":["post-47962","post","type-post","status-publish","format-standard","has-post-thumbnail","hentry","category-colunistas","tag-cidade-acolhedora","tag-cidade-grande","tag-cidade-grande-ou-cidade-pequena","tag-cidade-pequena","tag-como-escolher-uma-cidade-para-morar","tag-imigracao","tag-onde-morar","tag-sair-do-interior"],"_links":{"self":[{"href":"https:\/\/aconteceunovale.com.br\/portal\/index.php?rest_route=\/wp\/v2\/posts\/47962","targetHints":{"allow":["GET"]}}],"collection":[{"href":"https:\/\/aconteceunovale.com.br\/portal\/index.php?rest_route=\/wp\/v2\/posts"}],"about":[{"href":"https:\/\/aconteceunovale.com.br\/portal\/index.php?rest_route=\/wp\/v2\/types\/post"}],"author":[{"embeddable":true,"href":"https:\/\/aconteceunovale.com.br\/portal\/index.php?rest_route=\/wp\/v2\/users\/1"}],"replies":[{"embeddable":true,"href":"https:\/\/aconteceunovale.com.br\/portal\/index.php?rest_route=%2Fwp%2Fv2%2Fcomments&post=47962"}],"version-history":[{"count":0,"href":"https:\/\/aconteceunovale.com.br\/portal\/index.php?rest_route=\/wp\/v2\/posts\/47962\/revisions"}],"wp:featuredmedia":[{"embeddable":true,"href":"https:\/\/aconteceunovale.com.br\/portal\/index.php?rest_route=\/wp\/v2\/media\/32009"}],"wp:attachment":[{"href":"https:\/\/aconteceunovale.com.br\/portal\/index.php?rest_route=%2Fwp%2Fv2%2Fmedia&parent=47962"}],"wp:term":[{"taxonomy":"category","embeddable":true,"href":"https:\/\/aconteceunovale.com.br\/portal\/index.php?rest_route=%2Fwp%2Fv2%2Fcategories&post=47962"},{"taxonomy":"post_tag","embeddable":true,"href":"https:\/\/aconteceunovale.com.br\/portal\/index.php?rest_route=%2Fwp%2Fv2%2Ftags&post=47962"}],"curies":[{"name":"wp","href":"https:\/\/api.w.org\/{rel}","templated":true}]}}