{"id":47959,"date":"2014-12-15T13:07:12","date_gmt":"2014-12-15T16:07:12","guid":{"rendered":"http:\/\/aconteceunovale.com.br\/portal\/?p=47959"},"modified":"2014-12-15T13:07:12","modified_gmt":"2014-12-15T16:07:12","slug":"prefeito-de-carbonita-e-eleito-presidente-da-amaje","status":"publish","type":"post","link":"https:\/\/aconteceunovale.com.br\/portal\/?p=47959","title":{"rendered":"Prefeito de Carbonita \u00e9 eleito presidente da Amaje"},"content":{"rendered":"<h4><strong><em>Nova diretoria ser\u00e1 empossada em fevereiro de 2015. Chapa vencedora \u00e9 formada pelos prefeitos de Carbonita, Presidente Kubitschek e Itamarandiba.<\/em><\/strong><\/h4>\n<p>[image src=&#8221;http:\/\/aconteceunovale.com.br\/portal\/wp-content\/uploads\/2014\/12\/marquinhos_carbonita.jpg&#8221; width=&#8221;343&#8243; height=&#8221;450&#8243; lightbox=&#8221;yes&#8221; align=&#8221;left&#8221; float=&#8221;left&#8221;]O atual prefeito de Carbonita, Marcos Joseraldo Lemos (PT), foi eleito na \u00faltima sexta-feira, 12 de dezembro, presidente da Associa\u00e7\u00e3o dos Munic\u00edpios do Alto Jequitinhonha (Amaje). A nova diretoria, que ser\u00e1 empossada em fevereiro de 2015, \u00e9 composta pelo prefeito de Presidente Kubitschek, Romulo Ronaldo dos Santos (PTC), como primeiro vice-presidente, e o prefeito de Itamarandiba, Erildo do Espirito Santo Gomes (PSDB), como segundo vice-presidente.<\/p>\n<p>Marquinhos venceu a disputa contra a chapa do prefeito de Capelinha, Jos\u00e9 Ant\u00f4nio Alves de Souza (PMDB), que era apoiada pelo atual presidente, Thiago Levy Ara\u00fajo Pimenta (PMDB), por 11 votos a 8.<\/p>\n<p>Conhe\u00e7a o trabalho da Amaje, acesse o site <a href=\"http:\/\/www.amaje.org.br\" target=\"_blank\">www.amaje.org.br<\/a>.<\/p>\n","protected":false},"excerpt":{"rendered":"<p>Nova diretoria ser\u00e1 empossada em fevereiro de 2015. Chapa vencedora \u00e9 formada pelos prefeitos de Carbonita, Presidente Kubitschek e Itamarandiba. [image src=&#8221;http:\/\/aconteceunovale.com.br\/portal\/wp-content\/uploads\/2014\/12\/marquinhos_carbonita.jpg&#8221; width=&#8221;343&#8243; height=&#8221;450&#8243; lightbox=&#8221;yes&#8221; align=&#8221;left&#8221; float=&#8221;left&#8221;]O atual prefeito de Carbonita, Marcos Joseraldo Lemos (PT), foi eleito na \u00faltima sexta-feira, 12 de dezembro, presidente da Associa\u00e7\u00e3o dos Munic\u00edpios do Alto Jequitinhonha (Amaje). A nova diretoria, [&hellip;]<\/p>\n","protected":false},"author":1,"featured_media":47960,"comment_status":"open","ping_status":"closed","sticky":false,"template":"","format":"standard","meta":{"amp_status":"","footnotes":""},"categories":[120],"tags":[467,14802,132,26807,149,15438,23697,26804,26805,26803,23698,26802,5660,26806,26808],"class_list":["post-47959","post","type-post","status-publish","format-standard","has-post-thumbnail","hentry","category-jequi","tag-amaje","tag-associacao-dos-municipios-do-alto-jequitinhonha","tag-capelinha","tag-erildo-do-espirito-santo-gomes","tag-itamarandiba","tag-jose-antonio-alves-de-souza","tag-marcos-joseraldo-lemos","tag-marcos-jozeraldo-lemos","tag-marquinhos-de-carbonita","tag-nova-diretoria-da-amaje","tag-prefeito-de-carbonita","tag-prefeito-de-carbonita-e-eleito-presidente-da-amaje","tag-presidente-kubitschek","tag-romulo-ronaldo-dos-santos","tag-thiago-levy-araujo-pimenta"],"_links":{"self":[{"href":"https:\/\/aconteceunovale.com.br\/portal\/index.php?rest_route=\/wp\/v2\/posts\/47959","targetHints":{"allow":["GET"]}}],"collection":[{"href":"https:\/\/aconteceunovale.com.br\/portal\/index.php?rest_route=\/wp\/v2\/posts"}],"about":[{"href":"https:\/\/aconteceunovale.com.br\/portal\/index.php?rest_route=\/wp\/v2\/types\/post"}],"author":[{"embeddable":true,"href":"https:\/\/aconteceunovale.com.br\/portal\/index.php?rest_route=\/wp\/v2\/users\/1"}],"replies":[{"embeddable":true,"href":"https:\/\/aconteceunovale.com.br\/portal\/index.php?rest_route=%2Fwp%2Fv2%2Fcomments&post=47959"}],"version-history":[{"count":0,"href":"https:\/\/aconteceunovale.com.br\/portal\/index.php?rest_route=\/wp\/v2\/posts\/47959\/revisions"}],"wp:featuredmedia":[{"embeddable":true,"href":"https:\/\/aconteceunovale.com.br\/portal\/index.php?rest_route=\/wp\/v2\/media\/47960"}],"wp:attachment":[{"href":"https:\/\/aconteceunovale.com.br\/portal\/index.php?rest_route=%2Fwp%2Fv2%2Fmedia&parent=47959"}],"wp:term":[{"taxonomy":"category","embeddable":true,"href":"https:\/\/aconteceunovale.com.br\/portal\/index.php?rest_route=%2Fwp%2Fv2%2Fcategories&post=47959"},{"taxonomy":"post_tag","embeddable":true,"href":"https:\/\/aconteceunovale.com.br\/portal\/index.php?rest_route=%2Fwp%2Fv2%2Ftags&post=47959"}],"curies":[{"name":"wp","href":"https:\/\/api.w.org\/{rel}","templated":true}]}}