{"id":47956,"date":"2014-12-15T12:04:38","date_gmt":"2014-12-15T15:04:38","guid":{"rendered":"http:\/\/aconteceunovale.com.br\/portal\/?p=47956"},"modified":"2014-12-15T12:06:34","modified_gmt":"2014-12-15T15:06:34","slug":"acidente-entre-van-e-onibus-deixa-cinco-feridos-em-curvelo","status":"publish","type":"post","link":"https:\/\/aconteceunovale.com.br\/portal\/?p=47956","title":{"rendered":"Acidente entre van e \u00f4nibus deixa cinco feridos em Curvelo"},"content":{"rendered":"<h4><strong><em>Batida entre os dois ve\u00edculos aconteceu no KM 624 da BR-135. Feridos foram levados para o Hospital Imaculada Concei\u00e7\u00e3o.<\/em><\/strong><\/h4>\n<p>Cinco pessoas ficaram feridas ap\u00f3s um \u00f4nibus de viagem bater de frente em uma van. O acidente ocorreu na madrugada desta segunda-feira (15) no km 624 da BR-135, na zona rural de Curvelo, regi\u00e3o Central de Minas. Ningu\u00e9m se feriu gravemente.<\/p>\n<p>Conforme o Corpo de Bombeiros, o motorista Fernando Carone Mendes Santos, 35 anos, por motivo ainda ignorado perdeu o controle da dire\u00e7\u00e3o do coletivo da empresa S\u00e3o Crist\u00f3v\u00e3o Turismo, placa KTM-7387 de Porteirinha\/MG, e colidiu frontalmente com um van Sprinter, placa ETC-7506 de S\u00e3o Paulo\/SP.<\/p>\n<p>O condutor da van, Ant\u00f4nio Pereira Lima, de 49 anos, al\u00e9m das passageiras Daiane de Brito Ferreira Siqueira, de 20, Jeane Tueli Gomes de Lima, de 29, e Alice Moreira Lira, de 2, ficaram feridas. O motorista do \u00f4nibus tamb\u00e9m se machucou na ocorr\u00eancia.<\/p>\n<p>Ainda segundo os bombeiros, o motorista da van ficou preso \u00e0s ferragens do ve\u00edculo. Todas as v\u00edtimas foram resgatadas conscientes, imobilizadas e levadas para o Hospital Imaculada Concei\u00e7\u00e3o. Haviam 35 passageiros no \u00f4nibus, mas ningu\u00e9m se feriu. <em>(Hoje em Dia)<\/em><\/p>\n","protected":false},"excerpt":{"rendered":"<p>Batida entre os dois ve\u00edculos aconteceu no KM 624 da BR-135. Feridos foram levados para o Hospital Imaculada Concei\u00e7\u00e3o. Cinco pessoas ficaram feridas ap\u00f3s um \u00f4nibus de viagem bater de frente em uma van. O acidente ocorreu na madrugada desta segunda-feira (15) no km 624 da BR-135, na zona rural de Curvelo, regi\u00e3o Central de [&hellip;]<\/p>\n","protected":false},"author":1,"featured_media":32816,"comment_status":"open","ping_status":"closed","sticky":false,"template":"","format":"standard","meta":{"amp_status":"","footnotes":""},"categories":[123],"tags":[26796,26794,26793,26801,26798,197,26799,26795,26800,1194,26797],"class_list":["post-47956","post","type-post","status-publish","format-standard","has-post-thumbnail","hentry","category-gerais","tag-acidente-com-onibus-da-empresa-sao-cristovao-turismo","tag-acidente-com-onibus-de-porteirinha","tag-acidente-entre-van-e-onibus-deixa-cinco-feridos-em-curvelo","tag-alice-moreira-lira","tag-antonio-pereira-lima","tag-curvelo","tag-daiane-de-brito-ferreira-siqueira","tag-fernando-carone-mendes-santos","tag-jeane-tueli-gomes-de-lima","tag-porteirinha","tag-sao-cristovao-turismo"],"_links":{"self":[{"href":"https:\/\/aconteceunovale.com.br\/portal\/index.php?rest_route=\/wp\/v2\/posts\/47956","targetHints":{"allow":["GET"]}}],"collection":[{"href":"https:\/\/aconteceunovale.com.br\/portal\/index.php?rest_route=\/wp\/v2\/posts"}],"about":[{"href":"https:\/\/aconteceunovale.com.br\/portal\/index.php?rest_route=\/wp\/v2\/types\/post"}],"author":[{"embeddable":true,"href":"https:\/\/aconteceunovale.com.br\/portal\/index.php?rest_route=\/wp\/v2\/users\/1"}],"replies":[{"embeddable":true,"href":"https:\/\/aconteceunovale.com.br\/portal\/index.php?rest_route=%2Fwp%2Fv2%2Fcomments&post=47956"}],"version-history":[{"count":0,"href":"https:\/\/aconteceunovale.com.br\/portal\/index.php?rest_route=\/wp\/v2\/posts\/47956\/revisions"}],"wp:featuredmedia":[{"embeddable":true,"href":"https:\/\/aconteceunovale.com.br\/portal\/index.php?rest_route=\/wp\/v2\/media\/32816"}],"wp:attachment":[{"href":"https:\/\/aconteceunovale.com.br\/portal\/index.php?rest_route=%2Fwp%2Fv2%2Fmedia&parent=47956"}],"wp:term":[{"taxonomy":"category","embeddable":true,"href":"https:\/\/aconteceunovale.com.br\/portal\/index.php?rest_route=%2Fwp%2Fv2%2Fcategories&post=47956"},{"taxonomy":"post_tag","embeddable":true,"href":"https:\/\/aconteceunovale.com.br\/portal\/index.php?rest_route=%2Fwp%2Fv2%2Ftags&post=47956"}],"curies":[{"name":"wp","href":"https:\/\/api.w.org\/{rel}","templated":true}]}}