{"id":47945,"date":"2014-12-15T11:02:57","date_gmt":"2014-12-15T14:02:57","guid":{"rendered":"http:\/\/aconteceunovale.com.br\/portal\/?p=47945"},"modified":"2014-12-15T11:02:57","modified_gmt":"2014-12-15T14:02:57","slug":"matriculas-para-ingresso-de-alunos-na-rede-publica-de-ensino-em-2015-sao-iniciadas","status":"publish","type":"post","link":"https:\/\/aconteceunovale.com.br\/portal\/?p=47945","title":{"rendered":"Matr\u00edculas para ingresso de alunos na rede p\u00fablica de ensino em 2015 s\u00e3o iniciadas"},"content":{"rendered":"<h4><strong><em>Crian\u00e7as e adolescentes inscritos no Cadastramento Escolar deste ano dever\u00e3o ser matriculadas no per\u00edodo de 15 a 19 de dezembro<\/em><\/strong><\/h4>\n<p>A partir desta segunda-feira (15\/12) inicia o per\u00edodo de matr\u00edcula na rede p\u00fablica de ensino de Minas Gerais. O procedimento \u00e9 destinado a crian\u00e7as e adolescentes que ir\u00e3o ingressar em escolas da rede p\u00fablica (estadual e municipal) em 2015. Os mais de 165 mil inscritos no \u00faltimo Cadastro Escolar, realizado no in\u00edcio deste semestre, dever\u00e3o comparecer \u00e0s escolas para as quais foram encaminhados. Deste total, aproximadamente, 154 mil ir\u00e3o ingressar no primeiro ano do ensino fundamental.<\/p>\n<p>Em Belo Horizonte, a carta com as orienta\u00e7\u00f5es de matr\u00edcula foi enviada \u00e0s resid\u00eancias dos cadastrados. J\u00e1 na Regi\u00e3o Metropolitana da Capital e interior do Estado, o comunicado deve ser obtido com a Comiss\u00e3o Municipal de Cadastro e Matr\u00edcula, nas Secretarias Municipais de Educa\u00e7\u00e3o. Aos participantes do Cadastramento Escolar s\u00e3o garantidas vagas em escolas pr\u00f3ximas \u00e0s suas resid\u00eancias, de acordo com a disponibilidade de vagas, mas \u00e9 a matr\u00edcula que vai confirmar essa vaga.<\/p>\n<p>Aqueles alunos que j\u00e1 fazem parte da rede p\u00fablica e v\u00e3o permanecer na mesma escola no pr\u00f3ximo ano n\u00e3o participam desse procedimento. A vaga desse estudante na institui\u00e7\u00e3o \u00e9 garantida e a renova\u00e7\u00e3o de matr\u00edcula \u00e9 realizada em data definida pela pr\u00f3pria escola.<\/p>\n<h4>Documenta\u00e7\u00e3o<\/h4>\n<p>Para efetuar a matr\u00edcula, os inscritos no Cadastramento Escolar, realizado entre 21 de julho e 1\u00ba de agosto deste ano, devem comparecer \u00e0s escolas para a qual foram encaminhados munidos de conta de luz, certid\u00e3o de nascimento e, no caso de transfer\u00eancia da rede particular, declara\u00e7\u00e3o ou hist\u00f3rico da escola de origem. Os inscritos que tiverem carteira de identidade dever\u00e3o apresent\u00e1-la no ato da matr\u00edcula. Os cadastrados que n\u00e3o realizarem a matr\u00edcula no prazo previsto ser\u00e3o encaminhados, posteriormente, para escolas onde houver vagas remanescentes. O mesmo ser\u00e1 feito com os candidatos que n\u00e3o participaram do cadastro.<\/p>\n<p>Pais ou respons\u00e1veis que perderam o prazo do Cadastramento Escolar e querem fazer a matr\u00edcula de seus filhos devem procurar a regional administrativa da Prefeitura de Belo Horizonte \u00e0 qual pertencem, caso residam na capital. J\u00e1 aqueles que moram na regi\u00e3o metropolitana ou no interior do Estado devem procurar as Comiss\u00f5es Municipais de Cadastro e Matr\u00edcula, nas Secretarias Municipais de Educa\u00e7\u00e3o. Seja para matr\u00edculas em escolas das redes municipais ou em escolas da rede estadual de ensino, os respons\u00e1veis devem procurar os locais citados.<\/p>\n<p><em><strong>(Ag\u00eancia Minas)<\/strong><\/em><\/p>\n","protected":false},"excerpt":{"rendered":"<p>Crian\u00e7as e adolescentes inscritos no Cadastramento Escolar deste ano dever\u00e3o ser matriculadas no per\u00edodo de 15 a 19 de dezembro A partir desta segunda-feira (15\/12) inicia o per\u00edodo de matr\u00edcula na rede p\u00fablica de ensino de Minas Gerais. O procedimento \u00e9 destinado a crian\u00e7as e adolescentes que ir\u00e3o ingressar em escolas da rede p\u00fablica (estadual [&hellip;]<\/p>\n","protected":false},"author":1,"featured_media":47839,"comment_status":"open","ping_status":"closed","sticky":false,"template":"","format":"standard","meta":{"amp_status":"","footnotes":""},"categories":[123],"tags":[26784,26785,26612,26613,26611,26783],"class_list":["post-47945","post","type-post","status-publish","format-standard","has-post-thumbnail","hentry","category-gerais","tag-criancas-e-adolescentes-inscritos-no-cadastramento-escolar-deste-ano-deverao-ser-matriculadas-no-periodo-de-15-a-19-de-dezembro","tag-documentacao-para-matricula-escolar","tag-matriculas-escolas-estaduais","tag-matriculas-escolas-municipais","tag-matriculas-escolas-publicas","tag-matriculas-para-ingresso-de-alunos-na-rede-publica-de-ensino-em-2015-sao-iniciadas"],"_links":{"self":[{"href":"https:\/\/aconteceunovale.com.br\/portal\/index.php?rest_route=\/wp\/v2\/posts\/47945","targetHints":{"allow":["GET"]}}],"collection":[{"href":"https:\/\/aconteceunovale.com.br\/portal\/index.php?rest_route=\/wp\/v2\/posts"}],"about":[{"href":"https:\/\/aconteceunovale.com.br\/portal\/index.php?rest_route=\/wp\/v2\/types\/post"}],"author":[{"embeddable":true,"href":"https:\/\/aconteceunovale.com.br\/portal\/index.php?rest_route=\/wp\/v2\/users\/1"}],"replies":[{"embeddable":true,"href":"https:\/\/aconteceunovale.com.br\/portal\/index.php?rest_route=%2Fwp%2Fv2%2Fcomments&post=47945"}],"version-history":[{"count":0,"href":"https:\/\/aconteceunovale.com.br\/portal\/index.php?rest_route=\/wp\/v2\/posts\/47945\/revisions"}],"wp:featuredmedia":[{"embeddable":true,"href":"https:\/\/aconteceunovale.com.br\/portal\/index.php?rest_route=\/wp\/v2\/media\/47839"}],"wp:attachment":[{"href":"https:\/\/aconteceunovale.com.br\/portal\/index.php?rest_route=%2Fwp%2Fv2%2Fmedia&parent=47945"}],"wp:term":[{"taxonomy":"category","embeddable":true,"href":"https:\/\/aconteceunovale.com.br\/portal\/index.php?rest_route=%2Fwp%2Fv2%2Fcategories&post=47945"},{"taxonomy":"post_tag","embeddable":true,"href":"https:\/\/aconteceunovale.com.br\/portal\/index.php?rest_route=%2Fwp%2Fv2%2Ftags&post=47945"}],"curies":[{"name":"wp","href":"https:\/\/api.w.org\/{rel}","templated":true}]}}