{"id":47943,"date":"2014-12-15T10:59:35","date_gmt":"2014-12-15T13:59:35","guid":{"rendered":"http:\/\/aconteceunovale.com.br\/portal\/?p=47943"},"modified":"2014-12-15T10:59:35","modified_gmt":"2014-12-15T13:59:35","slug":"certifica-minas-consolida-parcerias-para-exportacao-de-cafe-no-estado","status":"publish","type":"post","link":"https:\/\/aconteceunovale.com.br\/portal\/?p=47943","title":{"rendered":"Certifica Minas consolida parcerias para exporta\u00e7\u00e3o de caf\u00e9 no Estado"},"content":{"rendered":"<h4><strong><em>Programa \u00e9 desenvolvido pela Emater-MG para adequar as propriedades cafeeiras \u00e0s normas internacionais<\/em><\/strong><\/h4>\n<p>A parceria entre o programa Certifica Minas Caf\u00e9 e a certificadora internacional UTZ Certified j\u00e1 est\u00e1 beneficiando 59 propriedades de caf\u00e9 de Minas Gerais que conseguiram um dos mais valorizados certificados do mundo. A UTZ Certified \u00e9 um programa internacional de certifica\u00e7\u00e3o que determina normas para a produ\u00e7\u00e3o sustent\u00e1vel e fornecimento de caf\u00e9, cacau, ch\u00e1 e \u00f3leo de palma. J\u00e1 o Certifica Minas Caf\u00e9 \u00e9 um programa desenvolvido pela Emater-MG, em parceria com a Secretaria de Estado de Agricultura, Pecu\u00e1ria e Abastecimento (Seapa) e o Instituto Mineiro de Agropecu\u00e1ria (IMA), que visa certificar propriedades de caf\u00e9 que atendam \u00e0s boas pr\u00e1ticas agr\u00edcolas em todos os est\u00e1gios da produ\u00e7\u00e3o, seguindo normas ambientais e trabalhistas reconhecidas internacionalmente.<\/p>\n<p>Gra\u00e7as a um acordo firmado no ano passado, os produtores vinculados ao programa Certifica Minas Caf\u00e9 podem ajustar as pr\u00e1ticas de produ\u00e7\u00e3o de suas propriedades ao c\u00f3digo adotado pela UTZ Certified, criado \u00e0 base do \u201cEurepGAP\u201d, que foi desenvolvido pelos varejistas europeus para garantir seguran\u00e7a alimentar e a utiliza\u00e7\u00e3o de pr\u00e1ticas apropriadas na produ\u00e7\u00e3o de vegetais. O processo de adequa\u00e7\u00e3o \u00e9 facilitado porque as pr\u00e1ticas exigidas no Certifica Minas Caf\u00e9 s\u00e3o muito semelhantes \u00e0s do protocolo da empresa europeia, sediada na Holanda.<\/p>\n<p>\u201cOs produtores que obt\u00e9m o Certifica Minas Caf\u00e9 podem fazer um requerimento \u00e0 Emater-MG solicitando tamb\u00e9m a obten\u00e7\u00e3o gratuita da certifica\u00e7\u00e3o UTZ. Existe um acordo de equival\u00eancia entre os dois programas\u201d, informa o Coordenador Estadual de Caf\u00e9 da Emater-MG, Julian Silva Carvalho. Ele explica que a UTZ \u00e9 uma das principais certificadoras do mundo neste setor e possibilita a venda de caf\u00e9s a pre\u00e7os mais elevados para o mercado internacional. A comercializa\u00e7\u00e3o do caf\u00e9 de uma propriedade certificada pela UTZ Certified e pelo Certifica Minas Caf\u00e9 pode ser feita tanto por interm\u00e9dio de uma cooperativa, quanto diretamente pelo produtor ao comprador interessado.<\/p>\n<p>As propriedades que fazem parte do programa Certifica Minas Caf\u00e9 recebem assist\u00eancia t\u00e9cnica da Emater-MG. Os t\u00e9cnicos da empresa orientam os produtores para atendimentos \u00e0s pr\u00e1ticas estabelecidas pelo programa. Em seguida, a propriedade \u00e9 auditada pelo IMA. No final do processo, a propriedade passa por uma auditoria independente, de reconhecimento internacional, e, se aprovada recebe o certificado. O Estado conta com 1633 propriedades certificadas pelo Certifica Minas, em 227 munic\u00edpios.<\/p>\n<h4>Exporta\u00e7\u00e3o<\/h4>\n<p>Outra importante parceria feita pelo programa Certifica Minas Caf\u00e9 foi com a Exportadora de Caf\u00e9 Guaxup\u00e9, uma das principais empresas privadas individuais do setor no Brasil. O primeiro lote do Certifica Minas adquirido pela exportadora, foi embarcado no ano passado para a Europa. A Exportadora de Caf\u00e9 Guaxup\u00e9 j\u00e1 tem um estoque de 10 mil sacas do Certifica Minas e, at\u00e9 o final da safra 2015, deve exportar um novo volume de 50 mil sacas. A empresa compra o produto por um pre\u00e7o superior ao que \u00e9 praticado no mercado. Os agricultores interessados encaminham as amostras de caf\u00e9 \u00e0s unidades da exportadora localizada em Guaxup\u00e9 (Sudoeste de Minas) e Manhua\u00e7u (Zona da Mata). Com as amostras, deve ser enviado o comprovante do certificado no Certifica Minas Caf\u00e9.<\/p>\n<h4>Produ\u00e7\u00e3o em Minas Gerais<\/h4>\n<p>Minas Gerais \u00e9 o maior produtor de caf\u00e9 do pa\u00eds, respons\u00e1vel 50% da safra nacional. Em 2014, foram colhidas 22,6 milh\u00f5es de sacas (60 kg) no Estado. Os cafezais ocupam cerca de um milh\u00e3o de hectares, quase todos com o plantio do caf\u00e9 ar\u00e1bica.<\/p>\n<p><strong><em>(Ag\u00eancia Minas)<\/em><\/strong><\/p>\n","protected":false},"excerpt":{"rendered":"<p>Programa \u00e9 desenvolvido pela Emater-MG para adequar as propriedades cafeeiras \u00e0s normas internacionais A parceria entre o programa Certifica Minas Caf\u00e9 e a certificadora internacional UTZ Certified j\u00e1 est\u00e1 beneficiando 59 propriedades de caf\u00e9 de Minas Gerais que conseguiram um dos mais valorizados certificados do mundo. A UTZ Certified \u00e9 um programa internacional de certifica\u00e7\u00e3o [&hellip;]<\/p>\n","protected":false},"author":1,"featured_media":12422,"comment_status":"open","ping_status":"closed","sticky":false,"template":"","format":"standard","meta":{"amp_status":"","footnotes":""},"categories":[123],"tags":[26781,3681,26775,25775,26780,26777,26776,26782,959,209,26492,26778,26779],"class_list":["post-47943","post","type-post","status-publish","format-standard","has-post-thumbnail","hentry","category-gerais","tag-cafe-guaxupe","tag-certifica-minas-cafe","tag-certifica-minas-consolida-parcerias-para-exportacao-de-cafe-no-estado","tag-emater-mg","tag-eurepgap","tag-exportacao-de-cafe","tag-exportacao-de-cafe-de-minas-gerais","tag-exportadora-de-cafe-guaxupe","tag-guaxupe","tag-manhuacu","tag-producao-de-cafe-em-minas-gerais","tag-programa-certifica-minas-cafe","tag-utz-certified"],"_links":{"self":[{"href":"https:\/\/aconteceunovale.com.br\/portal\/index.php?rest_route=\/wp\/v2\/posts\/47943","targetHints":{"allow":["GET"]}}],"collection":[{"href":"https:\/\/aconteceunovale.com.br\/portal\/index.php?rest_route=\/wp\/v2\/posts"}],"about":[{"href":"https:\/\/aconteceunovale.com.br\/portal\/index.php?rest_route=\/wp\/v2\/types\/post"}],"author":[{"embeddable":true,"href":"https:\/\/aconteceunovale.com.br\/portal\/index.php?rest_route=\/wp\/v2\/users\/1"}],"replies":[{"embeddable":true,"href":"https:\/\/aconteceunovale.com.br\/portal\/index.php?rest_route=%2Fwp%2Fv2%2Fcomments&post=47943"}],"version-history":[{"count":0,"href":"https:\/\/aconteceunovale.com.br\/portal\/index.php?rest_route=\/wp\/v2\/posts\/47943\/revisions"}],"wp:featuredmedia":[{"embeddable":true,"href":"https:\/\/aconteceunovale.com.br\/portal\/index.php?rest_route=\/wp\/v2\/media\/12422"}],"wp:attachment":[{"href":"https:\/\/aconteceunovale.com.br\/portal\/index.php?rest_route=%2Fwp%2Fv2%2Fmedia&parent=47943"}],"wp:term":[{"taxonomy":"category","embeddable":true,"href":"https:\/\/aconteceunovale.com.br\/portal\/index.php?rest_route=%2Fwp%2Fv2%2Fcategories&post=47943"},{"taxonomy":"post_tag","embeddable":true,"href":"https:\/\/aconteceunovale.com.br\/portal\/index.php?rest_route=%2Fwp%2Fv2%2Ftags&post=47943"}],"curies":[{"name":"wp","href":"https:\/\/api.w.org\/{rel}","templated":true}]}}