{"id":47941,"date":"2014-12-15T10:54:54","date_gmt":"2014-12-15T13:54:54","guid":{"rendered":"http:\/\/aconteceunovale.com.br\/portal\/?p=47941"},"modified":"2014-12-15T10:54:54","modified_gmt":"2014-12-15T13:54:54","slug":"previsao-do-tempo-para-minas-gerais-nesta-segunda-feira-15-de-dezembro","status":"publish","type":"post","link":"https:\/\/aconteceunovale.com.br\/portal\/?p=47941","title":{"rendered":"Previs\u00e3o do tempo para Minas Gerais nesta segunda-feira, 15 de dezembro"},"content":{"rendered":"<h4><strong><em>Na Regi\u00e3o Metropolitana de Belo Horizonte, o dia ser\u00e1 de c\u00e9u nublado a parcialmente nublado, possibilidade de chuvas isoladas<\/em><\/strong><\/h4>\n<p>Nesta segunda-feira, a regi\u00e3o de converg\u00eancia de umidade intensifica a frente fria sobre o litoral do Esp\u00edrito Santo e ocorrem pancadas de chuva em parte da Regi\u00e3o Sudeste do Brasil. Em Minas Gerais, o dia ser\u00e1 de c\u00e9u encoberto com pancadas de chuva a qualquer hora, no Vale do Mucuri e Rio Doce. Tempo inst\u00e1vel, com pancadas de chuva no Vale do Jequitinhonha e em \u00e1reas isoladas das mesorregi\u00f5es Central, Noroeste e Norte do Estado. Nas demais \u00e1reas c\u00e9u nublado a parcialmente nublado. Na Regi\u00e3o Metropolitana de Belo Horizonte, o dia ser\u00e1 de c\u00e9u nublado a parcialmente nublado, possibilidade de chuvas isoladas. As temperaturas oscilam entre 17 e 26\u00b0C, na capital mineira.<\/p>\n<p>A tend\u00eancia para o decorrer da semana ser\u00e1 de enfraquecimento da regi\u00e3o de converg\u00eancia de umidade, sobre Minas Gerais e, consequentemente, a redu\u00e7\u00e3o da cobertura de nuvens sobre a maior parte das mesorregi\u00f5es. Entre os dias 15 e 16 de dezembro ainda est\u00e3o previstas pancadas de chuva sobre as por\u00e7\u00f5es Central e Norte do Estado. Nas demais localidades, o sol volta aparecer com mais intensidade. As chuvas cessam entre os dias 17 e 19 de dezembro na maior parte de Minas. No decorrer do dia 20, uma nova frente fria, em combina\u00e7\u00e3o com fatores termodin\u00e2micos contribuir\u00e3o para que ocorram pancadas de chuva, acima de 50 mm, no Tri\u00e2ngulo Mineiro e Alto Parana\u00edba. Nas demais mesorregi\u00f5es mineiras podem ocorrer pancadas de chuva localizadas entre os dias 20 e 21.<\/p>\n","protected":false},"excerpt":{"rendered":"<p>Na Regi\u00e3o Metropolitana de Belo Horizonte, o dia ser\u00e1 de c\u00e9u nublado a parcialmente nublado, possibilidade de chuvas isoladas Nesta segunda-feira, a regi\u00e3o de converg\u00eancia de umidade intensifica a frente fria sobre o litoral do Esp\u00edrito Santo e ocorrem pancadas de chuva em parte da Regi\u00e3o Sudeste do Brasil. Em Minas Gerais, o dia ser\u00e1 [&hellip;]<\/p>\n","protected":false},"author":1,"featured_media":15765,"comment_status":"open","ping_status":"closed","sticky":false,"template":"","format":"standard","meta":{"amp_status":"","footnotes":""},"categories":[123],"tags":[1839,26772,26773,1841,26774,1840,1842,1876],"class_list":["post-47941","post","type-post","status-publish","format-standard","has-post-thumbnail","hentry","category-gerais","tag-previsao-do-tempo-para-minas-gerais","tag-previsao-do-tempo-para-minas-gerais-nesta-segunda-feira-15-de-dezembro","tag-previsao-do-tempo-para-o-leste-de-minas","tag-previsao-do-tempo-para-o-norte-de-minas","tag-previsao-do-tempo-para-o-vale-do-aco","tag-previsao-do-tempo-para-o-vale-do-jequitinhonha","tag-previsao-do-tempo-para-o-vale-do-mucuri","tag-previsao-do-tempo-para-o-vale-do-rio-doce"],"_links":{"self":[{"href":"https:\/\/aconteceunovale.com.br\/portal\/index.php?rest_route=\/wp\/v2\/posts\/47941","targetHints":{"allow":["GET"]}}],"collection":[{"href":"https:\/\/aconteceunovale.com.br\/portal\/index.php?rest_route=\/wp\/v2\/posts"}],"about":[{"href":"https:\/\/aconteceunovale.com.br\/portal\/index.php?rest_route=\/wp\/v2\/types\/post"}],"author":[{"embeddable":true,"href":"https:\/\/aconteceunovale.com.br\/portal\/index.php?rest_route=\/wp\/v2\/users\/1"}],"replies":[{"embeddable":true,"href":"https:\/\/aconteceunovale.com.br\/portal\/index.php?rest_route=%2Fwp%2Fv2%2Fcomments&post=47941"}],"version-history":[{"count":0,"href":"https:\/\/aconteceunovale.com.br\/portal\/index.php?rest_route=\/wp\/v2\/posts\/47941\/revisions"}],"wp:featuredmedia":[{"embeddable":true,"href":"https:\/\/aconteceunovale.com.br\/portal\/index.php?rest_route=\/wp\/v2\/media\/15765"}],"wp:attachment":[{"href":"https:\/\/aconteceunovale.com.br\/portal\/index.php?rest_route=%2Fwp%2Fv2%2Fmedia&parent=47941"}],"wp:term":[{"taxonomy":"category","embeddable":true,"href":"https:\/\/aconteceunovale.com.br\/portal\/index.php?rest_route=%2Fwp%2Fv2%2Fcategories&post=47941"},{"taxonomy":"post_tag","embeddable":true,"href":"https:\/\/aconteceunovale.com.br\/portal\/index.php?rest_route=%2Fwp%2Fv2%2Ftags&post=47941"}],"curies":[{"name":"wp","href":"https:\/\/api.w.org\/{rel}","templated":true}]}}