{"id":47939,"date":"2014-12-15T10:44:24","date_gmt":"2014-12-15T13:44:24","guid":{"rendered":"http:\/\/aconteceunovale.com.br\/portal\/?p=47939"},"modified":"2014-12-15T10:44:24","modified_gmt":"2014-12-15T13:44:24","slug":"plantao-do-samu-no-norte-de-minas-gerais-12-a-14-de-dezembro-de-2014","status":"publish","type":"post","link":"https:\/\/aconteceunovale.com.br\/portal\/?p=47939","title":{"rendered":"Plant\u00e3o do Samu no Norte de Minas Gerais &#8211; 12 a 14 de dezembro de 2014"},"content":{"rendered":"<h4><em><strong>Final de semana, 12 a 14 de dezembro de 2014<\/strong><\/em><\/h4>\n<p>A unidade do SAMU de Montes Claros realizou neste final de semana, 12 a 14\/12, 156 atendimentos, sendo 89 casos cl\u00ednicos; 60 v\u00edtimas de acidentes de tr\u00e2nsito, 03 v\u00edtimas de ferimento por arma branca, 02 v\u00edtimas de agress\u00e3o, 01 por ferimento por arma de fogo e 01 por picada de escorpi\u00e3o.<\/p>\n<p>Entre os acidentes de tr\u00e2nsito, dois foram com m\u00faltiplas v\u00edtimas. Um deles ocorreu no s\u00e1bado, 13\/12, por volta das 14 horas, na BR-251, km 443, pr\u00f3ximo a Gr\u00e3o Mogol. Um van vindo do Paran\u00e1 capotou e duas pessoas morreram e 13 ficaram feridas. Morreram no local, Jos\u00e9 Carlos Oliveira Felicitosa, de 37 anos, e Raquel dos Santos Vieira, 18 anos, que estava gr\u00e1vida de 5 meses. As v\u00edtimas feridas foram socorridas e encaminhadas aos hospitais de Montes Claros e Francisco S\u00e1.<\/p>\n<p>O outro acidente ocorreu no s\u00e1bado, 13\/12, por volta das 16h30, na BR-135, entrada de Bocaiuva, envolvendo um caminh\u00e3o e um ve\u00edculo (Siena) com placa de S\u00e3o Paulo. Os dois ve\u00edculos colidiram e o motorista do carro, Sebasti\u00e3o Otaviano Rodrigues, de 61 anos, morreu no local do acidente. Outros quatro ocupantes do ve\u00edculo, sendo uma mulher de 23 anos, uma crian\u00e7a de 8 anos, um beb\u00ea de 7 meses e um homem de 43 anos ficaram feridos e foram encaminhados aos hospitais de Bocaiuva e Montes Claros. O condutor da carreta tamb\u00e9m ficou ferido e foi encaminhado ao hospital de Bocaiuva.<\/p>\n<p>Ainda no s\u00e1bado, por volta das 15h30, ocorreu um capotamento de caminh\u00e3o na BR-135, km 378, e um homem de 33 anos, que conduzia o caminh\u00e3o, ficou gravemente ferido, sendo encaminhado para a Santa Casa de Montes Claros.<\/p>\n<p>Na \u00e1rea urbana de Montes Claros foram realizados 38 atendimentos a v\u00edtimas de acidente de tr\u00e2nsito, todos envolvendo motocicleta.<\/p>\n<p>Entre as v\u00edtimas de agress\u00e3o f\u00edsica est\u00e3o um homem de 43 anos, ferido na cabe\u00e7a na Vila Greice; um homem de 55 anos, no bairro Independ\u00eancia, que apresentava ferimentos na face; e uma mulher de 48 anos, no bairro Morrinhos, que relata ter sido agredida pela filha.<\/p>\n<p>Entre as v\u00edtimas feridas por arma branca est\u00e3o um homem de 35 anos, que sofreu ferimentos nas costas, na Vila Sion; e um homem de 47 anos, ferido no t\u00f3rax, na Vila Greice.<\/p>\n<p>Por volta das 21h de sexta-feira, 12\/12, um homem de 19 anos foi ferido por arma de fogo no bairro Santo In\u00e1cio II; e na madrugada de s\u00e1bado, por volta das 4h40, a unidade do Samu foi acionada para atendimento a um homem de 19 anos que foi picado por escorpi\u00e3o, no bairro Monte Alegre.<\/p>\n<p>Em todas as ocorr\u00eancias os feridos receberam os primeiros atendimentos no local e foram encaminhados ao hospital para avalia\u00e7\u00e3o.<\/p>\n","protected":false},"excerpt":{"rendered":"<p>Final de semana, 12 a 14 de dezembro de 2014 A unidade do SAMU de Montes Claros realizou neste final de semana, 12 a 14\/12, 156 atendimentos, sendo 89 casos cl\u00ednicos; 60 v\u00edtimas de acidentes de tr\u00e2nsito, 03 v\u00edtimas de ferimento por arma branca, 02 v\u00edtimas de agress\u00e3o, 01 por ferimento por arma de fogo [&hellip;]<\/p>\n","protected":false},"author":1,"featured_media":46383,"comment_status":"open","ping_status":"closed","sticky":false,"template":"","format":"standard","meta":{"amp_status":"","footnotes":""},"categories":[1236],"tags":[16094,26284,22467,645,1395,1153,26658,210,26770,26771,18629,21139,4040,26747],"class_list":["post-47939","post","type-post","status-publish","format-standard","has-post-thumbnail","hentry","category-norte_de_minas","tag-atendimentos-do-samu-de-montes-claros","tag-atendimentos-do-samu-do-norte-de-minas","tag-atendimentos-do-samu-macro-norte","tag-bocaiuva","tag-francisco-sa","tag-grao-mogol","tag-jose-carlos-oliveira-felicitosa","tag-montes-claros","tag-plantao-do-samu-no-norte-de-minas-gerais-12-a-14-de-dezembro-de-2014","tag-raquel-dos-santos-vieira","tag-samu-de-montes-claros","tag-samu-do-norte-de-minas","tag-samu-macro-norte","tag-sebastiao-otaviano-rodrigues"],"_links":{"self":[{"href":"https:\/\/aconteceunovale.com.br\/portal\/index.php?rest_route=\/wp\/v2\/posts\/47939","targetHints":{"allow":["GET"]}}],"collection":[{"href":"https:\/\/aconteceunovale.com.br\/portal\/index.php?rest_route=\/wp\/v2\/posts"}],"about":[{"href":"https:\/\/aconteceunovale.com.br\/portal\/index.php?rest_route=\/wp\/v2\/types\/post"}],"author":[{"embeddable":true,"href":"https:\/\/aconteceunovale.com.br\/portal\/index.php?rest_route=\/wp\/v2\/users\/1"}],"replies":[{"embeddable":true,"href":"https:\/\/aconteceunovale.com.br\/portal\/index.php?rest_route=%2Fwp%2Fv2%2Fcomments&post=47939"}],"version-history":[{"count":0,"href":"https:\/\/aconteceunovale.com.br\/portal\/index.php?rest_route=\/wp\/v2\/posts\/47939\/revisions"}],"wp:featuredmedia":[{"embeddable":true,"href":"https:\/\/aconteceunovale.com.br\/portal\/index.php?rest_route=\/wp\/v2\/media\/46383"}],"wp:attachment":[{"href":"https:\/\/aconteceunovale.com.br\/portal\/index.php?rest_route=%2Fwp%2Fv2%2Fmedia&parent=47939"}],"wp:term":[{"taxonomy":"category","embeddable":true,"href":"https:\/\/aconteceunovale.com.br\/portal\/index.php?rest_route=%2Fwp%2Fv2%2Fcategories&post=47939"},{"taxonomy":"post_tag","embeddable":true,"href":"https:\/\/aconteceunovale.com.br\/portal\/index.php?rest_route=%2Fwp%2Fv2%2Ftags&post=47939"}],"curies":[{"name":"wp","href":"https:\/\/api.w.org\/{rel}","templated":true}]}}