{"id":47932,"date":"2014-12-14T20:53:14","date_gmt":"2014-12-14T23:53:14","guid":{"rendered":"http:\/\/aconteceunovale.com.br\/portal\/?p=47932"},"modified":"2014-12-14T20:53:14","modified_gmt":"2014-12-14T23:53:14","slug":"familia-que-morreu-em-acidente-na-br-040-e-sepultada-em-belo-horizonte","status":"publish","type":"post","link":"https:\/\/aconteceunovale.com.br\/portal\/?p=47932","title":{"rendered":"Fam\u00edlia que morreu em acidente na BR-040 \u00e9 sepultada em Belo Horizonte"},"content":{"rendered":"<h4><strong><em>Coordenador do curso de direito da PUC Minas, a esposa e seus dois filhos de 6 e 8 anos morreram depois que o carro em que ele estavam bateu em uma \u00e1rvore na tarde de s\u00e1bado em Nova Lima.<\/em><\/strong><\/h4>\n<p>O vel\u00f3rio 2 do cemit\u00e9rio Bosque da Esperan\u00e7a, em Venda Nova, ficou pequeno para receber parentes, amigos e colegas de profiss\u00e3o da fam\u00edlia do coordenador do curso de direito da PUC Minas, Guilherme Jos\u00e9 Ferreira da Silva, de 40 anos, morto no in\u00edcio da noite deste s\u00e1bado, no KM-557 da BR-040, em Nova Lima, num acidente que matou tamb\u00e9m sua mulher, Fl\u00e1via Ferreira Medeiros, de 39, e os filhos Vitor, de 8, e Mateus Medeiros Silva, de 6. Entre os quatro caix\u00f5es, dois para adultos e dois pequenos, passaram familiares, jovens advogados, colegas das crian\u00e7as mortas, que estudavam no Col\u00e9gio Marista Dom Silv\u00e9rio e muitos amigos.<\/p>\n<p>Coroas de flores com mensagens de alunos e professores da PUC-MG e de escrit\u00f3rios de advocacia se acumularam nos corredores que levavam ao vel\u00f3rio. Duas bandeiras do Am\u00e9rica Futebol Clube que \u00e9 o clube de cora\u00e7\u00e3o da fam\u00edlia foram abertas e cobriram parte dos caix\u00f5es de Guilherme e Vitor. Os corpos foram sepultados por volta de 18h30, em dois jazigos vizinhos.<\/p>\n<p>A fam\u00edlia n\u00e3o quis conceder entrevista no cemit\u00e9rio, mas comentou que a not\u00edcia do acidente chegou por volta de 21h, 3 horas depois do ocorrido. &#8220;Foi uma fatalidade. O Guilherme era muito prudente na dire\u00e7\u00e3o e fazia quest\u00e3o de dirigir com seguran\u00e7a, sem correrias&#8221;, disse o engenheiro Henrique, irm\u00e3o do coordenador do curso de direito.<\/p>\n<p><img decoding=\"async\" src=\"http:\/\/aconteceunovale.com.br\/portal\/wp-content\/uploads\/2014\/12\/sepultamento_familia_coordenador_puc_mg.jpg\" alt=\"\" \/><em>Os corpos foram sepultados por volta de 18h30 &#8211; Foto: Paulo Filgueiras\/Estado de Minas<\/em><br \/>\n<\/br><\/p>\n<p><strong><em>(Fonte: Jornal Estado de Minas)<\/em><\/strong><\/p>\n","protected":false},"excerpt":{"rendered":"<p>Coordenador do curso de direito da PUC Minas, a esposa e seus dois filhos de 6 e 8 anos morreram depois que o carro em que ele estavam bateu em uma \u00e1rvore na tarde de s\u00e1bado em Nova Lima. O vel\u00f3rio 2 do cemit\u00e9rio Bosque da Esperan\u00e7a, em Venda Nova, ficou pequeno para receber parentes, [&hellip;]<\/p>\n","protected":false},"author":1,"featured_media":47933,"comment_status":"open","ping_status":"closed","sticky":false,"template":"","format":"standard","meta":{"amp_status":"","footnotes":""},"categories":[123],"tags":[194,26765,26764,26669,26763,26675,26674,26676,1496,26677],"class_list":["post-47932","post","type-post","status-publish","format-standard","has-post-thumbnail","hentry","category-gerais","tag-belo-horizonte","tag-colegio-marista-dom-silverio","tag-coordenador-do-curso-de-direito-da-puc","tag-coordenador-do-curso-de-direito-da-puc-minas","tag-familia-que-morreu-em-acidente-na-br-040-e-sepultada-em-belo-horizonte","tag-flavia-ferreira-medeiros","tag-guilherme-jose-ferreira-da-silva","tag-mateus-medeiros-silva","tag-nova-lima","tag-vitor-medeiros-silva"],"_links":{"self":[{"href":"https:\/\/aconteceunovale.com.br\/portal\/index.php?rest_route=\/wp\/v2\/posts\/47932","targetHints":{"allow":["GET"]}}],"collection":[{"href":"https:\/\/aconteceunovale.com.br\/portal\/index.php?rest_route=\/wp\/v2\/posts"}],"about":[{"href":"https:\/\/aconteceunovale.com.br\/portal\/index.php?rest_route=\/wp\/v2\/types\/post"}],"author":[{"embeddable":true,"href":"https:\/\/aconteceunovale.com.br\/portal\/index.php?rest_route=\/wp\/v2\/users\/1"}],"replies":[{"embeddable":true,"href":"https:\/\/aconteceunovale.com.br\/portal\/index.php?rest_route=%2Fwp%2Fv2%2Fcomments&post=47932"}],"version-history":[{"count":0,"href":"https:\/\/aconteceunovale.com.br\/portal\/index.php?rest_route=\/wp\/v2\/posts\/47932\/revisions"}],"wp:featuredmedia":[{"embeddable":true,"href":"https:\/\/aconteceunovale.com.br\/portal\/index.php?rest_route=\/wp\/v2\/media\/47933"}],"wp:attachment":[{"href":"https:\/\/aconteceunovale.com.br\/portal\/index.php?rest_route=%2Fwp%2Fv2%2Fmedia&parent=47932"}],"wp:term":[{"taxonomy":"category","embeddable":true,"href":"https:\/\/aconteceunovale.com.br\/portal\/index.php?rest_route=%2Fwp%2Fv2%2Fcategories&post=47932"},{"taxonomy":"post_tag","embeddable":true,"href":"https:\/\/aconteceunovale.com.br\/portal\/index.php?rest_route=%2Fwp%2Fv2%2Ftags&post=47932"}],"curies":[{"name":"wp","href":"https:\/\/api.w.org\/{rel}","templated":true}]}}