{"id":47929,"date":"2014-12-14T20:35:47","date_gmt":"2014-12-14T23:35:47","guid":{"rendered":"http:\/\/aconteceunovale.com.br\/portal\/?p=47929"},"modified":"2014-12-14T20:35:47","modified_gmt":"2014-12-14T23:35:47","slug":"animais-vao-para-o-ceu-fala-do-papa-francisco-reabre-discussao","status":"publish","type":"post","link":"https:\/\/aconteceunovale.com.br\/portal\/?p=47929","title":{"rendered":"Animais v\u00e3o para o c\u00e9u? Fala do Papa Francisco reabre discuss\u00e3o"},"content":{"rendered":"<h4><strong><em>Tema foi uma das pol\u00eamicas da semana ap\u00f3s artigo do New York Times em que o papa argentino aparece dizendo que toda a cria\u00e7\u00e3o pode viver a eternidade de Cristo.<\/em><\/strong><\/h4>\n<p>Quem j\u00e1 se despediu de um pet querido provavelmente se perguntou sobre o que acontece com eles. Se a tem\u00e1tica de vida ap\u00f3s a morte j\u00e1 \u00e9 pol\u00eamica ao se referir a seres humanos, quando os sujeitos s\u00e3o animais ela n\u00e3o deixa a desejar. Ainda mais quando o l\u00edder da Igreja Cat\u00f3lica decide falar sobre isso.<\/p>\n<p><img decoding=\"async\" src=\"http:\/\/aconteceunovale.com.br\/portal\/wp-content\/uploads\/2014\/12\/animais_vao_para_o_ceu.jpg\" alt=\"\" \/><strong><em>Oficialmente, a Igreja Cat\u00f3lica n\u00e3o tem uma posi\u00e7\u00e3o sobre a vida ap\u00f3s a morte para animais &#8211; Foto: Reuters \/ Osservatore Romano<\/em><\/strong><br \/>\n<\/br><\/p>\n<p>O assunto ganhou for\u00e7a mundo afora essa semana ap\u00f3s o jornal americano New York Times publicar uma mat\u00e9ria em que o pont\u00edfice aparece no centro da discuss\u00e3o. Em uma primeira vers\u00e3o, a publica\u00e7\u00e3o diz que o papa Francisco afirmou que vamos rever nossos animais na eternidade. A afirma\u00e7\u00e3o em si foi o suficiente para acender o debate entre defensores dos direitos dos animais, empres\u00e1rios do mercado de carnes e te\u00f3logos mundo afora.<\/p>\n<p>Oficialmente, a Igreja Cat\u00f3lica n\u00e3o tem uma posi\u00e7\u00e3o sobre a vida ap\u00f3s a morte para animais, apesar de outros pont\u00edfices terem, ao longo da hist\u00f3ria, terem comentado sobre o assunto. No caso do papa argentino, o coment\u00e1rio que deu in\u00edcio a discuss\u00e3o foi feito em uma audi\u00eancia geral, no final de novembro. Falando sobre a jornada crist\u00e3, Francisco indicou que a ressurrei\u00e7\u00e3o e vida posterior podem ser algo planejado para toda a cria\u00e7\u00e3o, e n\u00e3o s\u00f3 para os seres humanos.<\/p>\n<p>\u201cA sagrada escritura nos ensina que a realiza\u00e7\u00e3o deste projeto maravilhoso pode tamb\u00e9m afetar tudo ao nosso redor, e que saiu do pensamento e do cora\u00e7\u00e3o de Deus\u201d, diz. \u201cO Ap\u00f3stolo Paulo diz explicitamente, quando ele diz que &#8216;a pr\u00f3pria cria\u00e7\u00e3o ser\u00e1 redimida do cativeiro da corrup\u00e7\u00e3o, para a liberdade da gl\u00f3ria dos filhos de Deus&#8217; (Rm 8:21)\u201d, completa.<\/p>\n<p>O papa ainda afirma que outros textos se referem \u00e0 imagem do \u201cnovo c\u00e9u\u201d e da \u201cnova terra\u201d como o universo todo renovado e liberados de todos os vest\u00edgios do mal e da pr\u00f3pria morte. \u201cO que vem pela frente (&#8230;) \u00e9, portanto, uma nova cria\u00e7\u00e3o; n\u00e3o \u00e9 uma aniquila\u00e7\u00e3o do universo e de tudo o que nos rodeia, mas \u00e9 trazer tudo para a sua plenitude de ser, verdade, beleza\u201d, conclui.<\/p>\n<p>Apesar de n\u00e3o dizer diretamente que os animais tamb\u00e9m ser\u00e3o aceitos na eternidade, a fala do papa em exerc\u00edcio faz essa interpreta\u00e7\u00e3o parecer poss\u00edvel. Antes dele, em uma afirma\u00e7\u00e3o ainda mais pol\u00eamica e direta, o papa Paulo VI disse \u00e0 um garoto triste pela perda de seu cachorro que \u201cum dia, veremos nossos animais na eternidade de Cristo\u201d.<\/p>\n<p>Na contram\u00e3o, dois dos \u00faltimos tr\u00eas papas refutaram a ideia publicamente. O \u00faltimo deles, Bento XVI, disse em 2008 que para \u201coutras criaturas, que n\u00e3o s\u00e3o chamados para a eternidade, a morte significa apenas o fim da exist\u00eancia na terra\u201d. Jo\u00e3o Paulo II compartilhava da opini\u00e3o. O papa polon\u00eas citou o sopro de vida dado por Deus ao homem, relatado em G\u00eanesis, para comprovar a exist\u00eancia de um esp\u00edrito (e alma) nos homens e n\u00e3o nos animais.<\/p>\n<p><strong><em>(Di\u00e1rio de Pernambuco)<\/em><\/strong><\/p>\n","protected":false},"excerpt":{"rendered":"<p>Tema foi uma das pol\u00eamicas da semana ap\u00f3s artigo do New York Times em que o papa argentino aparece dizendo que toda a cria\u00e7\u00e3o pode viver a eternidade de Cristo. Quem j\u00e1 se despediu de um pet querido provavelmente se perguntou sobre o que acontece com eles. Se a tem\u00e1tica de vida ap\u00f3s a morte [&hellip;]<\/p>\n","protected":false},"author":1,"featured_media":47930,"comment_status":"open","ping_status":"closed","sticky":false,"template":"","format":"standard","meta":{"amp_status":"","footnotes":""},"categories":[6],"tags":[26759,26758,26760,946,26761,26762],"class_list":["post-47929","post","type-post","status-publish","format-standard","has-post-thumbnail","hentry","category-br","tag-animais-vao-para-o-ceu","tag-animais-vao-para-o-ceu-fala-do-papa-francisco-reabre-discussao","tag-fala-do-papa-francisco-reabre-discussao","tag-papa-francisco","tag-para-onde-vamos-apos-a-morte","tag-para-onde-vao-os-animais-apos-a-morte"],"_links":{"self":[{"href":"https:\/\/aconteceunovale.com.br\/portal\/index.php?rest_route=\/wp\/v2\/posts\/47929","targetHints":{"allow":["GET"]}}],"collection":[{"href":"https:\/\/aconteceunovale.com.br\/portal\/index.php?rest_route=\/wp\/v2\/posts"}],"about":[{"href":"https:\/\/aconteceunovale.com.br\/portal\/index.php?rest_route=\/wp\/v2\/types\/post"}],"author":[{"embeddable":true,"href":"https:\/\/aconteceunovale.com.br\/portal\/index.php?rest_route=\/wp\/v2\/users\/1"}],"replies":[{"embeddable":true,"href":"https:\/\/aconteceunovale.com.br\/portal\/index.php?rest_route=%2Fwp%2Fv2%2Fcomments&post=47929"}],"version-history":[{"count":0,"href":"https:\/\/aconteceunovale.com.br\/portal\/index.php?rest_route=\/wp\/v2\/posts\/47929\/revisions"}],"wp:featuredmedia":[{"embeddable":true,"href":"https:\/\/aconteceunovale.com.br\/portal\/index.php?rest_route=\/wp\/v2\/media\/47930"}],"wp:attachment":[{"href":"https:\/\/aconteceunovale.com.br\/portal\/index.php?rest_route=%2Fwp%2Fv2%2Fmedia&parent=47929"}],"wp:term":[{"taxonomy":"category","embeddable":true,"href":"https:\/\/aconteceunovale.com.br\/portal\/index.php?rest_route=%2Fwp%2Fv2%2Fcategories&post=47929"},{"taxonomy":"post_tag","embeddable":true,"href":"https:\/\/aconteceunovale.com.br\/portal\/index.php?rest_route=%2Fwp%2Fv2%2Ftags&post=47929"}],"curies":[{"name":"wp","href":"https:\/\/api.w.org\/{rel}","templated":true}]}}