{"id":47925,"date":"2014-12-14T18:51:51","date_gmt":"2014-12-14T21:51:51","guid":{"rendered":"http:\/\/aconteceunovale.com.br\/portal\/?p=47925"},"modified":"2014-12-14T20:58:41","modified_gmt":"2014-12-14T23:58:41","slug":"acidente-envolvendo-carro-e-carreta-deixa-um-morto-e-quatro-feridos-em-bocaiuva","status":"publish","type":"post","link":"https:\/\/aconteceunovale.com.br\/portal\/?p=47925","title":{"rendered":"Acidente envolvendo carro e carreta deixa um morto e quatro feridos em Bocaiuva"},"content":{"rendered":"<h4><strong><em>Motorista do carro de passeio tentava atravessar a BR-135, quando foi atingido pela carreta.<\/em><\/strong> <\/h4>\n<p>Um acidente envolvendo um carro e uma carreta deixou uma pessoa morta e quatro feridas na tarde desse s\u00e1bado, 13 de dezembro, na BR-135, no munic\u00edpio de Bocaiuva, no Norte de Minas Gerais.<\/p>\n<p>De acordo com informa\u00e7\u00f5es do Corpo de Bombeiros, o condutor do ve\u00edculo Siena com placas de Miracatu\/SP tentava atravessar a rodovia, quando foi atingido por uma carreta Scania, placas de Tobias Barreto\/SP.<\/p>\n<p>Com o impacto da batida, Sebasti\u00e3o Otaviano Rodrigues, de 61 anos, que conduzia o Siena, n\u00e3o resistiu aos graves ferimentos e morreu no local. Karina Cunha Pedroso, de 23 anos, Ot\u00e1vio Cunha Rodrigues, de 7 meses, Tha\u00eds Cunha Ribeiro, de 8 anos, e Vilmo de Souza Santos, de 43 anos, ficaram feridos. Eles foram socorridos por equipes do Servi\u00e7o de Atendimento M\u00f3vel de Urg\u00eancia (SAMU) e encaminhados para atendimento m\u00e9dico.<\/p>\n<p>O motorista da carreta, Jos\u00e9 Cl\u00e1udio Silva de Jesus, de 35 anos, n\u00e3o ficou ferido.<\/p>\n<p><img decoding=\"async\" src=\"http:\/\/aconteceunovale.com.br\/portal\/wp-content\/uploads\/2014\/12\/acidente_bocaiuva_13_12_1.jpg\" alt=\"\" \/><em>Acidente aconteceu no trevo da BR-135, pr\u00f3ximo \u00e0 f\u00e1brica de doces Jabolac, em Bocaiuva &#8211; Foto: Hebert Vinicius\/Jornal Universo Bocaiuvense<\/em><\/p>\n","protected":false},"excerpt":{"rendered":"<p>Motorista do carro de passeio tentava atravessar a BR-135, quando foi atingido pela carreta. Um acidente envolvendo um carro e uma carreta deixou uma pessoa morta e quatro feridas na tarde desse s\u00e1bado, 13 de dezembro, na BR-135, no munic\u00edpio de Bocaiuva, no Norte de Minas Gerais. De acordo com informa\u00e7\u00f5es do Corpo de Bombeiros, [&hellip;]<\/p>\n","protected":false},"author":1,"featured_media":47926,"comment_status":"open","ping_status":"closed","sticky":false,"template":"","format":"standard","meta":{"amp_status":"","footnotes":""},"categories":[1236],"tags":[26745,26743,26742,26753,18467,26741,645,26752,26748,26744,26749,26747,26754,26755,26757,26756,26750,26746,26751],"class_list":["post-47925","post","type-post","status-publish","format-standard","has-post-thumbnail","hentry","category-norte_de_minas","tag-acidente-com-carreta-de-tobias-barreto","tag-acidente-com-carro-de-miracatu","tag-acidente-com-siena-de-miracatu","tag-acidente-com-taxista-de-miracatu","tag-acidente-em-bocaiuva","tag-acidente-envolvendo-carro-e-carreta-deixa-um-morto-e-quatro-feridos-em-bocaiuva","tag-bocaiuva","tag-jose-claudio-silva-de-jesus","tag-karina-cunha-pedroso","tag-miracatu","tag-otavio-cunha-rodrigues","tag-sebastiao-otaviano-rodrigues","tag-taxista-de-miracatu","tag-taxista-de-miracatu-morre-em-acidente-em-bocaiuva","tag-taxista-de-miracatu-morre-em-acidente-em-minas-gerais","tag-taxista-de-miracatu-morre-em-acidente-no-norte-de-minas-gerais","tag-thais-cunha-ribeiro","tag-tobias-barreto","tag-vilmo-de-souza-santos"],"_links":{"self":[{"href":"https:\/\/aconteceunovale.com.br\/portal\/index.php?rest_route=\/wp\/v2\/posts\/47925","targetHints":{"allow":["GET"]}}],"collection":[{"href":"https:\/\/aconteceunovale.com.br\/portal\/index.php?rest_route=\/wp\/v2\/posts"}],"about":[{"href":"https:\/\/aconteceunovale.com.br\/portal\/index.php?rest_route=\/wp\/v2\/types\/post"}],"author":[{"embeddable":true,"href":"https:\/\/aconteceunovale.com.br\/portal\/index.php?rest_route=\/wp\/v2\/users\/1"}],"replies":[{"embeddable":true,"href":"https:\/\/aconteceunovale.com.br\/portal\/index.php?rest_route=%2Fwp%2Fv2%2Fcomments&post=47925"}],"version-history":[{"count":0,"href":"https:\/\/aconteceunovale.com.br\/portal\/index.php?rest_route=\/wp\/v2\/posts\/47925\/revisions"}],"wp:featuredmedia":[{"embeddable":true,"href":"https:\/\/aconteceunovale.com.br\/portal\/index.php?rest_route=\/wp\/v2\/media\/47926"}],"wp:attachment":[{"href":"https:\/\/aconteceunovale.com.br\/portal\/index.php?rest_route=%2Fwp%2Fv2%2Fmedia&parent=47925"}],"wp:term":[{"taxonomy":"category","embeddable":true,"href":"https:\/\/aconteceunovale.com.br\/portal\/index.php?rest_route=%2Fwp%2Fv2%2Fcategories&post=47925"},{"taxonomy":"post_tag","embeddable":true,"href":"https:\/\/aconteceunovale.com.br\/portal\/index.php?rest_route=%2Fwp%2Fv2%2Ftags&post=47925"}],"curies":[{"name":"wp","href":"https:\/\/api.w.org\/{rel}","templated":true}]}}