{"id":47922,"date":"2014-12-14T18:01:07","date_gmt":"2014-12-14T21:01:07","guid":{"rendered":"http:\/\/aconteceunovale.com.br\/portal\/?p=47922"},"modified":"2014-12-14T18:01:07","modified_gmt":"2014-12-14T21:01:07","slug":"oftalmologista-alerta-para-cuidados-com-os-olhos-durante-o-verao","status":"publish","type":"post","link":"https:\/\/aconteceunovale.com.br\/portal\/?p=47922","title":{"rendered":"Oftalmologista alerta para cuidados com os olhos durante o ver\u00e3o"},"content":{"rendered":"<p>O ver\u00e3o come\u00e7a no pr\u00f3ximo dia 21. Durante a esta\u00e7\u00e3o, com dias mais quentes e maior exposi\u00e7\u00e3o ao sol, os cuidados com a sa\u00fade, principalmente com os olhos, devem aumentar. Os raios ultravioleta (UVB) est\u00e3o mais agressivos nesta \u00e9poca do ano, quando os riscos de queimaduras, irrita\u00e7\u00f5es na c\u00f3rnea e doen\u00e7as infecciosas tamb\u00e9m s\u00e3o maiores.<\/p>\n<p>Segundo Marcus S\u00e1fady, presidente da Sociedade Brasileira de Oftalmologia, a exposi\u00e7\u00e3o prolongada aos raios solares, sem prote\u00e7\u00e3o adequada, pode acarretar a ceratite act\u00ednica e o pter\u00edgio. &#8220;A ceratite act\u00ednica \u00e9 uma inflama\u00e7\u00e3o na c\u00f3rnea, que costuma ocorrer em pacientes expostos de 6 a 12 horas ao sol. Os sintomas s\u00e3o vermelhid\u00e3o, dor na regi\u00e3o e sensa\u00e7\u00e3o de areia. O tratamento \u00e9 feito com aplica\u00e7\u00e3o de soro fisiol\u00f3gico.&#8221;<\/p>\n<p>&#8220;J\u00e1 o pter\u00edgio, altera\u00e7\u00e3o na membrana que recobre o olho, \u00e9 resultado de anos de exposi\u00e7\u00e3o ao sol e \u00e0 poeira. A doen\u00e7a \u00e9 caracterizada pelo crescimento de uma massa vermelha na dire\u00e7\u00e3o da c\u00f3rnea, causando desconforto. Com os sintomas, deve-se procurar um oftalmologista para indica\u00e7\u00e3o de col\u00edrio adequado e, nos casos mais graves, do procedimento cir\u00fargico&#8221;, salientou S\u00e1fady.<\/p>\n<p>Para evitar problemas com os olhos, ele recomenda o uso de bon\u00e9s e \u00f3culos escuros de qualidade, com prote\u00e7\u00e3o contra radia\u00e7\u00e3o UVA e UVB que, em excesso, podem causar danos irrevers\u00edveis. &#8220;O filtro UV protege a vis\u00e3o dos raios solares. As lentes escuras de qualidade duvidosa s\u00e3o ainda mais perigosas, pois, ao utiliz\u00e1-las, a pupila do paciente dilata, permitindo a entrada de uma quantidade maior de radia\u00e7\u00e3o. O uso prolongado dessas lentes pode causar catarata&#8221;, explicou.<\/p>\n<p>A conjuntivite tamb\u00e9m \u00e9 bastante comum no ver\u00e3o, pois a bact\u00e9ria transmissora se prolifera principalmente em altas temperaturas. A inflama\u00e7\u00e3o, que tem os mesmos sintomas da ceratite act\u00ednica, \u00e9 contagiosa e causada, entre outros fatores, por \u00e1gua do mar contaminada e excesso ou falta de cloro em piscinas. O tratamento \u00e9 com aplica\u00e7\u00e3o de \u00e1gua filtrada ou soro fisiol\u00f3gico. Recomenda-se evitar locais com alta concentra\u00e7\u00e3o de pessoas.<\/p>\n<p>De acordo com o presidente da Sociedade Brasileira de Oftalmologia, qualquer tratamento deve ser prescrito por um oftalmologista. Ele acrescentou que medicamentos, como pomadas e col\u00edrios, n\u00e3o devem ser utilizados sem prescri\u00e7\u00e3o m\u00e9dica.<\/p>\n<p><strong><em>(Ag\u00eancia Brasil)<\/em><\/strong><\/p>\n","protected":false},"excerpt":{"rendered":"<p>O ver\u00e3o come\u00e7a no pr\u00f3ximo dia 21. Durante a esta\u00e7\u00e3o, com dias mais quentes e maior exposi\u00e7\u00e3o ao sol, os cuidados com a sa\u00fade, principalmente com os olhos, devem aumentar. Os raios ultravioleta (UVB) est\u00e3o mais agressivos nesta \u00e9poca do ano, quando os riscos de queimaduras, irrita\u00e7\u00f5es na c\u00f3rnea e doen\u00e7as infecciosas tamb\u00e9m s\u00e3o maiores. [&hellip;]<\/p>\n","protected":false},"author":1,"featured_media":47923,"comment_status":"open","ping_status":"closed","sticky":false,"template":"","format":"standard","meta":{"amp_status":"","footnotes":""},"categories":[6],"tags":[26736,26737,19439,26735,26740,26734,26730,26733,26738,26732,26739,26731],"class_list":["post-47922","post","type-post","status-publish","format-standard","has-post-thumbnail","hentry","category-br","tag-cuidado-com-os-olhos","tag-cuidado-com-os-olhos-no-verao","tag-cuidados","tag-doencas","tag-marcus-safady","tag-oftalmologista","tag-oftalmologista-alerta-para-cuidados-com-os-olhos-durante-o-verao","tag-olhos","tag-raios-ultravioleta","tag-sol","tag-uvb","tag-verao"],"_links":{"self":[{"href":"https:\/\/aconteceunovale.com.br\/portal\/index.php?rest_route=\/wp\/v2\/posts\/47922","targetHints":{"allow":["GET"]}}],"collection":[{"href":"https:\/\/aconteceunovale.com.br\/portal\/index.php?rest_route=\/wp\/v2\/posts"}],"about":[{"href":"https:\/\/aconteceunovale.com.br\/portal\/index.php?rest_route=\/wp\/v2\/types\/post"}],"author":[{"embeddable":true,"href":"https:\/\/aconteceunovale.com.br\/portal\/index.php?rest_route=\/wp\/v2\/users\/1"}],"replies":[{"embeddable":true,"href":"https:\/\/aconteceunovale.com.br\/portal\/index.php?rest_route=%2Fwp%2Fv2%2Fcomments&post=47922"}],"version-history":[{"count":0,"href":"https:\/\/aconteceunovale.com.br\/portal\/index.php?rest_route=\/wp\/v2\/posts\/47922\/revisions"}],"wp:featuredmedia":[{"embeddable":true,"href":"https:\/\/aconteceunovale.com.br\/portal\/index.php?rest_route=\/wp\/v2\/media\/47923"}],"wp:attachment":[{"href":"https:\/\/aconteceunovale.com.br\/portal\/index.php?rest_route=%2Fwp%2Fv2%2Fmedia&parent=47922"}],"wp:term":[{"taxonomy":"category","embeddable":true,"href":"https:\/\/aconteceunovale.com.br\/portal\/index.php?rest_route=%2Fwp%2Fv2%2Fcategories&post=47922"},{"taxonomy":"post_tag","embeddable":true,"href":"https:\/\/aconteceunovale.com.br\/portal\/index.php?rest_route=%2Fwp%2Fv2%2Ftags&post=47922"}],"curies":[{"name":"wp","href":"https:\/\/api.w.org\/{rel}","templated":true}]}}