{"id":47904,"date":"2014-12-14T13:17:12","date_gmt":"2014-12-14T16:17:12","guid":{"rendered":"http:\/\/aconteceunovale.com.br\/portal\/?p=47904"},"modified":"2014-12-14T13:17:12","modified_gmt":"2014-12-14T16:17:12","slug":"fundacao-ezequiel-dias-chama-a-atencao-para-os-cuidados-com-a-intoxicacao-alimentar","status":"publish","type":"post","link":"https:\/\/aconteceunovale.com.br\/portal\/?p=47904","title":{"rendered":"Funda\u00e7\u00e3o Ezequiel Dias chama a aten\u00e7\u00e3o para os cuidados com a intoxica\u00e7\u00e3o alimentar"},"content":{"rendered":"<h4><strong><em>Laborat\u00f3rio da Funed diagnostica cinco surtos de toxinfec\u00e7\u00e3o alimentar por m\u00eas. Com as festividades de final de ano, a tend\u00eancia \u00e9 o aumento dos casos<\/em><\/strong><\/h4>\n<p>O Laborat\u00f3rio de Microbiologia de Alimentos da Funda\u00e7\u00e3o Ezequiel Dias (Funed) recebe, todo m\u00eas, amostras para investiga\u00e7\u00e3o de pelo menos cinco surtos de toxinfec\u00e7\u00e3o alimentar. Do in\u00edcio do ano at\u00e9 o final da primeira quinzena de novembro, foram notificados 60 surtos em Minas. As amostras s\u00e3o encaminhadas para a Funed para an\u00e1lises e os laudos s\u00e3o repassados para a Vigil\u00e2ncia Sanit\u00e1ria.<\/p>\n<p><img decoding=\"async\" src=\"http:\/\/aconteceunovale.com.br\/portal\/wp-content\/uploads\/2014\/12\/fundacao-ezequiel-dias-chama-a-atencao-para-os-cuidados-com-a-intoxicacao-alimentar.jpg\" alt=\"\" \/><em>Alimentos expostos por muitas horas est\u00e3o sujeitos \u00e0 prolifera\u00e7\u00e3o de bact\u00e9rias &#8211; Foto: Thiago Mamede<\/em><br \/>\n<\/br><\/p>\n<p>Segundo a respons\u00e1vel pelo Servi\u00e7o de Microbiologia de Produtos da Funed, Junara Viana de Oliveira, os principais causadores de intoxica\u00e7\u00e3o s\u00e3o os alimentos de origem animal, como carnes, produtos de confeitaria, como salgados, sandu\u00edches e massas, gelados comest\u00edveis e produtos l\u00e1cteos.<\/p>\n<p>O alerta \u00e9 que, com a chegada do fim do ano, este n\u00famero tende a aumentar expressivamente. De acordo com Junara, as festas de confraterniza\u00e7\u00e3o de final de ano, de formaturas e outros encontros t\u00edpicos desta \u00e9poca do ano s\u00e3o sempre regados de muita comida, dos mais variados tipos e que, geralmente, ficam expostas por muitas horas nas mesas do buffet, em condi\u00e7\u00f5es sujeitas \u00e0 contamina\u00e7\u00e3o e prolifera\u00e7\u00e3o de bact\u00e9rias.<\/p>\n<p>A respons\u00e1vel pelo Servi\u00e7o de Microbiologia de Produtos da Funed conta que o n\u00famero de amostras recebidas ainda \u00e9 pequeno se comparado \u00e0s v\u00e1rias intoxica\u00e7\u00f5es ocorridas, n\u00e3o s\u00f3 em grande escala, mas tamb\u00e9m individualmente. \u201cA maioria dos casos n\u00e3o \u00e9 notificada pelas pessoas contaminadas, que passam mal com algum alimento e n\u00e3o comunicam os \u00f3rg\u00e3os respons\u00e1veis pela fiscaliza\u00e7\u00e3o\u201d, relata.<\/p>\n<p>Ela complementa dizendo que as intoxica\u00e7\u00f5es alimentares representam um problema mundial de Sa\u00fade P\u00fablica cada vez mais frequente. Entre as raz\u00f5es est\u00e3o as constantes mudan\u00e7as nos processos de produ\u00e7\u00e3o dos alimentos e a escassez de pol\u00edticas de educa\u00e7\u00e3o sanit\u00e1ria voltadas para os consumidores e produtores.<\/p>\n<p>Junara ainda esclarece que os \u00f3rg\u00e3os respons\u00e1veis pela verifica\u00e7\u00e3o em caso de contamina\u00e7\u00e3o por alimentos s\u00e3o a Vigil\u00e2ncia Sanit\u00e1ria, que recolhe amostra do alimento para an\u00e1lises e a Vigil\u00e2ncia Epidemiol\u00f3gica, que recolhe amostras cl\u00ednicas das pessoas contaminadas. Todas as amostras s\u00e3o encaminhadas para a Funed.<\/p>\n<p><strong>Boas pr\u00e1ticas no preparo de alimentos:<\/strong><\/p>\n<p>&#8211; Supervis\u00e3o da higiene pessoal e manuseio dos alimentos;<br \/>\n&#8211; Limpeza e desinfec\u00e7\u00e3o de utens\u00edlios e equipamentos utilizados no preparo dos alimentos;<br \/>\n&#8211; Uso de utens\u00edlios e equipamentos diferenciados no manuseio de alimentos crus e alimentos cozidos;<br \/>\n&#8211; Manter o alimento na temperatura ideal de armazenamento.<\/p>\n<p><strong>Principais sintomas de uma intoxica\u00e7\u00e3o alimentar: <\/strong><\/p>\n<p>&#8211; N\u00e1useas;<br \/>\n&#8211; Dores abdominais;<br \/>\n&#8211; Diarreia;<br \/>\n&#8211; V\u00f4mito;<br \/>\n&#8211; C\u00f3licas;<br \/>\n&#8211; Febre.<\/p>\n<p><strong><em>(Ag\u00eancia Minas)<\/em><\/strong><\/p>\n","protected":false},"excerpt":{"rendered":"<p>Laborat\u00f3rio da Funed diagnostica cinco surtos de toxinfec\u00e7\u00e3o alimentar por m\u00eas. Com as festividades de final de ano, a tend\u00eancia \u00e9 o aumento dos casos O Laborat\u00f3rio de Microbiologia de Alimentos da Funda\u00e7\u00e3o Ezequiel Dias (Funed) recebe, todo m\u00eas, amostras para investiga\u00e7\u00e3o de pelo menos cinco surtos de toxinfec\u00e7\u00e3o alimentar. Do in\u00edcio do ano at\u00e9 [&hellip;]<\/p>\n","protected":false},"author":1,"featured_media":47905,"comment_status":"open","ping_status":"closed","sticky":false,"template":"","format":"standard","meta":{"amp_status":"","footnotes":""},"categories":[123],"tags":[26704,26701,2559,26698,26699,26702,26700,26703],"class_list":["post-47904","post","type-post","status-publish","format-standard","has-post-thumbnail","hentry","category-gerais","tag-alimentos-expostos-por-muitas-horas-estao-sujeitos-a-contaminacao-e-proliferacao-de-bacterias","tag-boas-praticas-no-preparo-de-alimentos","tag-fundacao-ezequiel-dias","tag-fundacao-ezequiel-dias-chama-a-atencao-para-os-cuidados-com-a-intoxicacao-alimentar","tag-intoxicacao-alimentar","tag-principais-sintomas-de-uma-intoxicacao-alimentar","tag-servico-de-microbiologia-de-produtos-da-funed","tag-sintomas-de-uma-intoxicacao-alimentar"],"_links":{"self":[{"href":"https:\/\/aconteceunovale.com.br\/portal\/index.php?rest_route=\/wp\/v2\/posts\/47904","targetHints":{"allow":["GET"]}}],"collection":[{"href":"https:\/\/aconteceunovale.com.br\/portal\/index.php?rest_route=\/wp\/v2\/posts"}],"about":[{"href":"https:\/\/aconteceunovale.com.br\/portal\/index.php?rest_route=\/wp\/v2\/types\/post"}],"author":[{"embeddable":true,"href":"https:\/\/aconteceunovale.com.br\/portal\/index.php?rest_route=\/wp\/v2\/users\/1"}],"replies":[{"embeddable":true,"href":"https:\/\/aconteceunovale.com.br\/portal\/index.php?rest_route=%2Fwp%2Fv2%2Fcomments&post=47904"}],"version-history":[{"count":0,"href":"https:\/\/aconteceunovale.com.br\/portal\/index.php?rest_route=\/wp\/v2\/posts\/47904\/revisions"}],"wp:featuredmedia":[{"embeddable":true,"href":"https:\/\/aconteceunovale.com.br\/portal\/index.php?rest_route=\/wp\/v2\/media\/47905"}],"wp:attachment":[{"href":"https:\/\/aconteceunovale.com.br\/portal\/index.php?rest_route=%2Fwp%2Fv2%2Fmedia&parent=47904"}],"wp:term":[{"taxonomy":"category","embeddable":true,"href":"https:\/\/aconteceunovale.com.br\/portal\/index.php?rest_route=%2Fwp%2Fv2%2Fcategories&post=47904"},{"taxonomy":"post_tag","embeddable":true,"href":"https:\/\/aconteceunovale.com.br\/portal\/index.php?rest_route=%2Fwp%2Fv2%2Ftags&post=47904"}],"curies":[{"name":"wp","href":"https:\/\/api.w.org\/{rel}","templated":true}]}}