{"id":47895,"date":"2014-12-14T12:37:50","date_gmt":"2014-12-14T15:37:50","guid":{"rendered":"http:\/\/aconteceunovale.com.br\/portal\/?p=47895"},"modified":"2014-12-14T12:37:50","modified_gmt":"2014-12-14T15:37:50","slug":"ipatinga-e-referencia-em-arborizacao-urbana","status":"publish","type":"post","link":"https:\/\/aconteceunovale.com.br\/portal\/?p=47895","title":{"rendered":"Ipatinga \u00e9 refer\u00eancia em arboriza\u00e7\u00e3o urbana"},"content":{"rendered":"<h4><strong><em>Cidade foi representada no 28\u00ba Congresso Brasileiro de Arboriza\u00e7\u00e3o Urbana e foi muito elogiada pelos palestrantes do evento.<\/em><\/strong><\/h4>\n<p>O munic\u00edpio de Ipatinga esteve representado recentemente no 28\u00ba Congresso Brasileiro de Arboriza\u00e7\u00e3o Urbana, por interm\u00e9dio de Rafael Fernandes Castro, gerente da Infrater Engenharia, empresa que realiza servi\u00e7os de manuten\u00e7\u00e3o de parques e jardins para o munic\u00edpio.<\/p>\n<p>O evento aconteceu de 8 a 12 de novembro, na cidade do Rio de Janeiro, contando com a participa\u00e7\u00e3o de especialistas e palestrantes de diferentes partes do pa\u00eds, que produziram discuss\u00f5es com o objetivo de incentivar a reflex\u00e3o sobre a rela\u00e7\u00e3o entre cidades, pessoas e \u00e1rvores a partir da troca de experi\u00eancias e de conhecimento dos profissionais que planejam, implantam e mant\u00eam a arboriza\u00e7\u00e3o urbana.<\/p>\n<p>Os trabalhos foram orientados por tr\u00eas eixos principais, representativos para enfrentar o momento atual de crescimento das cidades: o planejamento e gest\u00e3o das florestas urbanas, indispens\u00e1vel para a elabora\u00e7\u00e3o de novas metodologias voltadas para a resili\u00eancia e sustentabilidade urbana; tecnologia aplicada \u00e0 silvicultura urbana, destinado \u00e0 divulga\u00e7\u00e3o dos procedimentos de manejo florestal para a melhoria vegetal; e pol\u00edtica, legisla\u00e7\u00e3o e educa\u00e7\u00e3o para prote\u00e7\u00e3o das \u00e1rvores urbanas, com a troca de experi\u00eancias eficazes na preserva\u00e7\u00e3o do meio ambiente.<\/p>\n<p>Com mais da metade da popula\u00e7\u00e3o mundial vivendo atualmente em \u00e1reas urbanas, tornar as cidades mais seguras e sustent\u00e1veis \u00e9 o grande desafio a ser alcan\u00e7ado. Na avalia\u00e7\u00e3o de Rafael Fernandes, participar do Congresso Brasileiro de Arboriza\u00e7\u00e3o Urbana foi extremamente importante para a cidade de Ipatinga, sempre tratada como refer\u00eancia em arboriza\u00e7\u00e3o urbana no pa\u00eds.<\/p>\n<p>\u201cNossa cidade recebeu in\u00fameros elogios dos palestrantes que participaram do evento, como foi o caso do engenheiro florestal Pedro Mendes (Cemig) e do presidente da Sociedade Brasileira de Arboriza\u00e7\u00e3o Urbana, Andr\u00e9 Puente, que teve a oportunidade de conhecer Ipatinga em setembro de 2014 e fez um relato extremamente positivo sobre a situa\u00e7\u00e3o da arboriza\u00e7\u00e3o urbana na cidade, o trabalho de produ\u00e7\u00e3o e distribui\u00e7\u00e3o de mudas gratuitas para a popula\u00e7\u00e3o local e a presen\u00e7a dos v\u00e1rios jardins, que d\u00e3o um colorido todo especial a Ipatinga\u201d, relatou Rafael.<\/p>\n<p>Desta forma, ele avalia que o Congresso Brasileiro de Arboriza\u00e7\u00e3o Urbana \u00e9 uma das mais importantes atividades coletivas existentes no pa\u00eds para a discuss\u00e3o de temas comuns a todos os gestores p\u00fablicos municipais, para posterior ado\u00e7\u00e3o das boas pr\u00e1ticas de arboricultura nas cidades. \u201cSabemos que Ipatinga est\u00e1 no caminho certo, e a Infrater Engenharia vai continuar trabalhando em conjunto com a administra\u00e7\u00e3o municipal para manter a cidade como uma refer\u00eancia regional, estadual e nacional no quesito arboriza\u00e7\u00e3o e \u00edndice de \u00e1rea verde por habitante, porque isso significa qualidade de vida para o cidad\u00e3o ipatinguense\u201d, concluiu Rafael Fernandes.<\/p>\n<p><img decoding=\"async\" src=\"http:\/\/aconteceunovale.com.br\/portal\/wp-content\/uploads\/2014\/12\/jardins_ipatinga.jpg\" alt=\"\" \/><em>Os encantadores jardins de Ipatinga s\u00e3o refer\u00eancia para especialistas &#8211; Foto: Divulga\u00e7\u00e3o<\/em><br \/>\n<\/br><\/p>\n<p><strong><em>(Di\u00e1rio do A\u00e7o)<\/em><\/strong><\/p>\n","protected":false},"excerpt":{"rendered":"<p>Cidade foi representada no 28\u00ba Congresso Brasileiro de Arboriza\u00e7\u00e3o Urbana e foi muito elogiada pelos palestrantes do evento. O munic\u00edpio de Ipatinga esteve representado recentemente no 28\u00ba Congresso Brasileiro de Arboriza\u00e7\u00e3o Urbana, por interm\u00e9dio de Rafael Fernandes Castro, gerente da Infrater Engenharia, empresa que realiza servi\u00e7os de manuten\u00e7\u00e3o de parques e jardins para o munic\u00edpio. [&hellip;]<\/p>\n","protected":false},"author":1,"featured_media":47897,"comment_status":"open","ping_status":"closed","sticky":false,"template":"","format":"standard","meta":{"amp_status":"","footnotes":""},"categories":[121],"tags":[26692,26696,1018,26694,26697,26693,1104,26695],"class_list":["post-47895","post","type-post","status-publish","format-standard","has-post-thumbnail","hentry","category-leste","tag-28o-congresso-brasileiro-de-arborizacao-urbana","tag-andre-puente","tag-destaque","tag-infrater-engenharia","tag-ipatinga-e-referencia-em-arborizacao-urbana","tag-rafael-fernandes-castro","tag-rio-de-janeiro","tag-sociedade-brasileira-de-arborizacao-urbana"],"_links":{"self":[{"href":"https:\/\/aconteceunovale.com.br\/portal\/index.php?rest_route=\/wp\/v2\/posts\/47895","targetHints":{"allow":["GET"]}}],"collection":[{"href":"https:\/\/aconteceunovale.com.br\/portal\/index.php?rest_route=\/wp\/v2\/posts"}],"about":[{"href":"https:\/\/aconteceunovale.com.br\/portal\/index.php?rest_route=\/wp\/v2\/types\/post"}],"author":[{"embeddable":true,"href":"https:\/\/aconteceunovale.com.br\/portal\/index.php?rest_route=\/wp\/v2\/users\/1"}],"replies":[{"embeddable":true,"href":"https:\/\/aconteceunovale.com.br\/portal\/index.php?rest_route=%2Fwp%2Fv2%2Fcomments&post=47895"}],"version-history":[{"count":0,"href":"https:\/\/aconteceunovale.com.br\/portal\/index.php?rest_route=\/wp\/v2\/posts\/47895\/revisions"}],"wp:featuredmedia":[{"embeddable":true,"href":"https:\/\/aconteceunovale.com.br\/portal\/index.php?rest_route=\/wp\/v2\/media\/47897"}],"wp:attachment":[{"href":"https:\/\/aconteceunovale.com.br\/portal\/index.php?rest_route=%2Fwp%2Fv2%2Fmedia&parent=47895"}],"wp:term":[{"taxonomy":"category","embeddable":true,"href":"https:\/\/aconteceunovale.com.br\/portal\/index.php?rest_route=%2Fwp%2Fv2%2Fcategories&post=47895"},{"taxonomy":"post_tag","embeddable":true,"href":"https:\/\/aconteceunovale.com.br\/portal\/index.php?rest_route=%2Fwp%2Fv2%2Ftags&post=47895"}],"curies":[{"name":"wp","href":"https:\/\/api.w.org\/{rel}","templated":true}]}}