{"id":47888,"date":"2014-12-14T12:04:27","date_gmt":"2014-12-14T15:04:27","guid":{"rendered":"http:\/\/aconteceunovale.com.br\/portal\/?p=47888"},"modified":"2014-12-14T12:09:45","modified_gmt":"2014-12-14T15:09:45","slug":"coordenador-do-curso-de-direito-da-puc-esposa-e-dois-filhos-morrem-em-acidente-na-br-040","status":"publish","type":"post","link":"https:\/\/aconteceunovale.com.br\/portal\/?p=47888","title":{"rendered":"Coordenador do curso de direito da PUC, esposa e dois filhos morrem em acidente na BR-040"},"content":{"rendered":"<h4><strong><em>Fam\u00edlia seguia de Belo Horizonte para Nova Lima, quando sofreu o acidente. Chovia no momento da fatalidade.<\/em><\/strong><\/h4>\n<p>O coordenador do curso de direito da PUC Minas, a mulher e os filhos de 6 e 8 anos ser\u00e3o velados e enterrados, na tarde deste domingo (14), no Cemit\u00e9rio Bosque da Esperan\u00e7a, no bairro Jaqueline, na regi\u00e3o Norte de Belo Horizonte.<\/p>\n<p>A fam\u00edlia morreu em um acidente, na noite desse s\u00e1bado (13), quando volta para casa no condom\u00ednio Alphaville, em Nova Lima. O advogado Guilherme Jos\u00e9 Ferreira da Silva, 40, conduzia um Mitsubishi Outlander pela faixa da esquerda, no sentido Rio de Janeiro. Em um dado momento, ele mudou de pista, mas depois retornou bruscamente para a esquerda, quando perdeu o controle da dire\u00e7\u00e3o, na altura do no KM 557 e bateu em uma \u00e1rvore no canteiro central, segundo testemunhas.<\/p>\n<p>O carro n\u00e3o estaria em alta velocidade, mas uma das possibilidades \u00e9 que ele tenha aquaplanado. O acidente ocorreu no in\u00edcio de uma subida, em um trecho em curva. <\/p>\n<p>Com a colis\u00e3o, al\u00e9m de Silva, a mulher dele, a banc\u00e1ria Fl\u00e1via Ferreira Medeiros, 39, e os filhos Mateus Medeiros Silva, 6, e Vitor Medeiros Silva, 8, morreram.<\/p>\n<p>&#8220;Ele (Guilherme) era muito tranquilo, n\u00e3o corria&#8221;, lembrou um familiar das v\u00edtimas. Os quatro ser\u00e3o velados a partir das 14h no Cemit\u00e9rio Bosque da Esperan\u00e7a e o enterro est\u00e1 previsto para \u00e0s 18h.<\/p>\n<p><img decoding=\"async\" src=\"http:\/\/aconteceunovale.com.br\/portal\/wp-content\/uploads\/2014\/12\/professor_puc_acidente.jpg\" alt=\"\" \/><em>Suspeita \u00e9 de perda do controle da dire\u00e7\u00e3o seja devido a chuva &#8211; Foto: Corpo de Bombeiros<\/em><br \/>\n<\/br><\/p>\n<p>Pelas redes sociais conhecidos lamentam a morte da fam\u00edlia. &#8220;Muito triste o tr\u00e1gico falecimento do professor Guilherme Jos\u00e9, coordenador da Faculdade Mineira de Direito (PUC\/MG) e de sua fam\u00edlia. Que Deus os auxilie na passagem e conforte familiares e amigos&#8221;, postou um advogado e professor pelo Facebook.<\/p>\n<p>&#8220;Ah, Gui&#8230; era muito bom ter voc\u00ea junto a n\u00f3s! Que alegria para o meu cora\u00e7\u00e3o foi ter lhe conhecido&#8230; Obrigada pelo apoio nos momentos dif\u00edceis, pelas risadas nos momentos felizes, pelo incentivo ao aprimoramento, pela confian\u00e7a e pelo carinho. Voc\u00ea construiu uma linda fam\u00edlia ( Fl\u00e1via Ferreira Medeiros, V\u00edtor e Mateus)! E com ela retornou aos planos superiores&#8230; Obrigada por nos permitir ver seu exemplo como marido apaixonado, como pai exemplar, como um homem digno e batalhador. Nos nossos cora\u00e7\u00f5es, agora, a dor&#8230; em breve a saudade! Por certo nos reencontraremos, meu amigo. Que Deus acolha voc\u00eas com os bra\u00e7os abertos&#8230; e que um dia, possamos nos abra\u00e7ar novamente e dialogar sobre uma sociedade mais justa e fraterna!&#8221;, despediu-se uma internauta.<\/p>\n<p>&#8220;Amigos inestim\u00e1veis! Guilherme sempre estar\u00e1 conosco, pois sua alegria, compet\u00eancia e amizade nos marcou profundamente, ficando para sempre em nossos cora\u00e7\u00f5es! Estou muito sentido, pois sei que far\u00e1 falta a todos nos! Os des\u00edgnios Superiores, contudo, s\u00e3o supremos, e temos de aceita-lo! Obrigado, Guilherme, pelo conv\u00edvio e pela oportunidade de aprender! Fique em paz com sua fam\u00edlia ao lado de nosso Pai maior!&#8221;, postou outra conhecida do advogado pela internet.<\/p>\n<p>&#8220;Ainda n\u00e3o me recuperei do susto. Ah,Guilherme. T\u00e3o novo, t\u00e3o promissor, t\u00e3o respons\u00e1vel, t\u00e3o amigo&#8230; Que fique em paz junto ao Senhor e com sua fam\u00edlia, que agora est\u00e3o juntos em outro plano. Triste. Muito triste&#8221;, desabafou mais uma internauta.<\/p>\n<p><strong><em>(Fonte: Portal O Tempo)<\/em><\/strong><\/p>\n","protected":false},"excerpt":{"rendered":"<p>Fam\u00edlia seguia de Belo Horizonte para Nova Lima, quando sofreu o acidente. Chovia no momento da fatalidade. O coordenador do curso de direito da PUC Minas, a mulher e os filhos de 6 e 8 anos ser\u00e3o velados e enterrados, na tarde deste domingo (14), no Cemit\u00e9rio Bosque da Esperan\u00e7a, no bairro Jaqueline, na regi\u00e3o [&hellip;]<\/p>\n","protected":false},"author":1,"featured_media":47889,"comment_status":"open","ping_status":"closed","sticky":false,"template":"","format":"standard","meta":{"amp_status":"","footnotes":""},"categories":[123],"tags":[194,26678,26669,26675,26674,26676,26673,26671,26672,26679,26670,26680,1496,26677],"class_list":["post-47888","post","type-post","status-publish","format-standard","has-post-thumbnail","hentry","category-gerais","tag-belo-horizonte","tag-coordenador-do-curso-de-direito-da-puc-esposa-e-dois-filhos-morrem-em-acidente-na-br-040","tag-coordenador-do-curso-de-direito-da-puc-minas","tag-flavia-ferreira-medeiros","tag-guilherme-jose-ferreira-da-silva","tag-mateus-medeiros-silva","tag-morte-de-professor","tag-morte-de-professor-do-curso-de-direito-da-puc","tag-morte-de-protessor-da-puc","tag-morte-do-advogado-guilherme-jose-ferreira-da-silva","tag-morte-do-coordenador-do-curso-de-direito-da-puc-minas","tag-morte-do-professor-guilherme-jose-ferreira-da-silva","tag-nova-lima","tag-vitor-medeiros-silva"],"_links":{"self":[{"href":"https:\/\/aconteceunovale.com.br\/portal\/index.php?rest_route=\/wp\/v2\/posts\/47888","targetHints":{"allow":["GET"]}}],"collection":[{"href":"https:\/\/aconteceunovale.com.br\/portal\/index.php?rest_route=\/wp\/v2\/posts"}],"about":[{"href":"https:\/\/aconteceunovale.com.br\/portal\/index.php?rest_route=\/wp\/v2\/types\/post"}],"author":[{"embeddable":true,"href":"https:\/\/aconteceunovale.com.br\/portal\/index.php?rest_route=\/wp\/v2\/users\/1"}],"replies":[{"embeddable":true,"href":"https:\/\/aconteceunovale.com.br\/portal\/index.php?rest_route=%2Fwp%2Fv2%2Fcomments&post=47888"}],"version-history":[{"count":0,"href":"https:\/\/aconteceunovale.com.br\/portal\/index.php?rest_route=\/wp\/v2\/posts\/47888\/revisions"}],"wp:featuredmedia":[{"embeddable":true,"href":"https:\/\/aconteceunovale.com.br\/portal\/index.php?rest_route=\/wp\/v2\/media\/47889"}],"wp:attachment":[{"href":"https:\/\/aconteceunovale.com.br\/portal\/index.php?rest_route=%2Fwp%2Fv2%2Fmedia&parent=47888"}],"wp:term":[{"taxonomy":"category","embeddable":true,"href":"https:\/\/aconteceunovale.com.br\/portal\/index.php?rest_route=%2Fwp%2Fv2%2Fcategories&post=47888"},{"taxonomy":"post_tag","embeddable":true,"href":"https:\/\/aconteceunovale.com.br\/portal\/index.php?rest_route=%2Fwp%2Fv2%2Ftags&post=47888"}],"curies":[{"name":"wp","href":"https:\/\/api.w.org\/{rel}","templated":true}]}}