{"id":47848,"date":"2014-12-13T16:39:43","date_gmt":"2014-12-13T19:39:43","guid":{"rendered":"http:\/\/aconteceunovale.com.br\/portal\/?p=47848"},"modified":"2014-12-13T16:39:43","modified_gmt":"2014-12-13T19:39:43","slug":"metalurgico-cai-de-motocicleta-e-morre-na-br-458-em-ipatinga","status":"publish","type":"post","link":"https:\/\/aconteceunovale.com.br\/portal\/?p=47848","title":{"rendered":"Metal\u00fargico cai de motocicleta e morre na BR-458 em Ipatinga"},"content":{"rendered":"<p>[image src=&#8221;http:\/\/aconteceunovale.com.br\/portal\/wp-content\/uploads\/2014\/12\/metalurgico_ipa_13.jpg&#8221; width=&#8221;238&#8243; height=&#8221;350&#8243; lightbox=&#8221;yes&#8221; align=&#8221;left&#8221; float=&#8221;left&#8221;]As circunst\u00e2ncias de uma queda de moto que provocou a morte do motociclista ainda est\u00e3o sendo apuradas. Wendel Viana Ferreira (foto), 28 anos, foi encontrado morto ao lado de sua motocicleta no quil\u00f4metro 148 da BR-458, pr\u00f3ximo \u00e0 portaria da Usiminas no Centro de Ipatinga.<\/p>\n<p>A per\u00edcia compareceu ao local e como n\u00e3o havia nenhum ind\u00edcio de colis\u00e3o foi constatado que Wendel pode ter sofrido de um mal s\u00fabito na condu\u00e7\u00e3o do ve\u00edculo e sofrido uma queda. O pai de Wendel, Sebasti\u00e3o Ferreira Leite, contou que o filho havia acabado de sair da Usiminas, onde trabalhava por cerca de oito anos.<\/p>\n<p>Sebasti\u00e3o disse desconhecer qualquer problema de sa\u00fade do filho. \u201cN\u00e3o tenho conhecimento se ele tomava algum rem\u00e9dio. \u00c9 uma perda muito grande e ele tinha muita sa\u00fade. Vamos ver se \u00e9 isso mesmo que est\u00e3o dizendo ou se ele foi fechado por algu\u00e9m enquanto pilotava a moto\u201d, disse o pai.<\/p>\n<p><em>(Informa\u00e7\u00f5es do Jornal Vale do A\u00e7o)<\/em><\/p>\n","protected":false},"excerpt":{"rendered":"<p>[image src=&#8221;http:\/\/aconteceunovale.com.br\/portal\/wp-content\/uploads\/2014\/12\/metalurgico_ipa_13.jpg&#8221; width=&#8221;238&#8243; height=&#8221;350&#8243; lightbox=&#8221;yes&#8221; align=&#8221;left&#8221; float=&#8221;left&#8221;]As circunst\u00e2ncias de uma queda de moto que provocou a morte do motociclista ainda est\u00e3o sendo apuradas. Wendel Viana Ferreira (foto), 28 anos, foi encontrado morto ao lado de sua motocicleta no quil\u00f4metro 148 da BR-458, pr\u00f3ximo \u00e0 portaria da Usiminas no Centro de Ipatinga. A per\u00edcia compareceu ao [&hellip;]<\/p>\n","protected":false},"author":1,"featured_media":47849,"comment_status":"open","ping_status":"closed","sticky":false,"template":"","format":"standard","meta":{"amp_status":"","footnotes":""},"categories":[121],"tags":[26618,201,26617,26620,6808,26619],"class_list":["post-47848","post","type-post","status-publish","format-standard","has-post-thumbnail","hentry","category-leste","tag-funcionario-da-usiminas","tag-ipatinga","tag-metalurgico-cai-de-motocicleta-e-morre-na-br-458-em-ipatinga","tag-sebastiao-ferreira-leite","tag-usiminas","tag-wendel-viana-ferreira"],"_links":{"self":[{"href":"https:\/\/aconteceunovale.com.br\/portal\/index.php?rest_route=\/wp\/v2\/posts\/47848","targetHints":{"allow":["GET"]}}],"collection":[{"href":"https:\/\/aconteceunovale.com.br\/portal\/index.php?rest_route=\/wp\/v2\/posts"}],"about":[{"href":"https:\/\/aconteceunovale.com.br\/portal\/index.php?rest_route=\/wp\/v2\/types\/post"}],"author":[{"embeddable":true,"href":"https:\/\/aconteceunovale.com.br\/portal\/index.php?rest_route=\/wp\/v2\/users\/1"}],"replies":[{"embeddable":true,"href":"https:\/\/aconteceunovale.com.br\/portal\/index.php?rest_route=%2Fwp%2Fv2%2Fcomments&post=47848"}],"version-history":[{"count":0,"href":"https:\/\/aconteceunovale.com.br\/portal\/index.php?rest_route=\/wp\/v2\/posts\/47848\/revisions"}],"wp:featuredmedia":[{"embeddable":true,"href":"https:\/\/aconteceunovale.com.br\/portal\/index.php?rest_route=\/wp\/v2\/media\/47849"}],"wp:attachment":[{"href":"https:\/\/aconteceunovale.com.br\/portal\/index.php?rest_route=%2Fwp%2Fv2%2Fmedia&parent=47848"}],"wp:term":[{"taxonomy":"category","embeddable":true,"href":"https:\/\/aconteceunovale.com.br\/portal\/index.php?rest_route=%2Fwp%2Fv2%2Fcategories&post=47848"},{"taxonomy":"post_tag","embeddable":true,"href":"https:\/\/aconteceunovale.com.br\/portal\/index.php?rest_route=%2Fwp%2Fv2%2Ftags&post=47848"}],"curies":[{"name":"wp","href":"https:\/\/api.w.org\/{rel}","templated":true}]}}