{"id":47841,"date":"2014-12-13T16:33:02","date_gmt":"2014-12-13T19:33:02","guid":{"rendered":"http:\/\/aconteceunovale.com.br\/portal\/?p=47841"},"modified":"2014-12-13T22:06:26","modified_gmt":"2014-12-14T01:06:26","slug":"carreta-pega-fogo-no-morro-da-usipa-em-ipatinga","status":"publish","type":"post","link":"https:\/\/aconteceunovale.com.br\/portal\/?p=47841","title":{"rendered":"Carreta tomba, pega fogo e tr\u00eas pessoas morrem no Morro da Usipa em Ipatinga"},"content":{"rendered":"<h4><strong><em>De acordo com a Pol\u00edcia Rodovi\u00e1ria Estadual, tr\u00eas pessoas morreram no acidente. Acidente aconteceu no Morro da Usipa, entre Coronel Fabriciano e Ipatinga.<\/em><\/strong><\/h4>\n<p>Tr\u00eas pessoas morreram ap\u00f3s uma carreta de combust\u00edveis tombar e pegar fogo na tarde deste s\u00e1bado, 13 de dezembro, na BR-381, em Ipatinga, no Vale do A\u00e7o. Todas as v\u00edtimas s\u00e3o da cidade de Periquito, munic\u00edpio da microrregi\u00e3o de Ipatinga.<\/p>\n<p>De acordo com a Pol\u00edcia Rodovi\u00e1ria Estadual, o ve\u00edculo, que transportava 35 mil litros de combust\u00edvel, seguia no sentido Coronel Fabriciano\/Ipatinga quando o motorista perdeu o controle da dire\u00e7\u00e3o e tombou no Morro da Usipa.<\/p>\n<p>Miguel Bonif\u00e1cio de Andrade, de 22 anos, Florisvaldo de Souza Franco, de 44, e Pedro Alves da Silva, que n\u00e3o teve a idade divulgada, morreram no local. Um quarto ocupante, identificado como Edson Pereira da Silva, de 36 anos, saiu do ve\u00edculo com o corpo em chamas. Ele foi socorrido e encaminhado para atendimento m\u00e9dico na Unidade de Pronto Atendimento (UPA) de Ipatinga. <\/p>\n<p>As chamas se espalharam rapidamente e atingiram outros dois carros e uma moto. Por sorte, as pessoas que ocupavam os outros ve\u00edculos envolvidos conseguiram escapar. A condutora da motocicleta saiu ilesa. J\u00e1 dois ocupantes dos carros atingidos foram socorridos por equipes do Corpo de Bombeiros e encaminhados para a UPA.<\/p>\n<p>Ainda segundo a PMR, a destrui\u00e7\u00e3o foi grande e o trabalho ainda deve ser longo. Os dois sentidos da rodovia est\u00e3o interditados e n\u00e3o h\u00e1 previs\u00e3o de libera\u00e7\u00e3o. Motoristas que passam pela regi\u00e3o podem seguir pelo Anel Rodovi\u00e1rio ou pelo Bairro Amaro Lanari, em Ipatinga.<\/p>\n<h4>Imagens do acidente<\/h4>\n<p>Internautas registraram imagens do acidente e enviaram para o WhatsApp do Portal Aconteceu no Vale (033 8868-6512). Confira abaixo:<\/p>\n<p><iframe loading=\"lazy\" width=\"640\" height=\"360\" src=\"\/\/www.youtube.com\/embed\/QqdGQk0J-8M\" frameborder=\"0\" allowfullscreen><\/iframe><\/p>\n<p><iframe loading=\"lazy\" width=\"640\" height=\"480\" src=\"\/\/www.youtube.com\/embed\/v5hxhyy8AoM\" frameborder=\"0\" allowfullscreen><\/iframe><\/p>\n<p><img decoding=\"async\" src=\"http:\/\/aconteceunovale.com.br\/portal\/wp-content\/uploads\/2014\/12\/carreta_pega_fogo_usipa_2.jpg\" alt=\"\" \/><img decoding=\"async\" src=\"http:\/\/aconteceunovale.com.br\/portal\/wp-content\/uploads\/2014\/12\/carreta_pega_fogo_usipa_3.jpg\" alt=\"\" \/><img decoding=\"async\" src=\"http:\/\/aconteceunovale.com.br\/portal\/wp-content\/uploads\/2014\/12\/carreta_pega_fogo_usipa_4.jpg\" alt=\"\" \/><img decoding=\"async\" src=\"http:\/\/aconteceunovale.com.br\/portal\/wp-content\/uploads\/2014\/12\/carreta_pega_fogo_usipa_5.jpg\" alt=\"\" \/><img decoding=\"async\" src=\"http:\/\/aconteceunovale.com.br\/portal\/wp-content\/uploads\/2014\/12\/carreta_pega_fogo_usipa_1.jpg\" alt=\"\" \/><img decoding=\"async\" src=\"http:\/\/aconteceunovale.com.br\/portal\/wp-content\/uploads\/2014\/12\/carreta_pega_fogo_usipa_6.jpg\" alt=\"\" \/><img decoding=\"async\" src=\"http:\/\/aconteceunovale.com.br\/portal\/wp-content\/uploads\/2014\/12\/carreta_pega_fogo_usipa_7.jpg\" alt=\"\" \/><img decoding=\"async\" src=\"http:\/\/aconteceunovale.com.br\/portal\/wp-content\/uploads\/2014\/12\/carreta_pega_fogo_usipa_8.jpg\" alt=\"\" \/><img decoding=\"async\" src=\"http:\/\/aconteceunovale.com.br\/portal\/wp-content\/uploads\/2014\/12\/carreta_pega_fogo_usipa_9.jpg\" alt=\"\" \/><img decoding=\"async\" src=\"http:\/\/aconteceunovale.com.br\/portal\/wp-content\/uploads\/2014\/12\/carreta_pega_fogo_usipa_10.jpg\" alt=\"\" \/><img decoding=\"async\" src=\"http:\/\/aconteceunovale.com.br\/portal\/wp-content\/uploads\/2014\/12\/carreta_pega_fogo_usipa_11.jpg\" alt=\"\" \/><img decoding=\"async\" src=\"http:\/\/aconteceunovale.com.br\/portal\/wp-content\/uploads\/2014\/12\/carreta_pega_fogo_usipa_12.jpg\" alt=\"\" \/><img decoding=\"async\" src=\"http:\/\/aconteceunovale.com.br\/portal\/wp-content\/uploads\/2014\/12\/carreta_pega_fogo_usipa_13.jpg\" alt=\"\" \/><img decoding=\"async\" src=\"http:\/\/aconteceunovale.com.br\/portal\/wp-content\/uploads\/2014\/12\/carreta_pega_fogo_usipa_14.jpg\" alt=\"\" \/><img decoding=\"async\" src=\"http:\/\/aconteceunovale.com.br\/portal\/wp-content\/uploads\/2014\/12\/carreta_pega_fogo_usipa_15.jpg\" alt=\"\" \/><img decoding=\"async\" src=\"http:\/\/aconteceunovale.com.br\/portal\/wp-content\/uploads\/2014\/12\/carreta_pega_fogo_usipa_16.jpg\" alt=\"\" \/><img decoding=\"async\" src=\"http:\/\/aconteceunovale.com.br\/portal\/wp-content\/uploads\/2014\/12\/carreta_pega_fogo_usipa_17.jpg\" alt=\"\" \/><img decoding=\"async\" src=\"http:\/\/aconteceunovale.com.br\/portal\/wp-content\/uploads\/2014\/12\/carreta_pega_fogo_usipa_18.jpg\" alt=\"\" \/><img decoding=\"async\" src=\"http:\/\/aconteceunovale.com.br\/portal\/wp-content\/uploads\/2014\/12\/carreta_pega_fogo_usipa_19.jpg\" alt=\"\" \/><img decoding=\"async\" src=\"http:\/\/aconteceunovale.com.br\/portal\/wp-content\/uploads\/2014\/12\/carreta_pega_fogo_usipa_20.jpg\" alt=\"\" \/><img decoding=\"async\" src=\"http:\/\/aconteceunovale.com.br\/portal\/wp-content\/uploads\/2014\/12\/carreta_pega_fogo_usipa_21.jpg\" alt=\"\" \/><\/p>\n","protected":false},"excerpt":{"rendered":"<p>De acordo com a Pol\u00edcia Rodovi\u00e1ria Estadual, tr\u00eas pessoas morreram no acidente. Acidente aconteceu no Morro da Usipa, entre Coronel Fabriciano e Ipatinga. Tr\u00eas pessoas morreram ap\u00f3s uma carreta de combust\u00edveis tombar e pegar fogo na tarde deste s\u00e1bado, 13 de dezembro, na BR-381, em Ipatinga, no Vale do A\u00e7o. Todas as v\u00edtimas s\u00e3o da [&hellip;]<\/p>\n","protected":false},"author":1,"featured_media":47842,"comment_status":"open","ping_status":"closed","sticky":false,"template":"","format":"standard","meta":{"amp_status":"","footnotes":""},"categories":[121],"tags":[26632,26629,26633,26628,26645,26630,26626,26615,26614,26616,26627,1524,1018,26643,26641,26625,247,201,26640,13864,26623,26642,26621,1670,26631,26624,26644,26622],"class_list":["post-47841","post","type-post","status-publish","format-standard","has-post-thumbnail","hentry","category-leste","tag-acidente-com-caminhao-do-posto-gentil","tag-acidente-com-caminhao-tanque-de-periquito","tag-acidente-com-caminhao-tanque-do-posto-gentil","tag-acidente-com-carreta-de-combustiveis-de-periquito","tag-acidente-com-carreta-de-periquito","tag-acidente-com-carreta-do-posto-gentil","tag-acidente-entre-ipatinga-e-coronel-fabriciano","tag-carreta-pega-fogo-em-ipatinga","tag-carreta-pega-fogo-no-morro-da-usipa","tag-carreta-pega-fogo-no-morro-da-usipa-em-ipatinga","tag-carreta-tomba-pega-fogo-e-tres-pessoas-morrem-no-morro-da-usipa-em-ipatinga","tag-coronel-fabriciano","tag-destaque","tag-edson-pereira-da-silva","tag-florisvaldo-de-souza-franco","tag-fotos-do-acidente-no-morro-da-usipa","tag-governador-valadares","tag-ipatinga","tag-miguel-bonifacio-de-andrade","tag-morro-da-usipa","tag-nomes-das-vitimas-do-acidente-no-morro-da-usipa","tag-pedro-alves-da-silva","tag-pelo-menos-duas-pessoas-morreram-apos-explosao-de-carreta-na-br-381","tag-periquito","tag-posto-gentil","tag-videos-do-acidente-no-morro-da-usipa","tag-vitimas-de-periquito","tag-vitimas-do-acidente-no-morro-da-usipa"],"_links":{"self":[{"href":"https:\/\/aconteceunovale.com.br\/portal\/index.php?rest_route=\/wp\/v2\/posts\/47841","targetHints":{"allow":["GET"]}}],"collection":[{"href":"https:\/\/aconteceunovale.com.br\/portal\/index.php?rest_route=\/wp\/v2\/posts"}],"about":[{"href":"https:\/\/aconteceunovale.com.br\/portal\/index.php?rest_route=\/wp\/v2\/types\/post"}],"author":[{"embeddable":true,"href":"https:\/\/aconteceunovale.com.br\/portal\/index.php?rest_route=\/wp\/v2\/users\/1"}],"replies":[{"embeddable":true,"href":"https:\/\/aconteceunovale.com.br\/portal\/index.php?rest_route=%2Fwp%2Fv2%2Fcomments&post=47841"}],"version-history":[{"count":0,"href":"https:\/\/aconteceunovale.com.br\/portal\/index.php?rest_route=\/wp\/v2\/posts\/47841\/revisions"}],"wp:featuredmedia":[{"embeddable":true,"href":"https:\/\/aconteceunovale.com.br\/portal\/index.php?rest_route=\/wp\/v2\/media\/47842"}],"wp:attachment":[{"href":"https:\/\/aconteceunovale.com.br\/portal\/index.php?rest_route=%2Fwp%2Fv2%2Fmedia&parent=47841"}],"wp:term":[{"taxonomy":"category","embeddable":true,"href":"https:\/\/aconteceunovale.com.br\/portal\/index.php?rest_route=%2Fwp%2Fv2%2Fcategories&post=47841"},{"taxonomy":"post_tag","embeddable":true,"href":"https:\/\/aconteceunovale.com.br\/portal\/index.php?rest_route=%2Fwp%2Fv2%2Ftags&post=47841"}],"curies":[{"name":"wp","href":"https:\/\/api.w.org\/{rel}","templated":true}]}}