{"id":47838,"date":"2014-12-13T16:11:32","date_gmt":"2014-12-13T19:11:32","guid":{"rendered":"http:\/\/aconteceunovale.com.br\/portal\/?p=47838"},"modified":"2014-12-13T16:11:32","modified_gmt":"2014-12-13T19:11:32","slug":"matriculas-para-escolas-publicas-de-minas-gerais-comecam-na-proxima-segunda-feira","status":"publish","type":"post","link":"https:\/\/aconteceunovale.com.br\/portal\/?p=47838","title":{"rendered":"Matr\u00edculas para escolas p\u00fablicas de Minas Gerais come\u00e7am na pr\u00f3xima segunda-feira"},"content":{"rendered":"<h4><strong><em>Crian\u00e7as e adolescentes inscritos no Cadastramento Escolar deste ano dever\u00e3o ser matriculadas no per\u00edodo de 15 a 19 de dezembro.<\/em><\/strong><\/h4>\n<p>Entre os dias 15 e 19 de dezembro deste ano, pais de crian\u00e7as e adolescentes que ir\u00e3o ingressar em uma escola da rede p\u00fablica de educa\u00e7\u00e3o, tanto estadual quanto municipal, dever\u00e3o comparecer \u00e0s institui\u00e7\u00f5es para realiza\u00e7\u00e3o da matr\u00edcula.<\/p>\n<p>Conforme a Secretaria Estadual de Educa\u00e7\u00e3o, 165 mil pessoas foram inscritas no \u00faltimo Cadastro Escolar. Deste total, aproximadamente, 154 mil ir\u00e3o ingressar no primeiro ano do ensino fundamental. <\/p>\n<p>Segundo a Secretaria de Educa\u00e7\u00e3o, aos participantes do Cadastramento Escolar s\u00e3o garantidas vagas em escolas pr\u00f3ximas \u00e0s suas resid\u00eancias, de acordo com a disponibilidade de vagas, mas \u00e9 a matr\u00edcula que vai confirmar essa vaga. <\/p>\n<p>Os alunos que j\u00e1 fazem parte da rede p\u00fablica e v\u00e3o permanecer na mesma escola no pr\u00f3ximo ano n\u00e3o participam desse procedimento. A vaga desse estudante na institui\u00e7\u00e3o \u00e9 garantida e a renova\u00e7\u00e3o de matr\u00edcula \u00e9 realizada em data definida pela pr\u00f3pria escola.<\/p>\n<h4>Documenta\u00e7\u00e3o para matr\u00edcula<\/h4>\n<p>Para efetuar a matr\u00edcula, os inscritos no Cadastramento Escolar devem comparecer \u00e0s escolas para a qual foram encaminhados munidos de conta de luz, certid\u00e3o de nascimento e, no caso de transfer\u00eancia da rede particular, declara\u00e7\u00e3o ou hist\u00f3rico da escola de origem.<\/p>\n<p>Os inscritos que tiverem carteira de identidade dever\u00e3o apresent\u00e1-la no ato da matr\u00edcula. Os cadastrados que n\u00e3o realizarem a matr\u00edcula no prazo previsto ser\u00e3o encaminhados, posteriormente, para escolas onde houver vagas remanescentes. O mesmo ser\u00e1 feito com os candidatos que n\u00e3o participaram do cadastro.  <\/p>\n<p>Pais ou respons\u00e1veis que perderam o prazo do Cadastramento Escolar e querem fazer a matr\u00edcula de seus filhos e que   moram na regi\u00e3o metropolitana de BH  ou no interior do Estado devem procurar as Comiss\u00f5es Municipais de Cadastro e Matr\u00edcula, nas Secretarias Municipais de Educa\u00e7\u00e3o. Seja para matr\u00edculas em escolas das redes municipais ou em escolas da rede estadual de ensino, os respons\u00e1veis devem procurar os locais citados.<\/p>\n<p><em>(Fonte: Secretaria de Educa\u00e7\u00e3o de Minas Gerais)<\/em><\/p>\n","protected":false},"excerpt":{"rendered":"<p>Crian\u00e7as e adolescentes inscritos no Cadastramento Escolar deste ano dever\u00e3o ser matriculadas no per\u00edodo de 15 a 19 de dezembro. Entre os dias 15 e 19 de dezembro deste ano, pais de crian\u00e7as e adolescentes que ir\u00e3o ingressar em uma escola da rede p\u00fablica de educa\u00e7\u00e3o, tanto estadual quanto municipal, dever\u00e3o comparecer \u00e0s institui\u00e7\u00f5es para [&hellip;]<\/p>\n","protected":false},"author":1,"featured_media":47839,"comment_status":"open","ping_status":"closed","sticky":false,"template":"","format":"standard","meta":{"amp_status":"","footnotes":""},"categories":[123],"tags":[26612,26613,26611,26610,26609],"class_list":["post-47838","post","type-post","status-publish","format-standard","has-post-thumbnail","hentry","category-gerais","tag-matriculas-escolas-estaduais","tag-matriculas-escolas-municipais","tag-matriculas-escolas-publicas","tag-matriculas-para-escolas-publicas-de-minas-gerais","tag-matriculas-para-escolas-publicas-de-minas-gerais-comecam-na-proxima-segunda-feira"],"_links":{"self":[{"href":"https:\/\/aconteceunovale.com.br\/portal\/index.php?rest_route=\/wp\/v2\/posts\/47838","targetHints":{"allow":["GET"]}}],"collection":[{"href":"https:\/\/aconteceunovale.com.br\/portal\/index.php?rest_route=\/wp\/v2\/posts"}],"about":[{"href":"https:\/\/aconteceunovale.com.br\/portal\/index.php?rest_route=\/wp\/v2\/types\/post"}],"author":[{"embeddable":true,"href":"https:\/\/aconteceunovale.com.br\/portal\/index.php?rest_route=\/wp\/v2\/users\/1"}],"replies":[{"embeddable":true,"href":"https:\/\/aconteceunovale.com.br\/portal\/index.php?rest_route=%2Fwp%2Fv2%2Fcomments&post=47838"}],"version-history":[{"count":0,"href":"https:\/\/aconteceunovale.com.br\/portal\/index.php?rest_route=\/wp\/v2\/posts\/47838\/revisions"}],"wp:featuredmedia":[{"embeddable":true,"href":"https:\/\/aconteceunovale.com.br\/portal\/index.php?rest_route=\/wp\/v2\/media\/47839"}],"wp:attachment":[{"href":"https:\/\/aconteceunovale.com.br\/portal\/index.php?rest_route=%2Fwp%2Fv2%2Fmedia&parent=47838"}],"wp:term":[{"taxonomy":"category","embeddable":true,"href":"https:\/\/aconteceunovale.com.br\/portal\/index.php?rest_route=%2Fwp%2Fv2%2Fcategories&post=47838"},{"taxonomy":"post_tag","embeddable":true,"href":"https:\/\/aconteceunovale.com.br\/portal\/index.php?rest_route=%2Fwp%2Fv2%2Ftags&post=47838"}],"curies":[{"name":"wp","href":"https:\/\/api.w.org\/{rel}","templated":true}]}}