{"id":47834,"date":"2014-12-13T15:51:51","date_gmt":"2014-12-13T18:51:51","guid":{"rendered":"http:\/\/aconteceunovale.com.br\/portal\/?p=47834"},"modified":"2014-12-14T11:47:40","modified_gmt":"2014-12-14T14:47:40","slug":"duas-pessoas-morrem-e-treze-ficam-feridas-em-acidente-com-van-no-norte-de-minas","status":"publish","type":"post","link":"https:\/\/aconteceunovale.com.br\/portal\/?p=47834","title":{"rendered":"Duas pessoas morrem e treze ficam feridas em acidente com van no Norte de Minas"},"content":{"rendered":"<h4><strong><em>Ve\u00edculo capotou pr\u00f3ximo ao povoado de Barroc\u00e3o, em Gr\u00e3o Mogol. As duas v\u00edtimas fatais eram da cidade de P\u00e3o de A\u00e7\u00facar, em Alagoas.<\/em><\/strong><\/h4>\n<p>Duas pessoas morreram e treze ficaram em um acidente na tarde deste s\u00e1bado, 13 de dezembro, na altura do quil\u00f4metro 443 da BR-251, pr\u00f3ximo ao povoado de Barroc\u00e3o, no munic\u00edpio de Gr\u00e3o Mogol, no Norte de Minas Gerais.<\/p>\n<p>De acordo com informa\u00e7\u00f5es da Pol\u00edcia Rodovi\u00e1ria Federal, o motorista da van, que viajava de Rol\u00e2ndia, no Paran\u00e1, para Olhos D&#8217;\u00c1gua das Flores, no estado de Alagoas, perdeu o controle da dire\u00e7\u00e3o e capotou. O acidente aconteceu logo ap\u00f3s uma forte chuva, que deixou a pista escorregadia.<\/p>\n<p>Com o impacto do acidente, Jos\u00e9 Carlos Oliveira Felicitosa, de 37 anos, e Raquel dos Santos Oliveira, de 18, gr\u00e1vida de 5 meses, n\u00e3o resistiram e morreram no local. Os feridos foram encaminhados para atendimento m\u00e9dico em hospitais de Montes Claros e Francisco S\u00e1.<\/p>\n<p>As duas v\u00edtimas fatais eram da cidade de P\u00e3o de A\u00e7\u00facar, em Alagoas. H\u00e1 suspeita que o ve\u00edculo fazia transporte clandestino de passageiros.<\/p>\n<p><img decoding=\"async\" src=\"http:\/\/aconteceunovale.com.br\/portal\/wp-content\/uploads\/2014\/12\/acidente_van_grao_mogol.jpg\" alt=\"\" \/><em>Van fazia transporte ilegal de passageiros (Foto: Nat\u00e1lia Jael\/Inter TV)<\/em><br \/>\n<\/br><\/p>\n<h4>V\u00edtimas do acidente<\/h4>\n<p><strong>\u00d3bitos:<\/strong><br \/>\n&#8211; Jos\u00e9 Carlos Oliveira Felicitosa, 37 anos<br \/>\n&#8211; Raquel dos Santos Oliveira, 18 anos<\/p>\n<p><strong>Feridos:<\/strong><br \/>\n&#8211; Maria Aparecida de Melo, 43 anos<br \/>\n&#8211; Erick Humberto Santana, 2 anos<br \/>\n&#8211; Ana Carla Barbosa de Morais, 12 anos<br \/>\n&#8211; Onorio Rodrigues de Souza, 64 anos<br \/>\n&#8211; Jos\u00e9 Rodrigues Damasceno, 61 anos<br \/>\n&#8211; Anderson Viana Barros, 15 anos<br \/>\n&#8211; Ant\u00f4nio Carlos Barbosa Morais, 15 anos<br \/>\n&#8211; Maria das Gra\u00e7as Silva, 24 anos<br \/>\n&#8211; Jos\u00e9 C\u00edcero de Melo, 43 anos<\/p>\n<p><em>* Os nomes das demais v\u00edtimas n\u00e3o foram divulgados.<\/em><\/p>\n","protected":false},"excerpt":{"rendered":"<p>Ve\u00edculo capotou pr\u00f3ximo ao povoado de Barroc\u00e3o, em Gr\u00e3o Mogol. As duas v\u00edtimas fatais eram da cidade de P\u00e3o de A\u00e7\u00facar, em Alagoas. Duas pessoas morreram e treze ficaram em um acidente na tarde deste s\u00e1bado, 13 de dezembro, na altura do quil\u00f4metro 443 da BR-251, pr\u00f3ximo ao povoado de Barroc\u00e3o, no munic\u00edpio de Gr\u00e3o [&hellip;]<\/p>\n","protected":false},"author":1,"featured_media":47881,"comment_status":"open","ping_status":"closed","sticky":false,"template":"","format":"standard","meta":{"amp_status":"","footnotes":""},"categories":[1236],"tags":[26636,26604,26603,26635,26605,26639,26606,26608,26607,26662,26665,26666,26602,26601,26661,1153,26658,26668,26664,26660,26667,26638,26663,26659,26634,26637],"class_list":["post-47834","post","type-post","status-publish","format-standard","has-post-thumbnail","hentry","category-norte_de_minas","tag-acidente-com-pessoas-de-pao-de-acucar-alagoas","tag-acidente-com-van-de-alagoas","tag-acidente-com-van-de-alagoas-em-minas-gerais","tag-acidente-com-van-de-rolandia","tag-acidente-com-van-que-seguia-do-parana-para-alagoas","tag-acidente-com-van-que-seguia-do-parana-para-olhos-dagua-das-flores","tag-acidente-com-van-que-viajava-do-parana-para-alagoas","tag-acidente-em-grao-mogol","tag-acidente-perto-de-barrocao","tag-ana-carla-barbosa-de-morais","tag-anderson-viana-barros","tag-antonio-carlos-barbosa-morais","tag-duas-pessoas-morrem-e-treze-ficam-feridas-em-acidente-com-van-em-grao-mogol","tag-duas-pessoas-morrem-e-treze-ficam-feridas-em-acidente-com-van-no-norte-de-minas","tag-erick-humberto-santana","tag-grao-mogol","tag-jose-carlos-oliveira-felicitosa","tag-jose-cicero-de-melo","tag-jose-rodrigues-damasceno","tag-maria-aparecida-de-melo","tag-maria-das-gracas-silva","tag-olhos-dagua-das-flores","tag-onorio-rodrigues-de-souza","tag-raquel-dos-santos-oliveira","tag-rolandia","tag-vitimas-de-pao-de-acucar"],"_links":{"self":[{"href":"https:\/\/aconteceunovale.com.br\/portal\/index.php?rest_route=\/wp\/v2\/posts\/47834","targetHints":{"allow":["GET"]}}],"collection":[{"href":"https:\/\/aconteceunovale.com.br\/portal\/index.php?rest_route=\/wp\/v2\/posts"}],"about":[{"href":"https:\/\/aconteceunovale.com.br\/portal\/index.php?rest_route=\/wp\/v2\/types\/post"}],"author":[{"embeddable":true,"href":"https:\/\/aconteceunovale.com.br\/portal\/index.php?rest_route=\/wp\/v2\/users\/1"}],"replies":[{"embeddable":true,"href":"https:\/\/aconteceunovale.com.br\/portal\/index.php?rest_route=%2Fwp%2Fv2%2Fcomments&post=47834"}],"version-history":[{"count":0,"href":"https:\/\/aconteceunovale.com.br\/portal\/index.php?rest_route=\/wp\/v2\/posts\/47834\/revisions"}],"wp:featuredmedia":[{"embeddable":true,"href":"https:\/\/aconteceunovale.com.br\/portal\/index.php?rest_route=\/wp\/v2\/media\/47881"}],"wp:attachment":[{"href":"https:\/\/aconteceunovale.com.br\/portal\/index.php?rest_route=%2Fwp%2Fv2%2Fmedia&parent=47834"}],"wp:term":[{"taxonomy":"category","embeddable":true,"href":"https:\/\/aconteceunovale.com.br\/portal\/index.php?rest_route=%2Fwp%2Fv2%2Fcategories&post=47834"},{"taxonomy":"post_tag","embeddable":true,"href":"https:\/\/aconteceunovale.com.br\/portal\/index.php?rest_route=%2Fwp%2Fv2%2Ftags&post=47834"}],"curies":[{"name":"wp","href":"https:\/\/api.w.org\/{rel}","templated":true}]}}