{"id":47826,"date":"2014-12-13T12:56:42","date_gmt":"2014-12-13T15:56:42","guid":{"rendered":"http:\/\/aconteceunovale.com.br\/portal\/?p=47826"},"modified":"2014-12-13T12:56:42","modified_gmt":"2014-12-13T15:56:42","slug":"homem-de-29-anos-e-assassinado-a-facadas-em-almenara","status":"publish","type":"post","link":"https:\/\/aconteceunovale.com.br\/portal\/?p=47826","title":{"rendered":"Homem de 29 anos \u00e9 assassinado a facadas em Almenara"},"content":{"rendered":"<h4><strong><em>V\u00edtima foi encontrada no bairro Parque S\u00e3o Jo\u00e3o. At\u00e9 o momento o autor n\u00e3o foi preso.<\/em><\/strong><\/h4>\n<p>Um homem de 29 anos foi assassinado na manh\u00e3 deste s\u00e1bado, 13 de dezembro, no bairro Parque S\u00e3o Jo\u00e3o, em Almenara, no Vale do Jequitinhonha. De acordo com o registro de ocorr\u00eancias da Pol\u00edcia Militar, por volta das 5h20 uma moradora da Rua D acionou a corpora\u00e7\u00e3o relatando que naquele momento havia um rapaz gritando por socorro, em frente a sua resid\u00eancia.<\/p>\n<p>De imediato, militares foram deslocados ao local, onde depararam com a v\u00edtima Jo\u00e3o Cardoso Teixeira, ca\u00edda ao solo, com uma perfura\u00e7\u00e3o na barriga e um corte profundo no bra\u00e7o direito. O Servi\u00e7o de Atendimento M\u00f3vel de Urg\u00eancia (Samu) foi acionado, mas a v\u00edtima n\u00e3o resistiu aos ferimentos e morreu ainda no local. <\/p>\n<p>A per\u00edcia t\u00e9cnica da Pol\u00edcia Civil compareceu ao local e ap\u00f3s os trabalhos de praxe, o corpo foi encaminhado para o Instituto M\u00e9dico Legal.<\/p>\n<p>Ainda segundo a PM, Jo\u00e3o Cardoso afirmou que teria sido golpeado por um indiv\u00edduo conhecido como &#8220;tatu&#8221;. Rastreamentos foram iniciados com intuito de localizar e prender o autor, por\u00e9m sem \u00eaxito at\u00e9 o momento.<\/p>\n<p><img decoding=\"async\" src=\"http:\/\/aconteceunovale.com.br\/portal\/wp-content\/uploads\/2014\/11\/almenara.jpg\" alt=\"\" \/><em>Crime aconteceu no bairro Parque S\u00e3o Jo\u00e3o, em Almenara &#8211; Foto: Reprodu\u00e7\u00e3o<\/em><\/p>\n","protected":false},"excerpt":{"rendered":"<p>V\u00edtima foi encontrada no bairro Parque S\u00e3o Jo\u00e3o. At\u00e9 o momento o autor n\u00e3o foi preso. Um homem de 29 anos foi assassinado na manh\u00e3 deste s\u00e1bado, 13 de dezembro, no bairro Parque S\u00e3o Jo\u00e3o, em Almenara, no Vale do Jequitinhonha. De acordo com o registro de ocorr\u00eancias da Pol\u00edcia Militar, por volta das 5h20 [&hellip;]<\/p>\n","protected":false},"author":1,"featured_media":45749,"comment_status":"open","ping_status":"closed","sticky":false,"template":"","format":"standard","meta":{"amp_status":"","footnotes":""},"categories":[120],"tags":[142,26587,26588,26589,26590],"class_list":["post-47826","post","type-post","status-publish","format-standard","has-post-thumbnail","hentry","category-jequi","tag-almenara","tag-homem-de-29-anos-e-assassinado-a-facadas-em-almenara","tag-homicidio-em-almenara","tag-joao-cardoso-teixeira","tag-ronaldo-chaves-alves"],"_links":{"self":[{"href":"https:\/\/aconteceunovale.com.br\/portal\/index.php?rest_route=\/wp\/v2\/posts\/47826","targetHints":{"allow":["GET"]}}],"collection":[{"href":"https:\/\/aconteceunovale.com.br\/portal\/index.php?rest_route=\/wp\/v2\/posts"}],"about":[{"href":"https:\/\/aconteceunovale.com.br\/portal\/index.php?rest_route=\/wp\/v2\/types\/post"}],"author":[{"embeddable":true,"href":"https:\/\/aconteceunovale.com.br\/portal\/index.php?rest_route=\/wp\/v2\/users\/1"}],"replies":[{"embeddable":true,"href":"https:\/\/aconteceunovale.com.br\/portal\/index.php?rest_route=%2Fwp%2Fv2%2Fcomments&post=47826"}],"version-history":[{"count":0,"href":"https:\/\/aconteceunovale.com.br\/portal\/index.php?rest_route=\/wp\/v2\/posts\/47826\/revisions"}],"wp:featuredmedia":[{"embeddable":true,"href":"https:\/\/aconteceunovale.com.br\/portal\/index.php?rest_route=\/wp\/v2\/media\/45749"}],"wp:attachment":[{"href":"https:\/\/aconteceunovale.com.br\/portal\/index.php?rest_route=%2Fwp%2Fv2%2Fmedia&parent=47826"}],"wp:term":[{"taxonomy":"category","embeddable":true,"href":"https:\/\/aconteceunovale.com.br\/portal\/index.php?rest_route=%2Fwp%2Fv2%2Fcategories&post=47826"},{"taxonomy":"post_tag","embeddable":true,"href":"https:\/\/aconteceunovale.com.br\/portal\/index.php?rest_route=%2Fwp%2Fv2%2Ftags&post=47826"}],"curies":[{"name":"wp","href":"https:\/\/api.w.org\/{rel}","templated":true}]}}