{"id":47821,"date":"2014-12-13T11:46:51","date_gmt":"2014-12-13T14:46:51","guid":{"rendered":"http:\/\/aconteceunovale.com.br\/portal\/?p=47821"},"modified":"2014-12-13T11:46:51","modified_gmt":"2014-12-13T14:46:51","slug":"comercio-inicia-horario-especial-de-natal-em-governador-valadares-e-teofilo-otoni","status":"publish","type":"post","link":"https:\/\/aconteceunovale.com.br\/portal\/?p=47821","title":{"rendered":"Com\u00e9rcio inicia hor\u00e1rio especial de Natal em Governador Valadares e Te\u00f3filo Otoni"},"content":{"rendered":"<h4><strong><em>Em Governador Valadares, a mudan\u00e7a no hor\u00e1rio tem in\u00edcio a partir deste s\u00e1bado (13). J\u00e1 em Te\u00f3filo Otoni as mudan\u00e7as nos hor\u00e1rios tiveram in\u00edcio na \u00faltima ter\u00e7a-feira.<\/em><\/strong><\/h4>\n<p>O per\u00edodo de compras de fim de ano come\u00e7ou em Governador Valadares, no Vale do Rio Doce e em Te\u00f3filo Otoni, no Vale do Mucuri. Por isso, as lojas das duas cidades come\u00e7am a funcionar em hor\u00e1rio especial.<\/p>\n<p>Em Valadares, a mudan\u00e7a no hor\u00e1rio tem in\u00edcio a partir deste s\u00e1bado (13), quando as lojas poder\u00e3o ficar abertas das 9h \u00e0s 16h. Do dia 15 ao dia 19, as lojas podem ficar abertas das 9h \u00e0s 20h. Por meio de nota, o Sindicom\u00e9rcio, com apoio da CDL-GV, informou que definiu um hor\u00e1rio em car\u00e1ter de sugest\u00e3o. \u201cO intuito \u00e9 movimentar as vendas no per\u00edodo natalino e ainda oferecer mais comodidade aos consumidores\u201d, diz a nota.<\/p>\n<p>No s\u00e1bado (20) e na quarta-feira (24), o com\u00e9rcio funcionar\u00e1 das 9h \u00e0s 18h. Na segunda-feira (22) das 9h \u00e0s 20h e na ter\u00e7a-feira (23), das 9h \u00e0s 22h.<\/p>\n<p>\u201cConforme regulamentado na atual Conven\u00e7\u00e3o Coletiva de Trabalho 2014\/2015 firmada entre o Sindicom\u00e9rcio com o Sindicato dos Empregados no Com\u00e9rcio (SECOM), no domingo que antecede o Natal, sendo neste ano o dia 21 de dezembro, \u00e9 permitido o funcionamento a todos os setores do com\u00e9rcio, desde que funcionem das 8h \u00e0s 14h, com exce\u00e7\u00e3o de Drogarias e Farm\u00e1cias, que possuem autoriza\u00e7\u00e3o para trabalhar\u201d, informa o Sindicom\u00e9rcio.<\/p>\n<p>Farm\u00e1cias e Drogarias poder\u00e3o funcionar, desde que seja em regime de plant\u00e3o e obedecendo a lei Federal n\u00b0 5.991\/73, artigo 56, sendo autorizado o funcionamento de 8h \u00e0s 22h.<\/p>\n<p>O shopping de Valadares tamb\u00e9m informou que est\u00e1 com hor\u00e1rios diferenciados neste per\u00edodo que antecede \u00e0s festas de fim de ano. Os hor\u00e1rios de funcionamento das lojas, Correios, hipermercado e da pra\u00e7a de alimenta\u00e7\u00e3o foram disponibilizados no <a href=\"http:\/\/www.gvshopping.com.br\/novo\/horario-de-funcionamento.html\" target=\"_blank\">site oficial do shopping<\/a>.<\/p>\n<h4><strong>Te\u00f3filo Otoni<\/strong><\/h4>\n<p>Em Te\u00f3filo Otoni as mudan\u00e7as nos hor\u00e1rios j\u00e1 tiveram in\u00edcio na ter\u00e7a-feira (9), quando as lojas passaram a abrir as 8h e fechar as 19h. Neste s\u00e1bado (13), o com\u00e9rcio abre \u00e0s 8h e fecha \u00e0s 14h. J\u00e1 no s\u00e1bado (20), o com\u00e9rcio ficar\u00e1 aberto das 8h \u00e0s 16h.<\/p>\n<p>Durante a pr\u00f3xima semana, entre os dias 15 e 19, o com\u00e9rcio funciona das 8h \u00e0s 20h. Nos dias 22 e 23, esse hor\u00e1rio ser\u00e1 estendido at\u00e9 as 22h. No domingo (21), o funcionamento ser\u00e1 das 9h \u00e0s 13h. No dia 24, v\u00e9spera de Natal, o com\u00e9rcio abre \u00e0s 8h e fecha \u00e0s 19h. Por fim, no \u00faltimo dia do ano, o funcionamento ser\u00e1 das 8h \u00e0s 17h.<\/p>\n<p><em>(Inter TV dos Vales)<\/em><\/p>\n","protected":false},"excerpt":{"rendered":"<p>Em Governador Valadares, a mudan\u00e7a no hor\u00e1rio tem in\u00edcio a partir deste s\u00e1bado (13). J\u00e1 em Te\u00f3filo Otoni as mudan\u00e7as nos hor\u00e1rios tiveram in\u00edcio na \u00faltima ter\u00e7a-feira. O per\u00edodo de compras de fim de ano come\u00e7ou em Governador Valadares, no Vale do Rio Doce e em Te\u00f3filo Otoni, no Vale do Mucuri. Por isso, as [&hellip;]<\/p>\n","protected":false},"author":1,"featured_media":45132,"comment_status":"open","ping_status":"closed","sticky":false,"template":"","format":"standard","meta":{"amp_status":"","footnotes":""},"categories":[121],"tags":[26585,247,164],"class_list":["post-47821","post","type-post","status-publish","format-standard","has-post-thumbnail","hentry","category-leste","tag-comercio-inicia-horario-especial-de-natal-em-governador-valadares-e-teofilo-otoni","tag-governador-valadares","tag-teofilo-otoni"],"_links":{"self":[{"href":"https:\/\/aconteceunovale.com.br\/portal\/index.php?rest_route=\/wp\/v2\/posts\/47821","targetHints":{"allow":["GET"]}}],"collection":[{"href":"https:\/\/aconteceunovale.com.br\/portal\/index.php?rest_route=\/wp\/v2\/posts"}],"about":[{"href":"https:\/\/aconteceunovale.com.br\/portal\/index.php?rest_route=\/wp\/v2\/types\/post"}],"author":[{"embeddable":true,"href":"https:\/\/aconteceunovale.com.br\/portal\/index.php?rest_route=\/wp\/v2\/users\/1"}],"replies":[{"embeddable":true,"href":"https:\/\/aconteceunovale.com.br\/portal\/index.php?rest_route=%2Fwp%2Fv2%2Fcomments&post=47821"}],"version-history":[{"count":0,"href":"https:\/\/aconteceunovale.com.br\/portal\/index.php?rest_route=\/wp\/v2\/posts\/47821\/revisions"}],"wp:featuredmedia":[{"embeddable":true,"href":"https:\/\/aconteceunovale.com.br\/portal\/index.php?rest_route=\/wp\/v2\/media\/45132"}],"wp:attachment":[{"href":"https:\/\/aconteceunovale.com.br\/portal\/index.php?rest_route=%2Fwp%2Fv2%2Fmedia&parent=47821"}],"wp:term":[{"taxonomy":"category","embeddable":true,"href":"https:\/\/aconteceunovale.com.br\/portal\/index.php?rest_route=%2Fwp%2Fv2%2Fcategories&post=47821"},{"taxonomy":"post_tag","embeddable":true,"href":"https:\/\/aconteceunovale.com.br\/portal\/index.php?rest_route=%2Fwp%2Fv2%2Ftags&post=47821"}],"curies":[{"name":"wp","href":"https:\/\/api.w.org\/{rel}","templated":true}]}}