{"id":47801,"date":"2014-12-12T21:22:09","date_gmt":"2014-12-13T00:22:09","guid":{"rendered":"http:\/\/aconteceunovale.com.br\/portal\/?p=47801"},"modified":"2014-12-12T21:22:09","modified_gmt":"2014-12-13T00:22:09","slug":"prazo-de-validade-de-passaportes-e-ampliado-de-cinco-para-dez-anos","status":"publish","type":"post","link":"https:\/\/aconteceunovale.com.br\/portal\/?p=47801","title":{"rendered":"Prazo de validade de passaportes \u00e9 ampliado de cinco para dez anos"},"content":{"rendered":"<p>O prazo de validade dos passaportes brasileiros foi ampliado de cinco para dez anos. A medida vale para passaportes comuns, oficiais e diplom\u00e1ticos, bem como para as carteiras de matr\u00edcula consular. A prorroga\u00e7\u00e3o est\u00e1 definida em decreto publicado na edi\u00e7\u00e3o de hoje (12) do\u00a0<em>Di\u00e1rio Oficial da Uni\u00e3o<\/em>.<\/p>\n<p>De acordo com a Pol\u00edcia Federal, ainda n\u00e3o h\u00e1 previs\u00e3o para a emiss\u00e3o dos passaportes com o prazo de validade ampliado. Para aqueles j\u00e1 emitidos, permanece a validade registrada no documento. N\u00e3o \u00e9 preciso esperar at\u00e9 o vencimento do atual para solicitar outro. Atualmente, a taxa para confec\u00e7\u00e3o \u00e9 R$ 156,07.<\/p>\n<p>O passaporte \u00e9 o documento de identifica\u00e7\u00e3o, de propriedade da Uni\u00e3o, exig\u00edvel de todos os que pretendam realizar viagem internacional, salvo nos casos previstos em tratados, acordos e outros atos internacionais.<\/p>\n<p>O processo de solicita\u00e7\u00e3o de passaporte come\u00e7a pelo<a href=\"http:\/\/www.dpf.gov.br\/\" target=\"_blank\">\u00a0<em>site<\/em>\u00a0da Pol\u00edcia Federal<\/a>, que abre todas as informa\u00e7\u00f5es necess\u00e1rias para obten\u00e7\u00e3o do documento.<\/p>\n<p><em>(Ag\u00eancia Brasil)<\/em><\/p>\n","protected":false},"excerpt":{"rendered":"<p>O prazo de validade dos passaportes brasileiros foi ampliado de cinco para dez anos. A medida vale para passaportes comuns, oficiais e diplom\u00e1ticos, bem como para as carteiras de matr\u00edcula consular. A prorroga\u00e7\u00e3o est\u00e1 definida em decreto publicado na edi\u00e7\u00e3o de hoje (12) do\u00a0Di\u00e1rio Oficial da Uni\u00e3o. De acordo com a Pol\u00edcia Federal, ainda n\u00e3o [&hellip;]<\/p>\n","protected":false},"author":1,"featured_media":36644,"comment_status":"open","ping_status":"closed","sticky":false,"template":"","format":"standard","meta":{"amp_status":"","footnotes":""},"categories":[6],"tags":[26567,26568,26565,20123,26564,26563,26566],"class_list":["post-47801","post","type-post","status-publish","format-standard","has-post-thumbnail","hentry","category-br","tag-ampliado","tag-dez-anos","tag-passaportes","tag-prazo","tag-prazo-de-validade-de-passaportes","tag-prazo-de-validade-de-passaportes-e-ampliado-de-cinco-para-dez-anos","tag-validade"],"yoast_head":"<!-- This site is optimized with the Yoast SEO plugin v28.3 - https:\/\/yoast.com\/product\/yoast-seo-wordpress\/ -->\n<title>Prazo de validade de passaportes \u00e9 ampliado de cinco para dez anos - Aconteceu no Vale<\/title>\n<meta name=\"robots\" content=\"index, follow, max-snippet:-1, max-image-preview:large, max-video-preview:-1\" \/>\n<link rel=\"canonical\" href=\"https:\/\/aconteceunovale.com.br\/portal\/?p=47801\" \/>\n<meta property=\"og:locale\" content=\"pt_BR\" \/>\n<meta property=\"og:type\" content=\"article\" \/>\n<meta property=\"og:title\" content=\"Prazo de validade de passaportes \u00e9 ampliado de cinco para dez anos - Aconteceu no Vale\" \/>\n<meta property=\"og:description\" content=\"O prazo de validade dos passaportes brasileiros foi ampliado de cinco para dez anos. A medida vale para passaportes comuns, oficiais e diplom\u00e1ticos, bem como para as carteiras de matr\u00edcula consular. A prorroga\u00e7\u00e3o est\u00e1 definida em decreto publicado na edi\u00e7\u00e3o de hoje (12) do\u00a0Di\u00e1rio Oficial da Uni\u00e3o. De acordo com a Pol\u00edcia Federal, ainda n\u00e3o [&hellip;]\" \/>\n<meta property=\"og:url\" content=\"https:\/\/aconteceunovale.com.br\/portal\/?p=47801\" \/>\n<meta property=\"og:site_name\" content=\"Aconteceu no Vale\" \/>\n<meta property=\"article:publisher\" content=\"https:\/\/www.facebook.com\/aconteceunovale\/\" \/>\n<meta property=\"article:published_time\" content=\"2014-12-13T00:22:09+00:00\" \/>\n<meta property=\"og:image\" content=\"https:\/\/aconteceunovale.com.br\/portal\/wp-content\/uploads\/2014\/08\/passaporte_br-e1567096659513.jpg\" \/>\n\t<meta property=\"og:image:width\" content=\"626\" \/>\n\t<meta property=\"og:image:height\" content=\"450\" \/>\n\t<meta property=\"og:image:type\" content=\"image\/jpeg\" \/>\n<meta name=\"author\" content=\"Aconteceu no Vale\" \/>\n<meta name=\"twitter:card\" content=\"summary_large_image\" \/>\n<meta name=\"twitter:creator\" content=\"@noticiadosvales\" \/>\n<meta name=\"twitter:site\" content=\"@noticiadosvales\" \/>\n<meta name=\"twitter:label1\" content=\"Escrito por\" \/>\n\t<meta name=\"twitter:data1\" content=\"Aconteceu no Vale\" \/>\n\t<meta name=\"twitter:label2\" content=\"Est. tempo de leitura\" \/>\n\t<meta name=\"twitter:data2\" content=\"1 minuto\" \/>\n<script type=\"application\/ld+json\" class=\"yoast-schema-graph\">{\"@context\":\"https:\\\/\\\/schema.org\",\"@graph\":[{\"@type\":\"Article\",\"@id\":\"https:\\\/\\\/aconteceunovale.com.br\\\/portal\\\/?p=47801#article\",\"isPartOf\":{\"@id\":\"https:\\\/\\\/aconteceunovale.com.br\\\/portal\\\/?p=47801\"},\"author\":{\"name\":\"Aconteceu no Vale\",\"@id\":\"https:\\\/\\\/aconteceunovale.com.br\\\/portal\\\/#\\\/schema\\\/person\\\/633529146f2c94272bef50ac2953d589\"},\"headline\":\"Prazo de validade de passaportes \u00e9 ampliado de cinco para dez anos\",\"datePublished\":\"2014-12-13T00:22:09+00:00\",\"mainEntityOfPage\":{\"@id\":\"https:\\\/\\\/aconteceunovale.com.br\\\/portal\\\/?p=47801\"},\"wordCount\":182,\"commentCount\":0,\"image\":{\"@id\":\"https:\\\/\\\/aconteceunovale.com.br\\\/portal\\\/?p=47801#primaryimage\"},\"thumbnailUrl\":\"https:\\\/\\\/aconteceunovale.com.br\\\/portal\\\/wp-content\\\/uploads\\\/2014\\\/08\\\/passaporte_br-e1567096659513.jpg\",\"keywords\":[\"ampliado\",\"dez anos\",\"passaportes\",\"prazo\",\"Prazo de validade de passaportes\",\"Prazo de validade de passaportes \u00e9 ampliado de cinco para dez anos\",\"validade\"],\"articleSection\":[\"Brasil\"],\"inLanguage\":\"pt-BR\",\"potentialAction\":[{\"@type\":\"CommentAction\",\"name\":\"Comment\",\"target\":[\"https:\\\/\\\/aconteceunovale.com.br\\\/portal\\\/?p=47801#respond\"]}]},{\"@type\":\"WebPage\",\"@id\":\"https:\\\/\\\/aconteceunovale.com.br\\\/portal\\\/?p=47801\",\"url\":\"https:\\\/\\\/aconteceunovale.com.br\\\/portal\\\/?p=47801\",\"name\":\"Prazo de validade de passaportes \u00e9 ampliado de cinco para dez anos - Aconteceu no Vale\",\"isPartOf\":{\"@id\":\"https:\\\/\\\/aconteceunovale.com.br\\\/portal\\\/#website\"},\"primaryImageOfPage\":{\"@id\":\"https:\\\/\\\/aconteceunovale.com.br\\\/portal\\\/?p=47801#primaryimage\"},\"image\":{\"@id\":\"https:\\\/\\\/aconteceunovale.com.br\\\/portal\\\/?p=47801#primaryimage\"},\"thumbnailUrl\":\"https:\\\/\\\/aconteceunovale.com.br\\\/portal\\\/wp-content\\\/uploads\\\/2014\\\/08\\\/passaporte_br-e1567096659513.jpg\",\"datePublished\":\"2014-12-13T00:22:09+00:00\",\"author\":{\"@id\":\"https:\\\/\\\/aconteceunovale.com.br\\\/portal\\\/#\\\/schema\\\/person\\\/633529146f2c94272bef50ac2953d589\"},\"breadcrumb\":{\"@id\":\"https:\\\/\\\/aconteceunovale.com.br\\\/portal\\\/?p=47801#breadcrumb\"},\"inLanguage\":\"pt-BR\",\"potentialAction\":[{\"@type\":\"ReadAction\",\"target\":[\"https:\\\/\\\/aconteceunovale.com.br\\\/portal\\\/?p=47801\"]}]},{\"@type\":\"ImageObject\",\"inLanguage\":\"pt-BR\",\"@id\":\"https:\\\/\\\/aconteceunovale.com.br\\\/portal\\\/?p=47801#primaryimage\",\"url\":\"https:\\\/\\\/aconteceunovale.com.br\\\/portal\\\/wp-content\\\/uploads\\\/2014\\\/08\\\/passaporte_br-e1567096659513.jpg\",\"contentUrl\":\"https:\\\/\\\/aconteceunovale.com.br\\\/portal\\\/wp-content\\\/uploads\\\/2014\\\/08\\\/passaporte_br-e1567096659513.jpg\",\"width\":626,\"height\":450},{\"@type\":\"BreadcrumbList\",\"@id\":\"https:\\\/\\\/aconteceunovale.com.br\\\/portal\\\/?p=47801#breadcrumb\",\"itemListElement\":[{\"@type\":\"ListItem\",\"position\":1,\"name\":\"In\u00edcio\",\"item\":\"https:\\\/\\\/aconteceunovale.com.br\\\/portal\\\/\"},{\"@type\":\"ListItem\",\"position\":2,\"name\":\"Prazo de validade de passaportes \u00e9 ampliado de cinco para dez anos\"}]},{\"@type\":\"WebSite\",\"@id\":\"https:\\\/\\\/aconteceunovale.com.br\\\/portal\\\/#website\",\"url\":\"https:\\\/\\\/aconteceunovale.com.br\\\/portal\\\/\",\"name\":\"Aconteceu no Vale\",\"description\":\"Portal de Not\u00edcias\",\"potentialAction\":[{\"@type\":\"SearchAction\",\"target\":{\"@type\":\"EntryPoint\",\"urlTemplate\":\"https:\\\/\\\/aconteceunovale.com.br\\\/portal\\\/?s={search_term_string}\"},\"query-input\":{\"@type\":\"PropertyValueSpecification\",\"valueRequired\":true,\"valueName\":\"search_term_string\"}}],\"inLanguage\":\"pt-BR\"},{\"@type\":\"Person\",\"@id\":\"https:\\\/\\\/aconteceunovale.com.br\\\/portal\\\/#\\\/schema\\\/person\\\/633529146f2c94272bef50ac2953d589\",\"name\":\"Aconteceu no Vale\",\"description\":\"Equipe de reportagem do Aconteceu no Vale, portal de not\u00edcias do Vale do Jequitinhonha, em Minas Gerais. Cobrimos as 51 cidades do Vale desde 2013. Sugest\u00f5es de pauta e pedidos de corre\u00e7\u00e3o: contato@aconteceunovale.com.br\",\"sameAs\":[\"http:\\\/\\\/www.aconteceunovale.com.br\"],\"url\":\"https:\\\/\\\/aconteceunovale.com.br\\\/portal\\\/?author=1\"}]}<\/script>\n<!-- \/ Yoast SEO plugin. -->","yoast_head_json":{"title":"Prazo de validade de passaportes \u00e9 ampliado de cinco para dez anos - Aconteceu no Vale","robots":{"index":"index","follow":"follow","max-snippet":"max-snippet:-1","max-image-preview":"max-image-preview:large","max-video-preview":"max-video-preview:-1"},"canonical":"https:\/\/aconteceunovale.com.br\/portal\/?p=47801","og_locale":"pt_BR","og_type":"article","og_title":"Prazo de validade de passaportes \u00e9 ampliado de cinco para dez anos - Aconteceu no Vale","og_description":"O prazo de validade dos passaportes brasileiros foi ampliado de cinco para dez anos. A medida vale para passaportes comuns, oficiais e diplom\u00e1ticos, bem como para as carteiras de matr\u00edcula consular. A prorroga\u00e7\u00e3o est\u00e1 definida em decreto publicado na edi\u00e7\u00e3o de hoje (12) do\u00a0Di\u00e1rio Oficial da Uni\u00e3o. De acordo com a Pol\u00edcia Federal, ainda n\u00e3o [&hellip;]","og_url":"https:\/\/aconteceunovale.com.br\/portal\/?p=47801","og_site_name":"Aconteceu no Vale","article_publisher":"https:\/\/www.facebook.com\/aconteceunovale\/","article_published_time":"2014-12-13T00:22:09+00:00","og_image":[{"width":626,"height":450,"url":"https:\/\/aconteceunovale.com.br\/portal\/wp-content\/uploads\/2014\/08\/passaporte_br-e1567096659513.jpg","type":"image\/jpeg"}],"author":"Aconteceu no Vale","twitter_card":"summary_large_image","twitter_creator":"@noticiadosvales","twitter_site":"@noticiadosvales","twitter_misc":{"Escrito por":"Aconteceu no Vale","Est. tempo de leitura":"1 minuto"},"schema":{"@context":"https:\/\/schema.org","@graph":[{"@type":"Article","@id":"https:\/\/aconteceunovale.com.br\/portal\/?p=47801#article","isPartOf":{"@id":"https:\/\/aconteceunovale.com.br\/portal\/?p=47801"},"author":{"name":"Aconteceu no Vale","@id":"https:\/\/aconteceunovale.com.br\/portal\/#\/schema\/person\/633529146f2c94272bef50ac2953d589"},"headline":"Prazo de validade de passaportes \u00e9 ampliado de cinco para dez anos","datePublished":"2014-12-13T00:22:09+00:00","mainEntityOfPage":{"@id":"https:\/\/aconteceunovale.com.br\/portal\/?p=47801"},"wordCount":182,"commentCount":0,"image":{"@id":"https:\/\/aconteceunovale.com.br\/portal\/?p=47801#primaryimage"},"thumbnailUrl":"https:\/\/aconteceunovale.com.br\/portal\/wp-content\/uploads\/2014\/08\/passaporte_br-e1567096659513.jpg","keywords":["ampliado","dez anos","passaportes","prazo","Prazo de validade de passaportes","Prazo de validade de passaportes \u00e9 ampliado de cinco para dez anos","validade"],"articleSection":["Brasil"],"inLanguage":"pt-BR","potentialAction":[{"@type":"CommentAction","name":"Comment","target":["https:\/\/aconteceunovale.com.br\/portal\/?p=47801#respond"]}]},{"@type":"WebPage","@id":"https:\/\/aconteceunovale.com.br\/portal\/?p=47801","url":"https:\/\/aconteceunovale.com.br\/portal\/?p=47801","name":"Prazo de validade de passaportes \u00e9 ampliado de cinco para dez anos - Aconteceu no Vale","isPartOf":{"@id":"https:\/\/aconteceunovale.com.br\/portal\/#website"},"primaryImageOfPage":{"@id":"https:\/\/aconteceunovale.com.br\/portal\/?p=47801#primaryimage"},"image":{"@id":"https:\/\/aconteceunovale.com.br\/portal\/?p=47801#primaryimage"},"thumbnailUrl":"https:\/\/aconteceunovale.com.br\/portal\/wp-content\/uploads\/2014\/08\/passaporte_br-e1567096659513.jpg","datePublished":"2014-12-13T00:22:09+00:00","author":{"@id":"https:\/\/aconteceunovale.com.br\/portal\/#\/schema\/person\/633529146f2c94272bef50ac2953d589"},"breadcrumb":{"@id":"https:\/\/aconteceunovale.com.br\/portal\/?p=47801#breadcrumb"},"inLanguage":"pt-BR","potentialAction":[{"@type":"ReadAction","target":["https:\/\/aconteceunovale.com.br\/portal\/?p=47801"]}]},{"@type":"ImageObject","inLanguage":"pt-BR","@id":"https:\/\/aconteceunovale.com.br\/portal\/?p=47801#primaryimage","url":"https:\/\/aconteceunovale.com.br\/portal\/wp-content\/uploads\/2014\/08\/passaporte_br-e1567096659513.jpg","contentUrl":"https:\/\/aconteceunovale.com.br\/portal\/wp-content\/uploads\/2014\/08\/passaporte_br-e1567096659513.jpg","width":626,"height":450},{"@type":"BreadcrumbList","@id":"https:\/\/aconteceunovale.com.br\/portal\/?p=47801#breadcrumb","itemListElement":[{"@type":"ListItem","position":1,"name":"In\u00edcio","item":"https:\/\/aconteceunovale.com.br\/portal\/"},{"@type":"ListItem","position":2,"name":"Prazo de validade de passaportes \u00e9 ampliado de cinco para dez anos"}]},{"@type":"WebSite","@id":"https:\/\/aconteceunovale.com.br\/portal\/#website","url":"https:\/\/aconteceunovale.com.br\/portal\/","name":"Aconteceu no Vale","description":"Portal de Not\u00edcias","potentialAction":[{"@type":"SearchAction","target":{"@type":"EntryPoint","urlTemplate":"https:\/\/aconteceunovale.com.br\/portal\/?s={search_term_string}"},"query-input":{"@type":"PropertyValueSpecification","valueRequired":true,"valueName":"search_term_string"}}],"inLanguage":"pt-BR"},{"@type":"Person","@id":"https:\/\/aconteceunovale.com.br\/portal\/#\/schema\/person\/633529146f2c94272bef50ac2953d589","name":"Aconteceu no Vale","description":"Equipe de reportagem do Aconteceu no Vale, portal de not\u00edcias do Vale do Jequitinhonha, em Minas Gerais. Cobrimos as 51 cidades do Vale desde 2013. Sugest\u00f5es de pauta e pedidos de corre\u00e7\u00e3o: contato@aconteceunovale.com.br","sameAs":["http:\/\/www.aconteceunovale.com.br"],"url":"https:\/\/aconteceunovale.com.br\/portal\/?author=1"}]}},"_links":{"self":[{"href":"https:\/\/aconteceunovale.com.br\/portal\/index.php?rest_route=\/wp\/v2\/posts\/47801","targetHints":{"allow":["GET"]}}],"collection":[{"href":"https:\/\/aconteceunovale.com.br\/portal\/index.php?rest_route=\/wp\/v2\/posts"}],"about":[{"href":"https:\/\/aconteceunovale.com.br\/portal\/index.php?rest_route=\/wp\/v2\/types\/post"}],"author":[{"embeddable":true,"href":"https:\/\/aconteceunovale.com.br\/portal\/index.php?rest_route=\/wp\/v2\/users\/1"}],"replies":[{"embeddable":true,"href":"https:\/\/aconteceunovale.com.br\/portal\/index.php?rest_route=%2Fwp%2Fv2%2Fcomments&post=47801"}],"version-history":[{"count":0,"href":"https:\/\/aconteceunovale.com.br\/portal\/index.php?rest_route=\/wp\/v2\/posts\/47801\/revisions"}],"wp:featuredmedia":[{"embeddable":true,"href":"https:\/\/aconteceunovale.com.br\/portal\/index.php?rest_route=\/wp\/v2\/media\/36644"}],"wp:attachment":[{"href":"https:\/\/aconteceunovale.com.br\/portal\/index.php?rest_route=%2Fwp%2Fv2%2Fmedia&parent=47801"}],"wp:term":[{"taxonomy":"category","embeddable":true,"href":"https:\/\/aconteceunovale.com.br\/portal\/index.php?rest_route=%2Fwp%2Fv2%2Fcategories&post=47801"},{"taxonomy":"post_tag","embeddable":true,"href":"https:\/\/aconteceunovale.com.br\/portal\/index.php?rest_route=%2Fwp%2Fv2%2Ftags&post=47801"}],"curies":[{"name":"wp","href":"https:\/\/api.w.org\/{rel}","templated":true}]}}