{"id":47798,"date":"2014-12-12T21:02:02","date_gmt":"2014-12-13T00:02:02","guid":{"rendered":"http:\/\/aconteceunovale.com.br\/portal\/?p=47798"},"modified":"2014-12-12T21:02:02","modified_gmt":"2014-12-13T00:02:02","slug":"incra-anuncia-criacao-de-assentamentos-com-capacidade-para-73-familias-em-minas-gerais","status":"publish","type":"post","link":"https:\/\/aconteceunovale.com.br\/portal\/?p=47798","title":{"rendered":"Incra anuncia cria\u00e7\u00e3o de assentamentos com capacidade para 73 fam\u00edlias em Minas  Gerais"},"content":{"rendered":"<p>Foi publicado, no Di\u00e1rio Oficial da Uni\u00e3o (DOU), nesta sexta-feira (12), as portarias de cria\u00e7\u00e3o de tr\u00eas assentamentos do Incra em Minas Gerais. Juntas, as \u00e1reas t\u00eam capacidade para 73 fam\u00edlias.<\/p>\n<p>Em Felixl\u00e2ndia, na regi\u00e3o Central do Estado, foi criado o Assentamento Ponte de Baixo, nas Fazendas Ponte de Baixo e Meleiros, com \u00e1rea total de 901 hectares e capacidade para 25 fam\u00edlias. As propriedades tiveram Decreto Presidencial de interesse social para reforma agr\u00e1ria publicado em dezembro de 2010, que entraram na posse da autarquia em a\u00e7\u00e3o de desapropria\u00e7\u00e3o, em maio de 2013.<\/p>\n<p>Em Jampruca, na regi\u00e3o do Vale do Rio Doce, na Fazenda Lagoa do Belo, foi criado o assentamento Belo Monte, com 941 hectares e capacidade para 16 fam\u00edlias. O Decreto Presidencial foi publicado em dezembro de 2011 e a imiss\u00e3o na posse em favor do Incra ocorreu em outubro deste ano.<\/p>\n<p>Tamb\u00e9m em Jampruca, na divisa com Campan\u00e1rio, foi criado o assentamento Eg\u00eddio Bruneto, na Fazenda Santa Helena, com 1.879 hectares e capacidade para 32 benefici\u00e1rios da reforma agr\u00e1ria. O im\u00f3vel foi declarado de interesse social em dezembro de 2011 e concedida a posse ao Incra em mar\u00e7o deste ano.<\/p>\n<p>Com as publica\u00e7\u00f5es, o Incra\/MG contabiliza seis assentamentos criados em 2014, com a capacidade para 288 fam\u00edlias de trabalhadores rurais. Ao todo, existem 331 assentamentos no Estado, onde vivem 20,8 mil fam\u00edlias agricultoras.<\/p>\n<p><strong><em>(Fonte: Incra)<\/em><\/strong><\/p>\n","protected":false},"excerpt":{"rendered":"<p>Foi publicado, no Di\u00e1rio Oficial da Uni\u00e3o (DOU), nesta sexta-feira (12), as portarias de cria\u00e7\u00e3o de tr\u00eas assentamentos do Incra em Minas Gerais. Juntas, as \u00e1reas t\u00eam capacidade para 73 fam\u00edlias. Em Felixl\u00e2ndia, na regi\u00e3o Central do Estado, foi criado o Assentamento Ponte de Baixo, nas Fazendas Ponte de Baixo e Meleiros, com \u00e1rea total [&hellip;]<\/p>\n","protected":false},"author":1,"featured_media":47799,"comment_status":"open","ping_status":"closed","sticky":false,"template":"","format":"standard","meta":{"amp_status":"","footnotes":""},"categories":[123],"tags":[26561,26562,26560,26558,26559,1271,26557,236],"class_list":["post-47798","post","type-post","status-publish","format-standard","has-post-thumbnail","hentry","category-gerais","tag-assentamento-belo-monte","tag-assentamento-egidio-bruneto","tag-assentamento-ponte-de-baixo","tag-criacao-de-assentamento-em-felixlandia","tag-criacao-de-assentamento-em-jampruca","tag-felixlandia","tag-incra-anuncia-criacao-de-assentamentos-com-capacidade-para-73-familias-em-minas-gerais","tag-jampruca"],"yoast_head":"<!-- This site is optimized with the Yoast SEO plugin v28.3 - https:\/\/yoast.com\/product\/yoast-seo-wordpress\/ -->\n<title>Incra anuncia cria\u00e7\u00e3o de assentamentos com capacidade para 73 fam\u00edlias em Minas Gerais - Aconteceu no Vale<\/title>\n<meta name=\"robots\" content=\"index, follow, max-snippet:-1, max-image-preview:large, max-video-preview:-1\" \/>\n<link rel=\"canonical\" href=\"https:\/\/aconteceunovale.com.br\/portal\/?p=47798\" \/>\n<meta property=\"og:locale\" content=\"pt_BR\" \/>\n<meta property=\"og:type\" content=\"article\" \/>\n<meta property=\"og:title\" content=\"Incra anuncia cria\u00e7\u00e3o de assentamentos com capacidade para 73 fam\u00edlias em Minas Gerais - Aconteceu no Vale\" \/>\n<meta property=\"og:description\" content=\"Foi publicado, no Di\u00e1rio Oficial da Uni\u00e3o (DOU), nesta sexta-feira (12), as portarias de cria\u00e7\u00e3o de tr\u00eas assentamentos do Incra em Minas Gerais. Juntas, as \u00e1reas t\u00eam capacidade para 73 fam\u00edlias. Em Felixl\u00e2ndia, na regi\u00e3o Central do Estado, foi criado o Assentamento Ponte de Baixo, nas Fazendas Ponte de Baixo e Meleiros, com \u00e1rea total [&hellip;]\" \/>\n<meta property=\"og:url\" content=\"https:\/\/aconteceunovale.com.br\/portal\/?p=47798\" \/>\n<meta property=\"og:site_name\" content=\"Aconteceu no Vale\" \/>\n<meta property=\"article:publisher\" content=\"https:\/\/www.facebook.com\/aconteceunovale\/\" \/>\n<meta property=\"article:published_time\" content=\"2014-12-13T00:02:02+00:00\" \/>\n<meta property=\"og:image\" content=\"https:\/\/aconteceunovale.com.br\/portal\/wp-content\/uploads\/2014\/12\/incra_logo.gif\" \/>\n\t<meta property=\"og:image:width\" content=\"678\" \/>\n\t<meta property=\"og:image:height\" content=\"372\" \/>\n\t<meta property=\"og:image:type\" content=\"image\/gif\" \/>\n<meta name=\"author\" content=\"Aconteceu no Vale\" \/>\n<meta name=\"twitter:card\" content=\"summary_large_image\" \/>\n<meta name=\"twitter:creator\" content=\"@noticiadosvales\" \/>\n<meta name=\"twitter:site\" content=\"@noticiadosvales\" \/>\n<meta name=\"twitter:label1\" content=\"Escrito por\" \/>\n\t<meta name=\"twitter:data1\" content=\"Aconteceu no Vale\" \/>\n\t<meta name=\"twitter:label2\" content=\"Est. tempo de leitura\" \/>\n\t<meta name=\"twitter:data2\" content=\"1 minuto\" \/>\n<script type=\"application\/ld+json\" class=\"yoast-schema-graph\">{\"@context\":\"https:\\\/\\\/schema.org\",\"@graph\":[{\"@type\":\"Article\",\"@id\":\"https:\\\/\\\/aconteceunovale.com.br\\\/portal\\\/?p=47798#article\",\"isPartOf\":{\"@id\":\"https:\\\/\\\/aconteceunovale.com.br\\\/portal\\\/?p=47798\"},\"author\":{\"name\":\"Aconteceu no Vale\",\"@id\":\"https:\\\/\\\/aconteceunovale.com.br\\\/portal\\\/#\\\/schema\\\/person\\\/633529146f2c94272bef50ac2953d589\"},\"headline\":\"Incra anuncia cria\u00e7\u00e3o de assentamentos com capacidade para 73 fam\u00edlias em Minas Gerais\",\"datePublished\":\"2014-12-13T00:02:02+00:00\",\"mainEntityOfPage\":{\"@id\":\"https:\\\/\\\/aconteceunovale.com.br\\\/portal\\\/?p=47798\"},\"wordCount\":252,\"commentCount\":0,\"image\":{\"@id\":\"https:\\\/\\\/aconteceunovale.com.br\\\/portal\\\/?p=47798#primaryimage\"},\"thumbnailUrl\":\"https:\\\/\\\/aconteceunovale.com.br\\\/portal\\\/wp-content\\\/uploads\\\/2014\\\/12\\\/incra_logo.gif\",\"keywords\":[\"assentamento Belo Monte\",\"assentamento Eg\u00eddio Bruneto\",\"Assentamento Ponte de Baixo\",\"cria\u00e7\u00e3o de assentamento em Felixl\u00e2ndia\",\"cria\u00e7\u00e3o de assentamento em Jampruca\",\"Felixl\u00e2ndia\",\"Incra anuncia cria\u00e7\u00e3o de assentamentos com capacidade para 73 fam\u00edlias em Minas Gerais\",\"Jampruca\"],\"articleSection\":[\"Minas Gerais\"],\"inLanguage\":\"pt-BR\",\"potentialAction\":[{\"@type\":\"CommentAction\",\"name\":\"Comment\",\"target\":[\"https:\\\/\\\/aconteceunovale.com.br\\\/portal\\\/?p=47798#respond\"]}]},{\"@type\":\"WebPage\",\"@id\":\"https:\\\/\\\/aconteceunovale.com.br\\\/portal\\\/?p=47798\",\"url\":\"https:\\\/\\\/aconteceunovale.com.br\\\/portal\\\/?p=47798\",\"name\":\"Incra anuncia cria\u00e7\u00e3o de assentamentos com capacidade para 73 fam\u00edlias em Minas Gerais - Aconteceu no Vale\",\"isPartOf\":{\"@id\":\"https:\\\/\\\/aconteceunovale.com.br\\\/portal\\\/#website\"},\"primaryImageOfPage\":{\"@id\":\"https:\\\/\\\/aconteceunovale.com.br\\\/portal\\\/?p=47798#primaryimage\"},\"image\":{\"@id\":\"https:\\\/\\\/aconteceunovale.com.br\\\/portal\\\/?p=47798#primaryimage\"},\"thumbnailUrl\":\"https:\\\/\\\/aconteceunovale.com.br\\\/portal\\\/wp-content\\\/uploads\\\/2014\\\/12\\\/incra_logo.gif\",\"datePublished\":\"2014-12-13T00:02:02+00:00\",\"author\":{\"@id\":\"https:\\\/\\\/aconteceunovale.com.br\\\/portal\\\/#\\\/schema\\\/person\\\/633529146f2c94272bef50ac2953d589\"},\"breadcrumb\":{\"@id\":\"https:\\\/\\\/aconteceunovale.com.br\\\/portal\\\/?p=47798#breadcrumb\"},\"inLanguage\":\"pt-BR\",\"potentialAction\":[{\"@type\":\"ReadAction\",\"target\":[\"https:\\\/\\\/aconteceunovale.com.br\\\/portal\\\/?p=47798\"]}]},{\"@type\":\"ImageObject\",\"inLanguage\":\"pt-BR\",\"@id\":\"https:\\\/\\\/aconteceunovale.com.br\\\/portal\\\/?p=47798#primaryimage\",\"url\":\"https:\\\/\\\/aconteceunovale.com.br\\\/portal\\\/wp-content\\\/uploads\\\/2014\\\/12\\\/incra_logo.gif\",\"contentUrl\":\"https:\\\/\\\/aconteceunovale.com.br\\\/portal\\\/wp-content\\\/uploads\\\/2014\\\/12\\\/incra_logo.gif\",\"width\":678,\"height\":372},{\"@type\":\"BreadcrumbList\",\"@id\":\"https:\\\/\\\/aconteceunovale.com.br\\\/portal\\\/?p=47798#breadcrumb\",\"itemListElement\":[{\"@type\":\"ListItem\",\"position\":1,\"name\":\"In\u00edcio\",\"item\":\"https:\\\/\\\/aconteceunovale.com.br\\\/portal\\\/\"},{\"@type\":\"ListItem\",\"position\":2,\"name\":\"Incra anuncia cria\u00e7\u00e3o de assentamentos com capacidade para 73 fam\u00edlias em Minas Gerais\"}]},{\"@type\":\"WebSite\",\"@id\":\"https:\\\/\\\/aconteceunovale.com.br\\\/portal\\\/#website\",\"url\":\"https:\\\/\\\/aconteceunovale.com.br\\\/portal\\\/\",\"name\":\"Aconteceu no Vale\",\"description\":\"Portal de Not\u00edcias\",\"potentialAction\":[{\"@type\":\"SearchAction\",\"target\":{\"@type\":\"EntryPoint\",\"urlTemplate\":\"https:\\\/\\\/aconteceunovale.com.br\\\/portal\\\/?s={search_term_string}\"},\"query-input\":{\"@type\":\"PropertyValueSpecification\",\"valueRequired\":true,\"valueName\":\"search_term_string\"}}],\"inLanguage\":\"pt-BR\"},{\"@type\":\"Person\",\"@id\":\"https:\\\/\\\/aconteceunovale.com.br\\\/portal\\\/#\\\/schema\\\/person\\\/633529146f2c94272bef50ac2953d589\",\"name\":\"Aconteceu no Vale\",\"description\":\"Equipe de reportagem do Aconteceu no Vale, portal de not\u00edcias do Vale do Jequitinhonha, em Minas Gerais. Cobrimos as 51 cidades do Vale desde 2013. Sugest\u00f5es de pauta e pedidos de corre\u00e7\u00e3o: contato@aconteceunovale.com.br\",\"sameAs\":[\"http:\\\/\\\/www.aconteceunovale.com.br\"],\"url\":\"https:\\\/\\\/aconteceunovale.com.br\\\/portal\\\/?author=1\"}]}<\/script>\n<!-- \/ Yoast SEO plugin. -->","yoast_head_json":{"title":"Incra anuncia cria\u00e7\u00e3o de assentamentos com capacidade para 73 fam\u00edlias em Minas Gerais - Aconteceu no Vale","robots":{"index":"index","follow":"follow","max-snippet":"max-snippet:-1","max-image-preview":"max-image-preview:large","max-video-preview":"max-video-preview:-1"},"canonical":"https:\/\/aconteceunovale.com.br\/portal\/?p=47798","og_locale":"pt_BR","og_type":"article","og_title":"Incra anuncia cria\u00e7\u00e3o de assentamentos com capacidade para 73 fam\u00edlias em Minas Gerais - Aconteceu no Vale","og_description":"Foi publicado, no Di\u00e1rio Oficial da Uni\u00e3o (DOU), nesta sexta-feira (12), as portarias de cria\u00e7\u00e3o de tr\u00eas assentamentos do Incra em Minas Gerais. Juntas, as \u00e1reas t\u00eam capacidade para 73 fam\u00edlias. Em Felixl\u00e2ndia, na regi\u00e3o Central do Estado, foi criado o Assentamento Ponte de Baixo, nas Fazendas Ponte de Baixo e Meleiros, com \u00e1rea total [&hellip;]","og_url":"https:\/\/aconteceunovale.com.br\/portal\/?p=47798","og_site_name":"Aconteceu no Vale","article_publisher":"https:\/\/www.facebook.com\/aconteceunovale\/","article_published_time":"2014-12-13T00:02:02+00:00","og_image":[{"width":678,"height":372,"url":"https:\/\/aconteceunovale.com.br\/portal\/wp-content\/uploads\/2014\/12\/incra_logo.gif","type":"image\/gif"}],"author":"Aconteceu no Vale","twitter_card":"summary_large_image","twitter_creator":"@noticiadosvales","twitter_site":"@noticiadosvales","twitter_misc":{"Escrito por":"Aconteceu no Vale","Est. tempo de leitura":"1 minuto"},"schema":{"@context":"https:\/\/schema.org","@graph":[{"@type":"Article","@id":"https:\/\/aconteceunovale.com.br\/portal\/?p=47798#article","isPartOf":{"@id":"https:\/\/aconteceunovale.com.br\/portal\/?p=47798"},"author":{"name":"Aconteceu no Vale","@id":"https:\/\/aconteceunovale.com.br\/portal\/#\/schema\/person\/633529146f2c94272bef50ac2953d589"},"headline":"Incra anuncia cria\u00e7\u00e3o de assentamentos com capacidade para 73 fam\u00edlias em Minas Gerais","datePublished":"2014-12-13T00:02:02+00:00","mainEntityOfPage":{"@id":"https:\/\/aconteceunovale.com.br\/portal\/?p=47798"},"wordCount":252,"commentCount":0,"image":{"@id":"https:\/\/aconteceunovale.com.br\/portal\/?p=47798#primaryimage"},"thumbnailUrl":"https:\/\/aconteceunovale.com.br\/portal\/wp-content\/uploads\/2014\/12\/incra_logo.gif","keywords":["assentamento Belo Monte","assentamento Eg\u00eddio Bruneto","Assentamento Ponte de Baixo","cria\u00e7\u00e3o de assentamento em Felixl\u00e2ndia","cria\u00e7\u00e3o de assentamento em Jampruca","Felixl\u00e2ndia","Incra anuncia cria\u00e7\u00e3o de assentamentos com capacidade para 73 fam\u00edlias em Minas Gerais","Jampruca"],"articleSection":["Minas Gerais"],"inLanguage":"pt-BR","potentialAction":[{"@type":"CommentAction","name":"Comment","target":["https:\/\/aconteceunovale.com.br\/portal\/?p=47798#respond"]}]},{"@type":"WebPage","@id":"https:\/\/aconteceunovale.com.br\/portal\/?p=47798","url":"https:\/\/aconteceunovale.com.br\/portal\/?p=47798","name":"Incra anuncia cria\u00e7\u00e3o de assentamentos com capacidade para 73 fam\u00edlias em Minas Gerais - Aconteceu no Vale","isPartOf":{"@id":"https:\/\/aconteceunovale.com.br\/portal\/#website"},"primaryImageOfPage":{"@id":"https:\/\/aconteceunovale.com.br\/portal\/?p=47798#primaryimage"},"image":{"@id":"https:\/\/aconteceunovale.com.br\/portal\/?p=47798#primaryimage"},"thumbnailUrl":"https:\/\/aconteceunovale.com.br\/portal\/wp-content\/uploads\/2014\/12\/incra_logo.gif","datePublished":"2014-12-13T00:02:02+00:00","author":{"@id":"https:\/\/aconteceunovale.com.br\/portal\/#\/schema\/person\/633529146f2c94272bef50ac2953d589"},"breadcrumb":{"@id":"https:\/\/aconteceunovale.com.br\/portal\/?p=47798#breadcrumb"},"inLanguage":"pt-BR","potentialAction":[{"@type":"ReadAction","target":["https:\/\/aconteceunovale.com.br\/portal\/?p=47798"]}]},{"@type":"ImageObject","inLanguage":"pt-BR","@id":"https:\/\/aconteceunovale.com.br\/portal\/?p=47798#primaryimage","url":"https:\/\/aconteceunovale.com.br\/portal\/wp-content\/uploads\/2014\/12\/incra_logo.gif","contentUrl":"https:\/\/aconteceunovale.com.br\/portal\/wp-content\/uploads\/2014\/12\/incra_logo.gif","width":678,"height":372},{"@type":"BreadcrumbList","@id":"https:\/\/aconteceunovale.com.br\/portal\/?p=47798#breadcrumb","itemListElement":[{"@type":"ListItem","position":1,"name":"In\u00edcio","item":"https:\/\/aconteceunovale.com.br\/portal\/"},{"@type":"ListItem","position":2,"name":"Incra anuncia cria\u00e7\u00e3o de assentamentos com capacidade para 73 fam\u00edlias em Minas Gerais"}]},{"@type":"WebSite","@id":"https:\/\/aconteceunovale.com.br\/portal\/#website","url":"https:\/\/aconteceunovale.com.br\/portal\/","name":"Aconteceu no Vale","description":"Portal de Not\u00edcias","potentialAction":[{"@type":"SearchAction","target":{"@type":"EntryPoint","urlTemplate":"https:\/\/aconteceunovale.com.br\/portal\/?s={search_term_string}"},"query-input":{"@type":"PropertyValueSpecification","valueRequired":true,"valueName":"search_term_string"}}],"inLanguage":"pt-BR"},{"@type":"Person","@id":"https:\/\/aconteceunovale.com.br\/portal\/#\/schema\/person\/633529146f2c94272bef50ac2953d589","name":"Aconteceu no Vale","description":"Equipe de reportagem do Aconteceu no Vale, portal de not\u00edcias do Vale do Jequitinhonha, em Minas Gerais. Cobrimos as 51 cidades do Vale desde 2013. Sugest\u00f5es de pauta e pedidos de corre\u00e7\u00e3o: contato@aconteceunovale.com.br","sameAs":["http:\/\/www.aconteceunovale.com.br"],"url":"https:\/\/aconteceunovale.com.br\/portal\/?author=1"}]}},"_links":{"self":[{"href":"https:\/\/aconteceunovale.com.br\/portal\/index.php?rest_route=\/wp\/v2\/posts\/47798","targetHints":{"allow":["GET"]}}],"collection":[{"href":"https:\/\/aconteceunovale.com.br\/portal\/index.php?rest_route=\/wp\/v2\/posts"}],"about":[{"href":"https:\/\/aconteceunovale.com.br\/portal\/index.php?rest_route=\/wp\/v2\/types\/post"}],"author":[{"embeddable":true,"href":"https:\/\/aconteceunovale.com.br\/portal\/index.php?rest_route=\/wp\/v2\/users\/1"}],"replies":[{"embeddable":true,"href":"https:\/\/aconteceunovale.com.br\/portal\/index.php?rest_route=%2Fwp%2Fv2%2Fcomments&post=47798"}],"version-history":[{"count":0,"href":"https:\/\/aconteceunovale.com.br\/portal\/index.php?rest_route=\/wp\/v2\/posts\/47798\/revisions"}],"wp:featuredmedia":[{"embeddable":true,"href":"https:\/\/aconteceunovale.com.br\/portal\/index.php?rest_route=\/wp\/v2\/media\/47799"}],"wp:attachment":[{"href":"https:\/\/aconteceunovale.com.br\/portal\/index.php?rest_route=%2Fwp%2Fv2%2Fmedia&parent=47798"}],"wp:term":[{"taxonomy":"category","embeddable":true,"href":"https:\/\/aconteceunovale.com.br\/portal\/index.php?rest_route=%2Fwp%2Fv2%2Fcategories&post=47798"},{"taxonomy":"post_tag","embeddable":true,"href":"https:\/\/aconteceunovale.com.br\/portal\/index.php?rest_route=%2Fwp%2Fv2%2Ftags&post=47798"}],"curies":[{"name":"wp","href":"https:\/\/api.w.org\/{rel}","templated":true}]}}