{"id":47789,"date":"2014-12-12T20:26:02","date_gmt":"2014-12-12T23:26:02","guid":{"rendered":"http:\/\/aconteceunovale.com.br\/portal\/?p=47789"},"modified":"2014-12-12T20:26:02","modified_gmt":"2014-12-12T23:26:02","slug":"motociclista-morre-em-acidente-no-municipio-de-governador-valadares","status":"publish","type":"post","link":"https:\/\/aconteceunovale.com.br\/portal\/?p=47789","title":{"rendered":"Motociclista morre em acidente no munic\u00edpio de Governador Valadares"},"content":{"rendered":"<h4><strong><em>Arn\u00f3bio Domingues de Lima, de 31 anos, morreu ap\u00f3s colidir a motocicleta que conduzia contra um caminh\u00e3o. <\/em><\/strong><\/h4>\n<p>Um homem de 31 anos morreu em um acidente na noite dessa quinta-feira, 11 de dezembro, na MGC-259, entre o distrito de Santo Ant\u00f4nio do Pombal e Governador Valadares, no Leste de Minas Gerais. De acordo com a Pol\u00edcia Militar, Arn\u00f3bio Domingues de Lima estava em uma motocicleta e bateu de frente num caminh\u00e3o.<\/p>\n<p>Ainda segundo a PM, o condutor do caminh\u00e3o, com placa de Piumhi (MG), relatou que seguia no sentido Santo Ant\u00f4nio do Pontal\/Valadares quando, em uma curva, foi surpreendido pela moto, que transitava no sentido contr\u00e1rio, com os far\u00f3is apagados e que bateu de frente no seu ve\u00edculo.<\/p>\n<p>O motorista, de 35 anos, tamb\u00e9m disse que o fato foi presenciado por outro usu\u00e1rio da via, que se identificou e forneceu o n\u00famero do celular, \u201cpara contato posterior se necess\u00e1rio fosse\u201d. Essa pessoa relatou que o condutor da motocicleta havia efetuado diversas ultrapassagens antes de colidir, na curva, como o caminh\u00e3o. A motocicleta era conduzida por Arn\u00f3bio Domingues de Lima, que n\u00e3o resistiu aos ferimentos e morreu no local do acidente.<\/p>\n<p>O local foi isolado e a per\u00edcia t\u00e9cnica, acionada. O corpo foi encaminhado ao Posto de Per\u00edcia Integrada (PPI) de Governador Valadares.<\/p>\n<p>A motocicleta, que n\u00e3o possu\u00eda licenciamento, foi removida a um p\u00e1tio credenciado da cidade. Foi lavrado um auto de infra\u00e7\u00e3o e o condutor do caminh\u00e3o, encaminhado \u00e0 delegacia de pol\u00edcia para prestar esclarecimentos.<\/p>\n<p><img decoding=\"async\" src=\"http:\/\/aconteceunovale.com.br\/portal\/wp-content\/uploads\/2014\/12\/acidente_gv_12_12.jpg\" alt=\"\" \/><em>Motociclista morreu no local do acidente &#8211; Foto: Roberto Higino\/Caso de Pol\u00edcia<\/em><br \/>\n<\/br><\/p>\n<p><strong><em>(Di\u00e1rio do Rio Doce)<\/em><\/strong><\/p>\n","protected":false},"excerpt":{"rendered":"<p>Arn\u00f3bio Domingues de Lima, de 31 anos, morreu ap\u00f3s colidir a motocicleta que conduzia contra um caminh\u00e3o. Um homem de 31 anos morreu em um acidente na noite dessa quinta-feira, 11 de dezembro, na MGC-259, entre o distrito de Santo Ant\u00f4nio do Pombal e Governador Valadares, no Leste de Minas Gerais. De acordo com a [&hellip;]<\/p>\n","protected":false},"author":1,"featured_media":47790,"comment_status":"open","ping_status":"closed","sticky":false,"template":"","format":"standard","meta":{"amp_status":"","footnotes":""},"categories":[121],"tags":[12667,26553,247,26552,1783,26554],"class_list":["post-47789","post","type-post","status-publish","format-standard","has-post-thumbnail","hentry","category-leste","tag-acidente-em-governador-valadares","tag-arnobio-domingues-de-lima","tag-governador-valadares","tag-motociclista-morre-em-acidente-no-municipio-de-governador-valadares","tag-piumhi","tag-santo-antonio-do-pombal"],"yoast_head":"<!-- This site is optimized with the Yoast SEO plugin v28.3 - https:\/\/yoast.com\/product\/yoast-seo-wordpress\/ -->\n<title>Motociclista morre em acidente no munic\u00edpio de Governador Valadares - Aconteceu no Vale<\/title>\n<meta name=\"robots\" content=\"index, follow, max-snippet:-1, max-image-preview:large, max-video-preview:-1\" \/>\n<link rel=\"canonical\" href=\"https:\/\/aconteceunovale.com.br\/portal\/?p=47789\" \/>\n<meta property=\"og:locale\" content=\"pt_BR\" \/>\n<meta property=\"og:type\" content=\"article\" \/>\n<meta property=\"og:title\" content=\"Motociclista morre em acidente no munic\u00edpio de Governador Valadares - Aconteceu no Vale\" \/>\n<meta property=\"og:description\" content=\"Arn\u00f3bio Domingues de Lima, de 31 anos, morreu ap\u00f3s colidir a motocicleta que conduzia contra um caminh\u00e3o. Um homem de 31 anos morreu em um acidente na noite dessa quinta-feira, 11 de dezembro, na MGC-259, entre o distrito de Santo Ant\u00f4nio do Pombal e Governador Valadares, no Leste de Minas Gerais. De acordo com a [&hellip;]\" \/>\n<meta property=\"og:url\" content=\"https:\/\/aconteceunovale.com.br\/portal\/?p=47789\" \/>\n<meta property=\"og:site_name\" content=\"Aconteceu no Vale\" \/>\n<meta property=\"article:publisher\" content=\"https:\/\/www.facebook.com\/aconteceunovale\/\" \/>\n<meta property=\"article:published_time\" content=\"2014-12-12T23:26:02+00:00\" \/>\n<meta property=\"og:image\" content=\"https:\/\/aconteceunovale.com.br\/portal\/wp-content\/uploads\/2014\/12\/acidente_gv_12_12.jpg\" \/>\n\t<meta property=\"og:image:width\" content=\"663\" \/>\n\t<meta property=\"og:image:height\" content=\"446\" \/>\n\t<meta property=\"og:image:type\" content=\"image\/jpeg\" \/>\n<meta name=\"author\" content=\"Aconteceu no Vale\" \/>\n<meta name=\"twitter:card\" content=\"summary_large_image\" \/>\n<meta name=\"twitter:creator\" content=\"@noticiadosvales\" \/>\n<meta name=\"twitter:site\" content=\"@noticiadosvales\" \/>\n<meta name=\"twitter:label1\" content=\"Escrito por\" \/>\n\t<meta name=\"twitter:data1\" content=\"Aconteceu no Vale\" \/>\n\t<meta name=\"twitter:label2\" content=\"Est. tempo de leitura\" \/>\n\t<meta name=\"twitter:data2\" content=\"1 minuto\" \/>\n<script type=\"application\/ld+json\" class=\"yoast-schema-graph\">{\"@context\":\"https:\\\/\\\/schema.org\",\"@graph\":[{\"@type\":\"Article\",\"@id\":\"https:\\\/\\\/aconteceunovale.com.br\\\/portal\\\/?p=47789#article\",\"isPartOf\":{\"@id\":\"https:\\\/\\\/aconteceunovale.com.br\\\/portal\\\/?p=47789\"},\"author\":{\"name\":\"Aconteceu no Vale\",\"@id\":\"https:\\\/\\\/aconteceunovale.com.br\\\/portal\\\/#\\\/schema\\\/person\\\/633529146f2c94272bef50ac2953d589\"},\"headline\":\"Motociclista morre em acidente no munic\u00edpio de Governador Valadares\",\"datePublished\":\"2014-12-12T23:26:02+00:00\",\"mainEntityOfPage\":{\"@id\":\"https:\\\/\\\/aconteceunovale.com.br\\\/portal\\\/?p=47789\"},\"wordCount\":298,\"commentCount\":0,\"image\":{\"@id\":\"https:\\\/\\\/aconteceunovale.com.br\\\/portal\\\/?p=47789#primaryimage\"},\"thumbnailUrl\":\"https:\\\/\\\/aconteceunovale.com.br\\\/portal\\\/wp-content\\\/uploads\\\/2014\\\/12\\\/acidente_gv_12_12.jpg\",\"keywords\":[\"acidente em governador valadares\",\"Arn\u00f3bio Domingues de Lima\",\"Governador Valadares\",\"Motociclista morre em acidente no munic\u00edpio de Governador Valadares\",\"Piumhi\",\"Santo Ant\u00f4nio do Pombal\"],\"articleSection\":[\"Leste de Minas\"],\"inLanguage\":\"pt-BR\",\"potentialAction\":[{\"@type\":\"CommentAction\",\"name\":\"Comment\",\"target\":[\"https:\\\/\\\/aconteceunovale.com.br\\\/portal\\\/?p=47789#respond\"]}]},{\"@type\":\"WebPage\",\"@id\":\"https:\\\/\\\/aconteceunovale.com.br\\\/portal\\\/?p=47789\",\"url\":\"https:\\\/\\\/aconteceunovale.com.br\\\/portal\\\/?p=47789\",\"name\":\"Motociclista morre em acidente no munic\u00edpio de Governador Valadares - Aconteceu no Vale\",\"isPartOf\":{\"@id\":\"https:\\\/\\\/aconteceunovale.com.br\\\/portal\\\/#website\"},\"primaryImageOfPage\":{\"@id\":\"https:\\\/\\\/aconteceunovale.com.br\\\/portal\\\/?p=47789#primaryimage\"},\"image\":{\"@id\":\"https:\\\/\\\/aconteceunovale.com.br\\\/portal\\\/?p=47789#primaryimage\"},\"thumbnailUrl\":\"https:\\\/\\\/aconteceunovale.com.br\\\/portal\\\/wp-content\\\/uploads\\\/2014\\\/12\\\/acidente_gv_12_12.jpg\",\"datePublished\":\"2014-12-12T23:26:02+00:00\",\"author\":{\"@id\":\"https:\\\/\\\/aconteceunovale.com.br\\\/portal\\\/#\\\/schema\\\/person\\\/633529146f2c94272bef50ac2953d589\"},\"breadcrumb\":{\"@id\":\"https:\\\/\\\/aconteceunovale.com.br\\\/portal\\\/?p=47789#breadcrumb\"},\"inLanguage\":\"pt-BR\",\"potentialAction\":[{\"@type\":\"ReadAction\",\"target\":[\"https:\\\/\\\/aconteceunovale.com.br\\\/portal\\\/?p=47789\"]}]},{\"@type\":\"ImageObject\",\"inLanguage\":\"pt-BR\",\"@id\":\"https:\\\/\\\/aconteceunovale.com.br\\\/portal\\\/?p=47789#primaryimage\",\"url\":\"https:\\\/\\\/aconteceunovale.com.br\\\/portal\\\/wp-content\\\/uploads\\\/2014\\\/12\\\/acidente_gv_12_12.jpg\",\"contentUrl\":\"https:\\\/\\\/aconteceunovale.com.br\\\/portal\\\/wp-content\\\/uploads\\\/2014\\\/12\\\/acidente_gv_12_12.jpg\",\"width\":663,\"height\":446},{\"@type\":\"BreadcrumbList\",\"@id\":\"https:\\\/\\\/aconteceunovale.com.br\\\/portal\\\/?p=47789#breadcrumb\",\"itemListElement\":[{\"@type\":\"ListItem\",\"position\":1,\"name\":\"In\u00edcio\",\"item\":\"https:\\\/\\\/aconteceunovale.com.br\\\/portal\\\/\"},{\"@type\":\"ListItem\",\"position\":2,\"name\":\"Motociclista morre em acidente no munic\u00edpio de Governador Valadares\"}]},{\"@type\":\"WebSite\",\"@id\":\"https:\\\/\\\/aconteceunovale.com.br\\\/portal\\\/#website\",\"url\":\"https:\\\/\\\/aconteceunovale.com.br\\\/portal\\\/\",\"name\":\"Aconteceu no Vale\",\"description\":\"Portal de Not\u00edcias\",\"potentialAction\":[{\"@type\":\"SearchAction\",\"target\":{\"@type\":\"EntryPoint\",\"urlTemplate\":\"https:\\\/\\\/aconteceunovale.com.br\\\/portal\\\/?s={search_term_string}\"},\"query-input\":{\"@type\":\"PropertyValueSpecification\",\"valueRequired\":true,\"valueName\":\"search_term_string\"}}],\"inLanguage\":\"pt-BR\"},{\"@type\":\"Person\",\"@id\":\"https:\\\/\\\/aconteceunovale.com.br\\\/portal\\\/#\\\/schema\\\/person\\\/633529146f2c94272bef50ac2953d589\",\"name\":\"Aconteceu no Vale\",\"description\":\"Equipe de reportagem do Aconteceu no Vale, portal de not\u00edcias do Vale do Jequitinhonha, em Minas Gerais. Cobrimos as 51 cidades do Vale desde 2013. Sugest\u00f5es de pauta e pedidos de corre\u00e7\u00e3o: contato@aconteceunovale.com.br\",\"sameAs\":[\"http:\\\/\\\/www.aconteceunovale.com.br\"],\"url\":\"https:\\\/\\\/aconteceunovale.com.br\\\/portal\\\/?author=1\"}]}<\/script>\n<!-- \/ Yoast SEO plugin. -->","yoast_head_json":{"title":"Motociclista morre em acidente no munic\u00edpio de Governador Valadares - Aconteceu no Vale","robots":{"index":"index","follow":"follow","max-snippet":"max-snippet:-1","max-image-preview":"max-image-preview:large","max-video-preview":"max-video-preview:-1"},"canonical":"https:\/\/aconteceunovale.com.br\/portal\/?p=47789","og_locale":"pt_BR","og_type":"article","og_title":"Motociclista morre em acidente no munic\u00edpio de Governador Valadares - Aconteceu no Vale","og_description":"Arn\u00f3bio Domingues de Lima, de 31 anos, morreu ap\u00f3s colidir a motocicleta que conduzia contra um caminh\u00e3o. Um homem de 31 anos morreu em um acidente na noite dessa quinta-feira, 11 de dezembro, na MGC-259, entre o distrito de Santo Ant\u00f4nio do Pombal e Governador Valadares, no Leste de Minas Gerais. De acordo com a [&hellip;]","og_url":"https:\/\/aconteceunovale.com.br\/portal\/?p=47789","og_site_name":"Aconteceu no Vale","article_publisher":"https:\/\/www.facebook.com\/aconteceunovale\/","article_published_time":"2014-12-12T23:26:02+00:00","og_image":[{"width":663,"height":446,"url":"https:\/\/aconteceunovale.com.br\/portal\/wp-content\/uploads\/2014\/12\/acidente_gv_12_12.jpg","type":"image\/jpeg"}],"author":"Aconteceu no Vale","twitter_card":"summary_large_image","twitter_creator":"@noticiadosvales","twitter_site":"@noticiadosvales","twitter_misc":{"Escrito por":"Aconteceu no Vale","Est. tempo de leitura":"1 minuto"},"schema":{"@context":"https:\/\/schema.org","@graph":[{"@type":"Article","@id":"https:\/\/aconteceunovale.com.br\/portal\/?p=47789#article","isPartOf":{"@id":"https:\/\/aconteceunovale.com.br\/portal\/?p=47789"},"author":{"name":"Aconteceu no Vale","@id":"https:\/\/aconteceunovale.com.br\/portal\/#\/schema\/person\/633529146f2c94272bef50ac2953d589"},"headline":"Motociclista morre em acidente no munic\u00edpio de Governador Valadares","datePublished":"2014-12-12T23:26:02+00:00","mainEntityOfPage":{"@id":"https:\/\/aconteceunovale.com.br\/portal\/?p=47789"},"wordCount":298,"commentCount":0,"image":{"@id":"https:\/\/aconteceunovale.com.br\/portal\/?p=47789#primaryimage"},"thumbnailUrl":"https:\/\/aconteceunovale.com.br\/portal\/wp-content\/uploads\/2014\/12\/acidente_gv_12_12.jpg","keywords":["acidente em governador valadares","Arn\u00f3bio Domingues de Lima","Governador Valadares","Motociclista morre em acidente no munic\u00edpio de Governador Valadares","Piumhi","Santo Ant\u00f4nio do Pombal"],"articleSection":["Leste de Minas"],"inLanguage":"pt-BR","potentialAction":[{"@type":"CommentAction","name":"Comment","target":["https:\/\/aconteceunovale.com.br\/portal\/?p=47789#respond"]}]},{"@type":"WebPage","@id":"https:\/\/aconteceunovale.com.br\/portal\/?p=47789","url":"https:\/\/aconteceunovale.com.br\/portal\/?p=47789","name":"Motociclista morre em acidente no munic\u00edpio de Governador Valadares - Aconteceu no Vale","isPartOf":{"@id":"https:\/\/aconteceunovale.com.br\/portal\/#website"},"primaryImageOfPage":{"@id":"https:\/\/aconteceunovale.com.br\/portal\/?p=47789#primaryimage"},"image":{"@id":"https:\/\/aconteceunovale.com.br\/portal\/?p=47789#primaryimage"},"thumbnailUrl":"https:\/\/aconteceunovale.com.br\/portal\/wp-content\/uploads\/2014\/12\/acidente_gv_12_12.jpg","datePublished":"2014-12-12T23:26:02+00:00","author":{"@id":"https:\/\/aconteceunovale.com.br\/portal\/#\/schema\/person\/633529146f2c94272bef50ac2953d589"},"breadcrumb":{"@id":"https:\/\/aconteceunovale.com.br\/portal\/?p=47789#breadcrumb"},"inLanguage":"pt-BR","potentialAction":[{"@type":"ReadAction","target":["https:\/\/aconteceunovale.com.br\/portal\/?p=47789"]}]},{"@type":"ImageObject","inLanguage":"pt-BR","@id":"https:\/\/aconteceunovale.com.br\/portal\/?p=47789#primaryimage","url":"https:\/\/aconteceunovale.com.br\/portal\/wp-content\/uploads\/2014\/12\/acidente_gv_12_12.jpg","contentUrl":"https:\/\/aconteceunovale.com.br\/portal\/wp-content\/uploads\/2014\/12\/acidente_gv_12_12.jpg","width":663,"height":446},{"@type":"BreadcrumbList","@id":"https:\/\/aconteceunovale.com.br\/portal\/?p=47789#breadcrumb","itemListElement":[{"@type":"ListItem","position":1,"name":"In\u00edcio","item":"https:\/\/aconteceunovale.com.br\/portal\/"},{"@type":"ListItem","position":2,"name":"Motociclista morre em acidente no munic\u00edpio de Governador Valadares"}]},{"@type":"WebSite","@id":"https:\/\/aconteceunovale.com.br\/portal\/#website","url":"https:\/\/aconteceunovale.com.br\/portal\/","name":"Aconteceu no Vale","description":"Portal de Not\u00edcias","potentialAction":[{"@type":"SearchAction","target":{"@type":"EntryPoint","urlTemplate":"https:\/\/aconteceunovale.com.br\/portal\/?s={search_term_string}"},"query-input":{"@type":"PropertyValueSpecification","valueRequired":true,"valueName":"search_term_string"}}],"inLanguage":"pt-BR"},{"@type":"Person","@id":"https:\/\/aconteceunovale.com.br\/portal\/#\/schema\/person\/633529146f2c94272bef50ac2953d589","name":"Aconteceu no Vale","description":"Equipe de reportagem do Aconteceu no Vale, portal de not\u00edcias do Vale do Jequitinhonha, em Minas Gerais. Cobrimos as 51 cidades do Vale desde 2013. Sugest\u00f5es de pauta e pedidos de corre\u00e7\u00e3o: contato@aconteceunovale.com.br","sameAs":["http:\/\/www.aconteceunovale.com.br"],"url":"https:\/\/aconteceunovale.com.br\/portal\/?author=1"}]}},"_links":{"self":[{"href":"https:\/\/aconteceunovale.com.br\/portal\/index.php?rest_route=\/wp\/v2\/posts\/47789","targetHints":{"allow":["GET"]}}],"collection":[{"href":"https:\/\/aconteceunovale.com.br\/portal\/index.php?rest_route=\/wp\/v2\/posts"}],"about":[{"href":"https:\/\/aconteceunovale.com.br\/portal\/index.php?rest_route=\/wp\/v2\/types\/post"}],"author":[{"embeddable":true,"href":"https:\/\/aconteceunovale.com.br\/portal\/index.php?rest_route=\/wp\/v2\/users\/1"}],"replies":[{"embeddable":true,"href":"https:\/\/aconteceunovale.com.br\/portal\/index.php?rest_route=%2Fwp%2Fv2%2Fcomments&post=47789"}],"version-history":[{"count":0,"href":"https:\/\/aconteceunovale.com.br\/portal\/index.php?rest_route=\/wp\/v2\/posts\/47789\/revisions"}],"wp:featuredmedia":[{"embeddable":true,"href":"https:\/\/aconteceunovale.com.br\/portal\/index.php?rest_route=\/wp\/v2\/media\/47790"}],"wp:attachment":[{"href":"https:\/\/aconteceunovale.com.br\/portal\/index.php?rest_route=%2Fwp%2Fv2%2Fmedia&parent=47789"}],"wp:term":[{"taxonomy":"category","embeddable":true,"href":"https:\/\/aconteceunovale.com.br\/portal\/index.php?rest_route=%2Fwp%2Fv2%2Fcategories&post=47789"},{"taxonomy":"post_tag","embeddable":true,"href":"https:\/\/aconteceunovale.com.br\/portal\/index.php?rest_route=%2Fwp%2Fv2%2Ftags&post=47789"}],"curies":[{"name":"wp","href":"https:\/\/api.w.org\/{rel}","templated":true}]}}