{"id":47776,"date":"2014-12-12T11:06:08","date_gmt":"2014-12-12T14:06:08","guid":{"rendered":"http:\/\/aconteceunovale.com.br\/portal\/?p=47776"},"modified":"2014-12-12T11:06:08","modified_gmt":"2014-12-12T14:06:08","slug":"cemig-amplia-subestacao-no-leste-de-minas","status":"publish","type":"post","link":"https:\/\/aconteceunovale.com.br\/portal\/?p=47776","title":{"rendered":"Cemig amplia subesta\u00e7\u00e3o no Leste de Minas"},"content":{"rendered":"<h4><strong><em>A moderniza\u00e7\u00e3o da SE Carangola vai dobrar a disponibilidade de energia na regi\u00e3o<\/em><\/strong><\/h4>\n<p>A Companhia Energ\u00e9tica de Minas Gerais (Cemig) informa que concluiu, neste m\u00eas, as obras de  amplia\u00e7\u00e3o da Subesta\u00e7\u00e3o (SE) Carangola. Com um acr\u00e9scimo de 100% na pot\u00eancia instalada, a subesta\u00e7\u00e3o sai de uma opera\u00e7\u00e3o de 25 MVA para 50 MVA. A oferta extra de energia \u00e9 suficiente para abastecer uma regi\u00e3o com cerca de 100 mil consumidores.<\/p>\n<p>A Empresa investiu mais de  R$ 6,5 milh\u00f5es nessa obra, que ir\u00e1 proporcionar maior qualidade e confiabilidade no fornecimento de energia para cerca de 125 mil habitantes da regi\u00e3o. \u201cA amplia\u00e7\u00e3o da subesta\u00e7\u00e3o foi realizada com o que h\u00e1 de mais avan\u00e7ado hoje no setor el\u00e9trico, garantindo ainda mais agilidade no reestalecimento de energia\u201d, afirma o engenheiro de empreendimentos da Cemig, Aguinaldo Lopes Martins.<\/p>\n<p>A SE Carangola foi totalmente digitalizada, e agora conta com mais um transformador de 25 MVA e dois disjuntores de 13,8 Kv, dispositivos que protegem o sistema el\u00e9trico. Foi instalado, ainda, um novo banco de capacitores 138 Kv, melhorando os n\u00edveis de tens\u00e3o da energia distribu\u00edda aos clientes.<\/p>\n<h4>Investimentos em subesta\u00e7\u00f5es<\/h4>\n<p>As subesta\u00e7\u00f5es s\u00e3o instala\u00e7\u00f5es destinadas a transformar e distribuir a energia que ser\u00e1 utilizada pelos clientes. Neste ano, a  Cemig concluiu obras em nove subesta\u00e7\u00f5es s\u00f3 no leste do estado, totalizando um investimento de cerca de R$ 50 milh\u00f5es. Al\u00e9m da SE Carangola, foram ampliadas as subesta\u00e7\u00f5es Central de Minas, Governador Valadares 2, Sabin\u00f3polis, Jequitinhonha, Bar\u00e3o de Cocais 4, Pe\u00e7anha 2, S\u00e3o Jo\u00e3o Evangelista, e foi constru\u00edda a SE Guanh\u00e3es 2. Ao realizar essas obras, a Cemig oferece infraestrutura energ\u00e9tica para o desenvolvimento econ\u00f4mico e social de Minas Gerais.<\/p>\n","protected":false},"excerpt":{"rendered":"<p>A moderniza\u00e7\u00e3o da SE Carangola vai dobrar a disponibilidade de energia na regi\u00e3o A Companhia Energ\u00e9tica de Minas Gerais (Cemig) informa que concluiu, neste m\u00eas, as obras de amplia\u00e7\u00e3o da Subesta\u00e7\u00e3o (SE) Carangola. Com um acr\u00e9scimo de 100% na pot\u00eancia instalada, a subesta\u00e7\u00e3o sai de uma opera\u00e7\u00e3o de 25 MVA para 50 MVA. A oferta [&hellip;]<\/p>\n","protected":false},"author":1,"featured_media":47777,"comment_status":"open","ping_status":"closed","sticky":false,"template":"","format":"standard","meta":{"amp_status":"","footnotes":""},"categories":[121],"tags":[26531,26534,1501,347,26528,1671,18567,26533,26536,26532,26535,310,162,26529,26530,206030],"class_list":["post-47776","post","type-post","status-publish","format-standard","has-post-thumbnail","hentry","category-leste","tag-aguinaldo-lopes-martins","tag-barao-de-cocais-4","tag-carangola","tag-cemig","tag-cemig-amplia-subestacao-no-leste-de-minas","tag-central-de-minas","tag-companhia-energetica-de-minas-gerais","tag-governador-valadares-2","tag-guanhaes-2","tag-investimentos-em-subestacoes-da-cemig","tag-pecanha-2","tag-sabinopolis","tag-sao-joao-evangelista","tag-se-carangola","tag-subestacao-carangola","tag-jequi"],"yoast_head":"<!-- This site is optimized with the Yoast SEO plugin v28.3 - https:\/\/yoast.com\/product\/yoast-seo-wordpress\/ -->\n<title>Cemig amplia subesta\u00e7\u00e3o no Leste de Minas - Aconteceu no Vale<\/title>\n<meta name=\"robots\" content=\"index, follow, max-snippet:-1, max-image-preview:large, max-video-preview:-1\" \/>\n<link rel=\"canonical\" href=\"https:\/\/aconteceunovale.com.br\/portal\/?p=47776\" \/>\n<meta property=\"og:locale\" content=\"pt_BR\" \/>\n<meta property=\"og:type\" content=\"article\" \/>\n<meta property=\"og:title\" content=\"Cemig amplia subesta\u00e7\u00e3o no Leste de Minas - Aconteceu no Vale\" \/>\n<meta property=\"og:description\" content=\"A moderniza\u00e7\u00e3o da SE Carangola vai dobrar a disponibilidade de energia na regi\u00e3o A Companhia Energ\u00e9tica de Minas Gerais (Cemig) informa que concluiu, neste m\u00eas, as obras de amplia\u00e7\u00e3o da Subesta\u00e7\u00e3o (SE) Carangola. Com um acr\u00e9scimo de 100% na pot\u00eancia instalada, a subesta\u00e7\u00e3o sai de uma opera\u00e7\u00e3o de 25 MVA para 50 MVA. A oferta [&hellip;]\" \/>\n<meta property=\"og:url\" content=\"https:\/\/aconteceunovale.com.br\/portal\/?p=47776\" \/>\n<meta property=\"og:site_name\" content=\"Aconteceu no Vale\" \/>\n<meta property=\"article:publisher\" content=\"https:\/\/www.facebook.com\/aconteceunovale\/\" \/>\n<meta property=\"article:published_time\" content=\"2014-12-12T14:06:08+00:00\" \/>\n<meta property=\"og:image\" content=\"https:\/\/aconteceunovale.com.br\/portal\/wp-content\/uploads\/2014\/12\/se_carangola.jpg\" \/>\n\t<meta property=\"og:image:width\" content=\"360\" \/>\n\t<meta property=\"og:image:height\" content=\"275\" \/>\n\t<meta property=\"og:image:type\" content=\"image\/jpeg\" \/>\n<meta name=\"author\" content=\"Aconteceu no Vale\" \/>\n<meta name=\"twitter:card\" content=\"summary_large_image\" \/>\n<meta name=\"twitter:creator\" content=\"@noticiadosvales\" \/>\n<meta name=\"twitter:site\" content=\"@noticiadosvales\" \/>\n<meta name=\"twitter:label1\" content=\"Escrito por\" \/>\n\t<meta name=\"twitter:data1\" content=\"Aconteceu no Vale\" \/>\n\t<meta name=\"twitter:label2\" content=\"Est. tempo de leitura\" \/>\n\t<meta name=\"twitter:data2\" content=\"1 minuto\" \/>\n<script type=\"application\/ld+json\" class=\"yoast-schema-graph\">{\"@context\":\"https:\\\/\\\/schema.org\",\"@graph\":[{\"@type\":\"Article\",\"@id\":\"https:\\\/\\\/aconteceunovale.com.br\\\/portal\\\/?p=47776#article\",\"isPartOf\":{\"@id\":\"https:\\\/\\\/aconteceunovale.com.br\\\/portal\\\/?p=47776\"},\"author\":{\"name\":\"Aconteceu no Vale\",\"@id\":\"https:\\\/\\\/aconteceunovale.com.br\\\/portal\\\/#\\\/schema\\\/person\\\/633529146f2c94272bef50ac2953d589\"},\"headline\":\"Cemig amplia subesta\u00e7\u00e3o no Leste de Minas\",\"datePublished\":\"2014-12-12T14:06:08+00:00\",\"mainEntityOfPage\":{\"@id\":\"https:\\\/\\\/aconteceunovale.com.br\\\/portal\\\/?p=47776\"},\"wordCount\":305,\"commentCount\":0,\"image\":{\"@id\":\"https:\\\/\\\/aconteceunovale.com.br\\\/portal\\\/?p=47776#primaryimage\"},\"thumbnailUrl\":\"https:\\\/\\\/aconteceunovale.com.br\\\/portal\\\/wp-content\\\/uploads\\\/2014\\\/12\\\/se_carangola.jpg\",\"keywords\":[\"Aguinaldo Lopes Martins\",\"Bar\u00e3o de Cocais 4\",\"Carangola\",\"cemig\",\"Cemig amplia subesta\u00e7\u00e3o no Leste de Minas\",\"Central de Minas\",\"Companhia Energ\u00e9tica de Minas Gerais\",\"Governador Valadares 2\",\"Guanh\u00e3es 2\",\"Investimentos em subesta\u00e7\u00f5es da cemig\",\"Pe\u00e7anha 2\",\"Sabin\u00f3polis\",\"S\u00e3o Jo\u00e3o Evangelista\",\"SE Carangola\",\"Subesta\u00e7\u00e3o Carangola\",\"Vale do Jequitinhonha\"],\"articleSection\":[\"Leste de Minas\"],\"inLanguage\":\"pt-BR\",\"potentialAction\":[{\"@type\":\"CommentAction\",\"name\":\"Comment\",\"target\":[\"https:\\\/\\\/aconteceunovale.com.br\\\/portal\\\/?p=47776#respond\"]}]},{\"@type\":\"WebPage\",\"@id\":\"https:\\\/\\\/aconteceunovale.com.br\\\/portal\\\/?p=47776\",\"url\":\"https:\\\/\\\/aconteceunovale.com.br\\\/portal\\\/?p=47776\",\"name\":\"Cemig amplia subesta\u00e7\u00e3o no Leste de Minas - Aconteceu no Vale\",\"isPartOf\":{\"@id\":\"https:\\\/\\\/aconteceunovale.com.br\\\/portal\\\/#website\"},\"primaryImageOfPage\":{\"@id\":\"https:\\\/\\\/aconteceunovale.com.br\\\/portal\\\/?p=47776#primaryimage\"},\"image\":{\"@id\":\"https:\\\/\\\/aconteceunovale.com.br\\\/portal\\\/?p=47776#primaryimage\"},\"thumbnailUrl\":\"https:\\\/\\\/aconteceunovale.com.br\\\/portal\\\/wp-content\\\/uploads\\\/2014\\\/12\\\/se_carangola.jpg\",\"datePublished\":\"2014-12-12T14:06:08+00:00\",\"author\":{\"@id\":\"https:\\\/\\\/aconteceunovale.com.br\\\/portal\\\/#\\\/schema\\\/person\\\/633529146f2c94272bef50ac2953d589\"},\"breadcrumb\":{\"@id\":\"https:\\\/\\\/aconteceunovale.com.br\\\/portal\\\/?p=47776#breadcrumb\"},\"inLanguage\":\"pt-BR\",\"potentialAction\":[{\"@type\":\"ReadAction\",\"target\":[\"https:\\\/\\\/aconteceunovale.com.br\\\/portal\\\/?p=47776\"]}]},{\"@type\":\"ImageObject\",\"inLanguage\":\"pt-BR\",\"@id\":\"https:\\\/\\\/aconteceunovale.com.br\\\/portal\\\/?p=47776#primaryimage\",\"url\":\"https:\\\/\\\/aconteceunovale.com.br\\\/portal\\\/wp-content\\\/uploads\\\/2014\\\/12\\\/se_carangola.jpg\",\"contentUrl\":\"https:\\\/\\\/aconteceunovale.com.br\\\/portal\\\/wp-content\\\/uploads\\\/2014\\\/12\\\/se_carangola.jpg\",\"width\":360,\"height\":275},{\"@type\":\"BreadcrumbList\",\"@id\":\"https:\\\/\\\/aconteceunovale.com.br\\\/portal\\\/?p=47776#breadcrumb\",\"itemListElement\":[{\"@type\":\"ListItem\",\"position\":1,\"name\":\"In\u00edcio\",\"item\":\"https:\\\/\\\/aconteceunovale.com.br\\\/portal\\\/\"},{\"@type\":\"ListItem\",\"position\":2,\"name\":\"Cemig amplia subesta\u00e7\u00e3o no Leste de Minas\"}]},{\"@type\":\"WebSite\",\"@id\":\"https:\\\/\\\/aconteceunovale.com.br\\\/portal\\\/#website\",\"url\":\"https:\\\/\\\/aconteceunovale.com.br\\\/portal\\\/\",\"name\":\"Aconteceu no Vale\",\"description\":\"Portal de Not\u00edcias\",\"potentialAction\":[{\"@type\":\"SearchAction\",\"target\":{\"@type\":\"EntryPoint\",\"urlTemplate\":\"https:\\\/\\\/aconteceunovale.com.br\\\/portal\\\/?s={search_term_string}\"},\"query-input\":{\"@type\":\"PropertyValueSpecification\",\"valueRequired\":true,\"valueName\":\"search_term_string\"}}],\"inLanguage\":\"pt-BR\"},{\"@type\":\"Person\",\"@id\":\"https:\\\/\\\/aconteceunovale.com.br\\\/portal\\\/#\\\/schema\\\/person\\\/633529146f2c94272bef50ac2953d589\",\"name\":\"Aconteceu no Vale\",\"description\":\"Equipe de reportagem do Aconteceu no Vale, portal de not\u00edcias do Vale do Jequitinhonha, em Minas Gerais. Cobrimos as 51 cidades do Vale desde 2013. Sugest\u00f5es de pauta e pedidos de corre\u00e7\u00e3o: contato@aconteceunovale.com.br\",\"sameAs\":[\"http:\\\/\\\/www.aconteceunovale.com.br\"],\"url\":\"https:\\\/\\\/aconteceunovale.com.br\\\/portal\\\/?author=1\"}]}<\/script>\n<!-- \/ Yoast SEO plugin. -->","yoast_head_json":{"title":"Cemig amplia subesta\u00e7\u00e3o no Leste de Minas - Aconteceu no Vale","robots":{"index":"index","follow":"follow","max-snippet":"max-snippet:-1","max-image-preview":"max-image-preview:large","max-video-preview":"max-video-preview:-1"},"canonical":"https:\/\/aconteceunovale.com.br\/portal\/?p=47776","og_locale":"pt_BR","og_type":"article","og_title":"Cemig amplia subesta\u00e7\u00e3o no Leste de Minas - Aconteceu no Vale","og_description":"A moderniza\u00e7\u00e3o da SE Carangola vai dobrar a disponibilidade de energia na regi\u00e3o A Companhia Energ\u00e9tica de Minas Gerais (Cemig) informa que concluiu, neste m\u00eas, as obras de amplia\u00e7\u00e3o da Subesta\u00e7\u00e3o (SE) Carangola. Com um acr\u00e9scimo de 100% na pot\u00eancia instalada, a subesta\u00e7\u00e3o sai de uma opera\u00e7\u00e3o de 25 MVA para 50 MVA. A oferta [&hellip;]","og_url":"https:\/\/aconteceunovale.com.br\/portal\/?p=47776","og_site_name":"Aconteceu no Vale","article_publisher":"https:\/\/www.facebook.com\/aconteceunovale\/","article_published_time":"2014-12-12T14:06:08+00:00","og_image":[{"width":360,"height":275,"url":"https:\/\/aconteceunovale.com.br\/portal\/wp-content\/uploads\/2014\/12\/se_carangola.jpg","type":"image\/jpeg"}],"author":"Aconteceu no Vale","twitter_card":"summary_large_image","twitter_creator":"@noticiadosvales","twitter_site":"@noticiadosvales","twitter_misc":{"Escrito por":"Aconteceu no Vale","Est. tempo de leitura":"1 minuto"},"schema":{"@context":"https:\/\/schema.org","@graph":[{"@type":"Article","@id":"https:\/\/aconteceunovale.com.br\/portal\/?p=47776#article","isPartOf":{"@id":"https:\/\/aconteceunovale.com.br\/portal\/?p=47776"},"author":{"name":"Aconteceu no Vale","@id":"https:\/\/aconteceunovale.com.br\/portal\/#\/schema\/person\/633529146f2c94272bef50ac2953d589"},"headline":"Cemig amplia subesta\u00e7\u00e3o no Leste de Minas","datePublished":"2014-12-12T14:06:08+00:00","mainEntityOfPage":{"@id":"https:\/\/aconteceunovale.com.br\/portal\/?p=47776"},"wordCount":305,"commentCount":0,"image":{"@id":"https:\/\/aconteceunovale.com.br\/portal\/?p=47776#primaryimage"},"thumbnailUrl":"https:\/\/aconteceunovale.com.br\/portal\/wp-content\/uploads\/2014\/12\/se_carangola.jpg","keywords":["Aguinaldo Lopes Martins","Bar\u00e3o de Cocais 4","Carangola","cemig","Cemig amplia subesta\u00e7\u00e3o no Leste de Minas","Central de Minas","Companhia Energ\u00e9tica de Minas Gerais","Governador Valadares 2","Guanh\u00e3es 2","Investimentos em subesta\u00e7\u00f5es da cemig","Pe\u00e7anha 2","Sabin\u00f3polis","S\u00e3o Jo\u00e3o Evangelista","SE Carangola","Subesta\u00e7\u00e3o Carangola","Vale do Jequitinhonha"],"articleSection":["Leste de Minas"],"inLanguage":"pt-BR","potentialAction":[{"@type":"CommentAction","name":"Comment","target":["https:\/\/aconteceunovale.com.br\/portal\/?p=47776#respond"]}]},{"@type":"WebPage","@id":"https:\/\/aconteceunovale.com.br\/portal\/?p=47776","url":"https:\/\/aconteceunovale.com.br\/portal\/?p=47776","name":"Cemig amplia subesta\u00e7\u00e3o no Leste de Minas - Aconteceu no Vale","isPartOf":{"@id":"https:\/\/aconteceunovale.com.br\/portal\/#website"},"primaryImageOfPage":{"@id":"https:\/\/aconteceunovale.com.br\/portal\/?p=47776#primaryimage"},"image":{"@id":"https:\/\/aconteceunovale.com.br\/portal\/?p=47776#primaryimage"},"thumbnailUrl":"https:\/\/aconteceunovale.com.br\/portal\/wp-content\/uploads\/2014\/12\/se_carangola.jpg","datePublished":"2014-12-12T14:06:08+00:00","author":{"@id":"https:\/\/aconteceunovale.com.br\/portal\/#\/schema\/person\/633529146f2c94272bef50ac2953d589"},"breadcrumb":{"@id":"https:\/\/aconteceunovale.com.br\/portal\/?p=47776#breadcrumb"},"inLanguage":"pt-BR","potentialAction":[{"@type":"ReadAction","target":["https:\/\/aconteceunovale.com.br\/portal\/?p=47776"]}]},{"@type":"ImageObject","inLanguage":"pt-BR","@id":"https:\/\/aconteceunovale.com.br\/portal\/?p=47776#primaryimage","url":"https:\/\/aconteceunovale.com.br\/portal\/wp-content\/uploads\/2014\/12\/se_carangola.jpg","contentUrl":"https:\/\/aconteceunovale.com.br\/portal\/wp-content\/uploads\/2014\/12\/se_carangola.jpg","width":360,"height":275},{"@type":"BreadcrumbList","@id":"https:\/\/aconteceunovale.com.br\/portal\/?p=47776#breadcrumb","itemListElement":[{"@type":"ListItem","position":1,"name":"In\u00edcio","item":"https:\/\/aconteceunovale.com.br\/portal\/"},{"@type":"ListItem","position":2,"name":"Cemig amplia subesta\u00e7\u00e3o no Leste de Minas"}]},{"@type":"WebSite","@id":"https:\/\/aconteceunovale.com.br\/portal\/#website","url":"https:\/\/aconteceunovale.com.br\/portal\/","name":"Aconteceu no Vale","description":"Portal de Not\u00edcias","potentialAction":[{"@type":"SearchAction","target":{"@type":"EntryPoint","urlTemplate":"https:\/\/aconteceunovale.com.br\/portal\/?s={search_term_string}"},"query-input":{"@type":"PropertyValueSpecification","valueRequired":true,"valueName":"search_term_string"}}],"inLanguage":"pt-BR"},{"@type":"Person","@id":"https:\/\/aconteceunovale.com.br\/portal\/#\/schema\/person\/633529146f2c94272bef50ac2953d589","name":"Aconteceu no Vale","description":"Equipe de reportagem do Aconteceu no Vale, portal de not\u00edcias do Vale do Jequitinhonha, em Minas Gerais. Cobrimos as 51 cidades do Vale desde 2013. Sugest\u00f5es de pauta e pedidos de corre\u00e7\u00e3o: contato@aconteceunovale.com.br","sameAs":["http:\/\/www.aconteceunovale.com.br"],"url":"https:\/\/aconteceunovale.com.br\/portal\/?author=1"}]}},"_links":{"self":[{"href":"https:\/\/aconteceunovale.com.br\/portal\/index.php?rest_route=\/wp\/v2\/posts\/47776","targetHints":{"allow":["GET"]}}],"collection":[{"href":"https:\/\/aconteceunovale.com.br\/portal\/index.php?rest_route=\/wp\/v2\/posts"}],"about":[{"href":"https:\/\/aconteceunovale.com.br\/portal\/index.php?rest_route=\/wp\/v2\/types\/post"}],"author":[{"embeddable":true,"href":"https:\/\/aconteceunovale.com.br\/portal\/index.php?rest_route=\/wp\/v2\/users\/1"}],"replies":[{"embeddable":true,"href":"https:\/\/aconteceunovale.com.br\/portal\/index.php?rest_route=%2Fwp%2Fv2%2Fcomments&post=47776"}],"version-history":[{"count":0,"href":"https:\/\/aconteceunovale.com.br\/portal\/index.php?rest_route=\/wp\/v2\/posts\/47776\/revisions"}],"wp:featuredmedia":[{"embeddable":true,"href":"https:\/\/aconteceunovale.com.br\/portal\/index.php?rest_route=\/wp\/v2\/media\/47777"}],"wp:attachment":[{"href":"https:\/\/aconteceunovale.com.br\/portal\/index.php?rest_route=%2Fwp%2Fv2%2Fmedia&parent=47776"}],"wp:term":[{"taxonomy":"category","embeddable":true,"href":"https:\/\/aconteceunovale.com.br\/portal\/index.php?rest_route=%2Fwp%2Fv2%2Fcategories&post=47776"},{"taxonomy":"post_tag","embeddable":true,"href":"https:\/\/aconteceunovale.com.br\/portal\/index.php?rest_route=%2Fwp%2Fv2%2Ftags&post=47776"}],"curies":[{"name":"wp","href":"https:\/\/api.w.org\/{rel}","templated":true}]}}