{"id":47772,"date":"2014-12-12T11:01:34","date_gmt":"2014-12-12T14:01:34","guid":{"rendered":"http:\/\/aconteceunovale.com.br\/portal\/?p=47772"},"modified":"2014-12-12T11:02:13","modified_gmt":"2014-12-12T14:02:13","slug":"um-milagre-carro-e-esmagado-e-familia-sobrevive-em-acidente-em-montes-claros","status":"publish","type":"post","link":"https:\/\/aconteceunovale.com.br\/portal\/?p=47772","title":{"rendered":"Um milagre: carro \u00e9 esmagado e fam\u00edlia sobrevive em acidente, em Montes Claros"},"content":{"rendered":"<h4><strong><em>Beb\u00ea de 21 dias n\u00e3o sofreu nenhum ferimento no acidente. O pai, a m\u00e3e e uma tia da crian\u00e7a ficaram feridos e foram encaminhados para hospitais de Montes Claros.<\/em><\/strong><\/h4>\n<p>A colis\u00e3o entre dois carros e um caminh\u00e3o ocorrida na tarde desta quinta-feira, 11 de dezembro, deixou tr\u00eas pessoas feridas, todas da mesma fam\u00edlia, na BR-365, sa\u00edda de Montes Claros para Pirapora, no Norte de Minas Gerais. O motorista do caminh\u00e3o perdeu os freios do ve\u00edculo e passou por cima de um dos carros, que seguia no mesmo sentido.<\/p>\n<p><img decoding=\"async\" src=\"http:\/\/aconteceunovale.com.br\/portal\/wp-content\/uploads\/2014\/12\/bebe_salvo_moc_11_12.jpg\" alt=\"\" \/><em>Soldado do 7\u00ba BBM, e a Enfermeira Andreia, do SAMU Macro Norte &#8211; Foto: Divulga\u00e7\u00e3o\/Samu<\/em><br \/>\n<\/br><\/p>\n<p>No ve\u00edculo havia quatro pessoas, entre elas uma rec\u00e9m-nascida, Valentina Fonseca Dias, de 21 dias, que estava no banco de tr\u00e1s, dentro da cadeirinha, conhecida como beb\u00ea conforto, e n\u00e3o sofreu nenhum ferimento. Os pais da crian\u00e7a, Kl\u00eanio Santos Dias, 43 anos, e Regiane de Jesus Fonseca, 32 anos, tiveram ferimentos leves. A tia do beb\u00ea, Marina de Jesus Fonseca, 32 anos, que ficou presa \u00e0s ferragens, apresentava comprometimento dos movimentos das pernas.<\/p>\n<p>O motorista do caminh\u00e3o relatou que perdeu os freios e tentou jogar o caminh\u00e3o para o acostamento. Como n\u00e3o conseguiu, ele atingiu dois ve\u00edculos que estavam \u00e0 frente. O motorista do caminh\u00e3o e os ocupantes do outro ve\u00edculo n\u00e3o tiveram ferimentos.<\/p>\n<p>As v\u00edtimas foram encaminhadas para hospitais de Montes Claros para realizar exames e avalia\u00e7\u00e3o. O motorista do caminh\u00e3o foi liberado ap\u00f3s fazer o teste do baf\u00f4metro.<\/p>\n<p><strong><em>(Por Jerusia Arruda \/ Samu Macro Norte)<\/em><\/strong><\/p>\n","protected":false},"excerpt":{"rendered":"<p>Beb\u00ea de 21 dias n\u00e3o sofreu nenhum ferimento no acidente. O pai, a m\u00e3e e uma tia da crian\u00e7a ficaram feridos e foram encaminhados para hospitais de Montes Claros. A colis\u00e3o entre dois carros e um caminh\u00e3o ocorrida na tarde desta quinta-feira, 11 de dezembro, deixou tr\u00eas pessoas feridas, todas da mesma fam\u00edlia, na BR-365, [&hellip;]<\/p>\n","protected":false},"author":1,"featured_media":47773,"comment_status":"open","ping_status":"closed","sticky":false,"template":"","format":"standard","meta":{"amp_status":"","footnotes":""},"categories":[1236],"tags":[1018,26525,26527,210,26526,26523,26524],"class_list":["post-47772","post","type-post","status-publish","format-standard","has-post-thumbnail","hentry","category-norte_de_minas","tag-destaque","tag-klenio-santos-dias","tag-marina-de-jesus-fonseca","tag-montes-claros","tag-regiane-de-jesus-fonseca","tag-um-milagre-carro-e-esmagado-e-familia-sobrevive-em-acidente-em-montes-claros","tag-valentina-fonseca-dias"],"yoast_head":"<!-- This site is optimized with the Yoast SEO plugin v28.3 - https:\/\/yoast.com\/product\/yoast-seo-wordpress\/ -->\n<title>Um milagre: carro \u00e9 esmagado e fam\u00edlia sobrevive em acidente, em Montes Claros - Aconteceu no Vale<\/title>\n<meta name=\"robots\" content=\"index, follow, max-snippet:-1, max-image-preview:large, max-video-preview:-1\" \/>\n<link rel=\"canonical\" href=\"https:\/\/aconteceunovale.com.br\/portal\/?p=47772\" \/>\n<meta property=\"og:locale\" content=\"pt_BR\" \/>\n<meta property=\"og:type\" content=\"article\" \/>\n<meta property=\"og:title\" content=\"Um milagre: carro \u00e9 esmagado e fam\u00edlia sobrevive em acidente, em Montes Claros - Aconteceu no Vale\" \/>\n<meta property=\"og:description\" content=\"Beb\u00ea de 21 dias n\u00e3o sofreu nenhum ferimento no acidente. O pai, a m\u00e3e e uma tia da crian\u00e7a ficaram feridos e foram encaminhados para hospitais de Montes Claros. A colis\u00e3o entre dois carros e um caminh\u00e3o ocorrida na tarde desta quinta-feira, 11 de dezembro, deixou tr\u00eas pessoas feridas, todas da mesma fam\u00edlia, na BR-365, [&hellip;]\" \/>\n<meta property=\"og:url\" content=\"https:\/\/aconteceunovale.com.br\/portal\/?p=47772\" \/>\n<meta property=\"og:site_name\" content=\"Aconteceu no Vale\" \/>\n<meta property=\"article:publisher\" content=\"https:\/\/www.facebook.com\/aconteceunovale\/\" \/>\n<meta property=\"article:published_time\" content=\"2014-12-12T14:01:34+00:00\" \/>\n<meta property=\"article:modified_time\" content=\"2014-12-12T14:02:13+00:00\" \/>\n<meta property=\"og:image\" content=\"https:\/\/aconteceunovale.com.br\/portal\/wp-content\/uploads\/2014\/12\/bebe_salvo_moc_11_12.jpg\" \/>\n\t<meta property=\"og:image:width\" content=\"614\" \/>\n\t<meta property=\"og:image:height\" content=\"450\" \/>\n\t<meta property=\"og:image:type\" content=\"image\/jpeg\" \/>\n<meta name=\"author\" content=\"Aconteceu no Vale\" \/>\n<meta name=\"twitter:card\" content=\"summary_large_image\" \/>\n<meta name=\"twitter:creator\" content=\"@noticiadosvales\" \/>\n<meta name=\"twitter:site\" content=\"@noticiadosvales\" \/>\n<meta name=\"twitter:label1\" content=\"Escrito por\" \/>\n\t<meta name=\"twitter:data1\" content=\"Aconteceu no Vale\" \/>\n\t<meta name=\"twitter:label2\" content=\"Est. tempo de leitura\" \/>\n\t<meta name=\"twitter:data2\" content=\"1 minuto\" \/>\n<script type=\"application\/ld+json\" class=\"yoast-schema-graph\">{\"@context\":\"https:\\\/\\\/schema.org\",\"@graph\":[{\"@type\":\"Article\",\"@id\":\"https:\\\/\\\/aconteceunovale.com.br\\\/portal\\\/?p=47772#article\",\"isPartOf\":{\"@id\":\"https:\\\/\\\/aconteceunovale.com.br\\\/portal\\\/?p=47772\"},\"author\":{\"name\":\"Aconteceu no Vale\",\"@id\":\"https:\\\/\\\/aconteceunovale.com.br\\\/portal\\\/#\\\/schema\\\/person\\\/633529146f2c94272bef50ac2953d589\"},\"headline\":\"Um milagre: carro \u00e9 esmagado e fam\u00edlia sobrevive em acidente, em Montes Claros\",\"datePublished\":\"2014-12-12T14:01:34+00:00\",\"dateModified\":\"2014-12-12T14:02:13+00:00\",\"mainEntityOfPage\":{\"@id\":\"https:\\\/\\\/aconteceunovale.com.br\\\/portal\\\/?p=47772\"},\"wordCount\":284,\"commentCount\":0,\"image\":{\"@id\":\"https:\\\/\\\/aconteceunovale.com.br\\\/portal\\\/?p=47772#primaryimage\"},\"thumbnailUrl\":\"https:\\\/\\\/aconteceunovale.com.br\\\/portal\\\/wp-content\\\/uploads\\\/2014\\\/12\\\/bebe_salvo_moc_11_12.jpg\",\"keywords\":[\"destaque\",\"Kl\u00eanio Santos Dias\",\"Marina de Jesus Fonseca\",\"Montes Claros\",\"Regiane de Jesus Fonseca\",\"Um milagre carro \u00e9 esmagado e fam\u00edlia sobrevive em acidente em Montes Claros\",\"Valentina Fonseca Dias\"],\"articleSection\":[\"Norte de Minas\"],\"inLanguage\":\"pt-BR\",\"potentialAction\":[{\"@type\":\"CommentAction\",\"name\":\"Comment\",\"target\":[\"https:\\\/\\\/aconteceunovale.com.br\\\/portal\\\/?p=47772#respond\"]}]},{\"@type\":\"WebPage\",\"@id\":\"https:\\\/\\\/aconteceunovale.com.br\\\/portal\\\/?p=47772\",\"url\":\"https:\\\/\\\/aconteceunovale.com.br\\\/portal\\\/?p=47772\",\"name\":\"Um milagre: carro \u00e9 esmagado e fam\u00edlia sobrevive em acidente, em Montes Claros - Aconteceu no Vale\",\"isPartOf\":{\"@id\":\"https:\\\/\\\/aconteceunovale.com.br\\\/portal\\\/#website\"},\"primaryImageOfPage\":{\"@id\":\"https:\\\/\\\/aconteceunovale.com.br\\\/portal\\\/?p=47772#primaryimage\"},\"image\":{\"@id\":\"https:\\\/\\\/aconteceunovale.com.br\\\/portal\\\/?p=47772#primaryimage\"},\"thumbnailUrl\":\"https:\\\/\\\/aconteceunovale.com.br\\\/portal\\\/wp-content\\\/uploads\\\/2014\\\/12\\\/bebe_salvo_moc_11_12.jpg\",\"datePublished\":\"2014-12-12T14:01:34+00:00\",\"dateModified\":\"2014-12-12T14:02:13+00:00\",\"author\":{\"@id\":\"https:\\\/\\\/aconteceunovale.com.br\\\/portal\\\/#\\\/schema\\\/person\\\/633529146f2c94272bef50ac2953d589\"},\"breadcrumb\":{\"@id\":\"https:\\\/\\\/aconteceunovale.com.br\\\/portal\\\/?p=47772#breadcrumb\"},\"inLanguage\":\"pt-BR\",\"potentialAction\":[{\"@type\":\"ReadAction\",\"target\":[\"https:\\\/\\\/aconteceunovale.com.br\\\/portal\\\/?p=47772\"]}]},{\"@type\":\"ImageObject\",\"inLanguage\":\"pt-BR\",\"@id\":\"https:\\\/\\\/aconteceunovale.com.br\\\/portal\\\/?p=47772#primaryimage\",\"url\":\"https:\\\/\\\/aconteceunovale.com.br\\\/portal\\\/wp-content\\\/uploads\\\/2014\\\/12\\\/bebe_salvo_moc_11_12.jpg\",\"contentUrl\":\"https:\\\/\\\/aconteceunovale.com.br\\\/portal\\\/wp-content\\\/uploads\\\/2014\\\/12\\\/bebe_salvo_moc_11_12.jpg\",\"width\":614,\"height\":450},{\"@type\":\"BreadcrumbList\",\"@id\":\"https:\\\/\\\/aconteceunovale.com.br\\\/portal\\\/?p=47772#breadcrumb\",\"itemListElement\":[{\"@type\":\"ListItem\",\"position\":1,\"name\":\"In\u00edcio\",\"item\":\"https:\\\/\\\/aconteceunovale.com.br\\\/portal\\\/\"},{\"@type\":\"ListItem\",\"position\":2,\"name\":\"Um milagre: carro \u00e9 esmagado e fam\u00edlia sobrevive em acidente, em Montes Claros\"}]},{\"@type\":\"WebSite\",\"@id\":\"https:\\\/\\\/aconteceunovale.com.br\\\/portal\\\/#website\",\"url\":\"https:\\\/\\\/aconteceunovale.com.br\\\/portal\\\/\",\"name\":\"Aconteceu no Vale\",\"description\":\"Portal de Not\u00edcias\",\"potentialAction\":[{\"@type\":\"SearchAction\",\"target\":{\"@type\":\"EntryPoint\",\"urlTemplate\":\"https:\\\/\\\/aconteceunovale.com.br\\\/portal\\\/?s={search_term_string}\"},\"query-input\":{\"@type\":\"PropertyValueSpecification\",\"valueRequired\":true,\"valueName\":\"search_term_string\"}}],\"inLanguage\":\"pt-BR\"},{\"@type\":\"Person\",\"@id\":\"https:\\\/\\\/aconteceunovale.com.br\\\/portal\\\/#\\\/schema\\\/person\\\/633529146f2c94272bef50ac2953d589\",\"name\":\"Aconteceu no Vale\",\"description\":\"Equipe de reportagem do Aconteceu no Vale, portal de not\u00edcias do Vale do Jequitinhonha, em Minas Gerais. Cobrimos as 51 cidades do Vale desde 2013. Sugest\u00f5es de pauta e pedidos de corre\u00e7\u00e3o: contato@aconteceunovale.com.br\",\"sameAs\":[\"http:\\\/\\\/www.aconteceunovale.com.br\"],\"url\":\"https:\\\/\\\/aconteceunovale.com.br\\\/portal\\\/?author=1\"}]}<\/script>\n<!-- \/ Yoast SEO plugin. -->","yoast_head_json":{"title":"Um milagre: carro \u00e9 esmagado e fam\u00edlia sobrevive em acidente, em Montes Claros - Aconteceu no Vale","robots":{"index":"index","follow":"follow","max-snippet":"max-snippet:-1","max-image-preview":"max-image-preview:large","max-video-preview":"max-video-preview:-1"},"canonical":"https:\/\/aconteceunovale.com.br\/portal\/?p=47772","og_locale":"pt_BR","og_type":"article","og_title":"Um milagre: carro \u00e9 esmagado e fam\u00edlia sobrevive em acidente, em Montes Claros - Aconteceu no Vale","og_description":"Beb\u00ea de 21 dias n\u00e3o sofreu nenhum ferimento no acidente. O pai, a m\u00e3e e uma tia da crian\u00e7a ficaram feridos e foram encaminhados para hospitais de Montes Claros. A colis\u00e3o entre dois carros e um caminh\u00e3o ocorrida na tarde desta quinta-feira, 11 de dezembro, deixou tr\u00eas pessoas feridas, todas da mesma fam\u00edlia, na BR-365, [&hellip;]","og_url":"https:\/\/aconteceunovale.com.br\/portal\/?p=47772","og_site_name":"Aconteceu no Vale","article_publisher":"https:\/\/www.facebook.com\/aconteceunovale\/","article_published_time":"2014-12-12T14:01:34+00:00","article_modified_time":"2014-12-12T14:02:13+00:00","og_image":[{"width":614,"height":450,"url":"https:\/\/aconteceunovale.com.br\/portal\/wp-content\/uploads\/2014\/12\/bebe_salvo_moc_11_12.jpg","type":"image\/jpeg"}],"author":"Aconteceu no Vale","twitter_card":"summary_large_image","twitter_creator":"@noticiadosvales","twitter_site":"@noticiadosvales","twitter_misc":{"Escrito por":"Aconteceu no Vale","Est. tempo de leitura":"1 minuto"},"schema":{"@context":"https:\/\/schema.org","@graph":[{"@type":"Article","@id":"https:\/\/aconteceunovale.com.br\/portal\/?p=47772#article","isPartOf":{"@id":"https:\/\/aconteceunovale.com.br\/portal\/?p=47772"},"author":{"name":"Aconteceu no Vale","@id":"https:\/\/aconteceunovale.com.br\/portal\/#\/schema\/person\/633529146f2c94272bef50ac2953d589"},"headline":"Um milagre: carro \u00e9 esmagado e fam\u00edlia sobrevive em acidente, em Montes Claros","datePublished":"2014-12-12T14:01:34+00:00","dateModified":"2014-12-12T14:02:13+00:00","mainEntityOfPage":{"@id":"https:\/\/aconteceunovale.com.br\/portal\/?p=47772"},"wordCount":284,"commentCount":0,"image":{"@id":"https:\/\/aconteceunovale.com.br\/portal\/?p=47772#primaryimage"},"thumbnailUrl":"https:\/\/aconteceunovale.com.br\/portal\/wp-content\/uploads\/2014\/12\/bebe_salvo_moc_11_12.jpg","keywords":["destaque","Kl\u00eanio Santos Dias","Marina de Jesus Fonseca","Montes Claros","Regiane de Jesus Fonseca","Um milagre carro \u00e9 esmagado e fam\u00edlia sobrevive em acidente em Montes Claros","Valentina Fonseca Dias"],"articleSection":["Norte de Minas"],"inLanguage":"pt-BR","potentialAction":[{"@type":"CommentAction","name":"Comment","target":["https:\/\/aconteceunovale.com.br\/portal\/?p=47772#respond"]}]},{"@type":"WebPage","@id":"https:\/\/aconteceunovale.com.br\/portal\/?p=47772","url":"https:\/\/aconteceunovale.com.br\/portal\/?p=47772","name":"Um milagre: carro \u00e9 esmagado e fam\u00edlia sobrevive em acidente, em Montes Claros - Aconteceu no Vale","isPartOf":{"@id":"https:\/\/aconteceunovale.com.br\/portal\/#website"},"primaryImageOfPage":{"@id":"https:\/\/aconteceunovale.com.br\/portal\/?p=47772#primaryimage"},"image":{"@id":"https:\/\/aconteceunovale.com.br\/portal\/?p=47772#primaryimage"},"thumbnailUrl":"https:\/\/aconteceunovale.com.br\/portal\/wp-content\/uploads\/2014\/12\/bebe_salvo_moc_11_12.jpg","datePublished":"2014-12-12T14:01:34+00:00","dateModified":"2014-12-12T14:02:13+00:00","author":{"@id":"https:\/\/aconteceunovale.com.br\/portal\/#\/schema\/person\/633529146f2c94272bef50ac2953d589"},"breadcrumb":{"@id":"https:\/\/aconteceunovale.com.br\/portal\/?p=47772#breadcrumb"},"inLanguage":"pt-BR","potentialAction":[{"@type":"ReadAction","target":["https:\/\/aconteceunovale.com.br\/portal\/?p=47772"]}]},{"@type":"ImageObject","inLanguage":"pt-BR","@id":"https:\/\/aconteceunovale.com.br\/portal\/?p=47772#primaryimage","url":"https:\/\/aconteceunovale.com.br\/portal\/wp-content\/uploads\/2014\/12\/bebe_salvo_moc_11_12.jpg","contentUrl":"https:\/\/aconteceunovale.com.br\/portal\/wp-content\/uploads\/2014\/12\/bebe_salvo_moc_11_12.jpg","width":614,"height":450},{"@type":"BreadcrumbList","@id":"https:\/\/aconteceunovale.com.br\/portal\/?p=47772#breadcrumb","itemListElement":[{"@type":"ListItem","position":1,"name":"In\u00edcio","item":"https:\/\/aconteceunovale.com.br\/portal\/"},{"@type":"ListItem","position":2,"name":"Um milagre: carro \u00e9 esmagado e fam\u00edlia sobrevive em acidente, em Montes Claros"}]},{"@type":"WebSite","@id":"https:\/\/aconteceunovale.com.br\/portal\/#website","url":"https:\/\/aconteceunovale.com.br\/portal\/","name":"Aconteceu no Vale","description":"Portal de Not\u00edcias","potentialAction":[{"@type":"SearchAction","target":{"@type":"EntryPoint","urlTemplate":"https:\/\/aconteceunovale.com.br\/portal\/?s={search_term_string}"},"query-input":{"@type":"PropertyValueSpecification","valueRequired":true,"valueName":"search_term_string"}}],"inLanguage":"pt-BR"},{"@type":"Person","@id":"https:\/\/aconteceunovale.com.br\/portal\/#\/schema\/person\/633529146f2c94272bef50ac2953d589","name":"Aconteceu no Vale","description":"Equipe de reportagem do Aconteceu no Vale, portal de not\u00edcias do Vale do Jequitinhonha, em Minas Gerais. Cobrimos as 51 cidades do Vale desde 2013. Sugest\u00f5es de pauta e pedidos de corre\u00e7\u00e3o: contato@aconteceunovale.com.br","sameAs":["http:\/\/www.aconteceunovale.com.br"],"url":"https:\/\/aconteceunovale.com.br\/portal\/?author=1"}]}},"_links":{"self":[{"href":"https:\/\/aconteceunovale.com.br\/portal\/index.php?rest_route=\/wp\/v2\/posts\/47772","targetHints":{"allow":["GET"]}}],"collection":[{"href":"https:\/\/aconteceunovale.com.br\/portal\/index.php?rest_route=\/wp\/v2\/posts"}],"about":[{"href":"https:\/\/aconteceunovale.com.br\/portal\/index.php?rest_route=\/wp\/v2\/types\/post"}],"author":[{"embeddable":true,"href":"https:\/\/aconteceunovale.com.br\/portal\/index.php?rest_route=\/wp\/v2\/users\/1"}],"replies":[{"embeddable":true,"href":"https:\/\/aconteceunovale.com.br\/portal\/index.php?rest_route=%2Fwp%2Fv2%2Fcomments&post=47772"}],"version-history":[{"count":0,"href":"https:\/\/aconteceunovale.com.br\/portal\/index.php?rest_route=\/wp\/v2\/posts\/47772\/revisions"}],"wp:featuredmedia":[{"embeddable":true,"href":"https:\/\/aconteceunovale.com.br\/portal\/index.php?rest_route=\/wp\/v2\/media\/47773"}],"wp:attachment":[{"href":"https:\/\/aconteceunovale.com.br\/portal\/index.php?rest_route=%2Fwp%2Fv2%2Fmedia&parent=47772"}],"wp:term":[{"taxonomy":"category","embeddable":true,"href":"https:\/\/aconteceunovale.com.br\/portal\/index.php?rest_route=%2Fwp%2Fv2%2Fcategories&post=47772"},{"taxonomy":"post_tag","embeddable":true,"href":"https:\/\/aconteceunovale.com.br\/portal\/index.php?rest_route=%2Fwp%2Fv2%2Ftags&post=47772"}],"curies":[{"name":"wp","href":"https:\/\/api.w.org\/{rel}","templated":true}]}}