{"id":47756,"date":"2014-12-11T19:10:28","date_gmt":"2014-12-11T22:10:28","guid":{"rendered":"http:\/\/aconteceunovale.com.br\/portal\/?p=47756"},"modified":"2014-12-11T19:10:40","modified_gmt":"2014-12-11T22:10:40","slug":"uma-pessoa-morre-e-cinco-ficam-feridas-em-dois-acidentes-no-norte-de-minas","status":"publish","type":"post","link":"https:\/\/aconteceunovale.com.br\/portal\/?p=47756","title":{"rendered":"Uma pessoa morre e cinco ficam feridas em dois acidentes no Norte de Minas"},"content":{"rendered":"<h4><strong><em>Acidentes aconteceram em Montes Claros. Na batida entre dois carros e um caminh\u00e3o, um beb\u00ea de 20 dias saiu ileso.<\/em><\/strong><\/h4>\n<p>Uma pessoa morreu e cinco ficaram feridas em dois acidentes na tarde desta quinta-feira, 11 de dezembro, no munic\u00edpio de Montes Claros, no Norte de Minas Gerais. <\/p>\n<p><img decoding=\"async\" src=\"http:\/\/aconteceunovale.com.br\/portal\/wp-content\/uploads\/2014\/12\/acidente_moc_11_12_1.jpg\" alt=\"\" \/><em>Carro ficou esmagado em acidente na BR-135 (Foto: D\u00e9lio Pinheiro\/ Inter TV)<\/em><br \/>\n<\/br><\/p>\n<p>Na BR-365, a batida entre um caminh\u00e3o e dois carros, tr\u00eas pessoas ficaram feridas e um beb\u00ea de 20 dias saiu ileso. De acordo com o Corpo de Bombeiros, o caminh\u00e3o passou por cima de um dos carros, que seguia no mesmo sentido.<\/p>\n<p>Ainda segundo os bombeiros, os pais da crian\u00e7a tiveram ferimentos leves. O estado mais grave \u00e9 o da tia do beb\u00ea, que ficou presa \u00e0s ferragens. Ela informou aos socorristas que n\u00e3o estava sentindo as pernas.<\/p>\n<p>De acordo o tenente Lauro Fonseca, o motorista do caminh\u00e3o teria perdido os freios do ve\u00edculo. \u201cEle disse que veio perdendo os freios e tentou jogar para o acostamento. Como n\u00e3o conseguiu, ele atingiu dois ve\u00edculos que estavam \u00e0 frente\u201d, conta. O ocupante do segundo carro atingido n\u00e3o teve ferimentos.<\/p>\n<p>Ainda segundo o tenente, o beb\u00ea estava no banco de tr\u00e1s, dentro da cadeirinha, conhecida como beb\u00ea conforto. \u201cA crian\u00e7a estava na cadeirinha e provavelmente isso salvou a vida dela\u201d, afirma.<\/p>\n<p>Todos as v\u00edtimas foram encaminhadas para hospitais de Montes Claros para atendimento m\u00e9dico. O motorista do caminh\u00e3o n\u00e3o sofreu ferimentos e foi liberado, ap\u00f3s fazer o teste do baf\u00f4metro.<\/p>\n<p><img decoding=\"async\" src=\"http:\/\/aconteceunovale.com.br\/portal\/wp-content\/uploads\/2014\/12\/acidente_moc_11_12_2.jpg\" alt=\"\" \/><em>Cadeirinha pode ter salvado a vida do beb\u00ea durante acidente (Foto: D\u00e9lio Pinheiro\/ Inter TV)<\/em><br \/>\n<\/br><\/p>\n<h4>Motociclista morre em acidente perto do distrito de Nova Esperan\u00e7a<\/h4>\n<p>Um motociclista morreu na tarde desta quinta-feira (11) ap\u00f3s se envolver em um acidente na estrada de Santa Rosa de Lima, perto de Nova Esperan\u00e7a, distrito de Montes Claros (MG). Segundo informa\u00e7\u00f5es do Samu, o acidente envolveu uma moto e um carro. Outras duas pessoas ficaram feridas.<\/p>\n<p>Ainda segundo o Samu, os dois ve\u00edculos bateram de frente. O motociclista morreu no local. A motorista do carro, de 22 anos, teve ferimentos leves e foi encaminhada para a Santa Casa de Montes Claros. A m\u00e3e dela tamb\u00e9m estava no carro e foi levada para um hospital em Bras\u00edlia de Minas. O estado de sa\u00fade das duas \u00e9 est\u00e1vel.<\/p>\n<p><strong><em>(Fonte: Inter TV Grande Minas)<\/em><\/strong><\/p>\n","protected":false},"excerpt":{"rendered":"<p>Acidentes aconteceram em Montes Claros. Na batida entre dois carros e um caminh\u00e3o, um beb\u00ea de 20 dias saiu ileso. Uma pessoa morreu e cinco ficaram feridas em dois acidentes na tarde desta quinta-feira, 11 de dezembro, no munic\u00edpio de Montes Claros, no Norte de Minas Gerais. Carro ficou esmagado em acidente na BR-135 (Foto: [&hellip;]<\/p>\n","protected":false},"author":1,"featured_media":47757,"comment_status":"open","ping_status":"closed","sticky":false,"template":"","format":"standard","meta":{"amp_status":"","footnotes":""},"categories":[1236],"tags":[16673,195,26508,210,26509,26507,26506],"class_list":["post-47756","post","type-post","status-publish","format-standard","has-post-thumbnail","hentry","category-norte_de_minas","tag-acidente-em-montes-claros","tag-brasilia-de-minas","tag-carro-e-esmagado-e-familia-sobrevive-em-acidente-em-montes-claros","tag-montes-claros","tag-motociclista-morre-em-acidente-perto-do-distrito-de-nova-esperanca","tag-uma-pessoa-morre-e-cinco-ficam-feridas-em-dois-acidentes-em-montes-claros","tag-uma-pessoa-morre-e-cinco-ficam-feridas-em-dois-acidentes-no-norte-de-minas"],"yoast_head":"<!-- This site is optimized with the Yoast SEO plugin v28.3 - https:\/\/yoast.com\/product\/yoast-seo-wordpress\/ -->\n<title>Uma pessoa morre e cinco ficam feridas em dois acidentes no Norte de Minas - Aconteceu no Vale<\/title>\n<meta name=\"robots\" content=\"index, follow, max-snippet:-1, max-image-preview:large, max-video-preview:-1\" \/>\n<link rel=\"canonical\" href=\"https:\/\/aconteceunovale.com.br\/portal\/?p=47756\" \/>\n<meta property=\"og:locale\" content=\"pt_BR\" \/>\n<meta property=\"og:type\" content=\"article\" \/>\n<meta property=\"og:title\" content=\"Uma pessoa morre e cinco ficam feridas em dois acidentes no Norte de Minas - Aconteceu no Vale\" \/>\n<meta property=\"og:description\" content=\"Acidentes aconteceram em Montes Claros. Na batida entre dois carros e um caminh\u00e3o, um beb\u00ea de 20 dias saiu ileso. Uma pessoa morreu e cinco ficaram feridas em dois acidentes na tarde desta quinta-feira, 11 de dezembro, no munic\u00edpio de Montes Claros, no Norte de Minas Gerais. Carro ficou esmagado em acidente na BR-135 (Foto: [&hellip;]\" \/>\n<meta property=\"og:url\" content=\"https:\/\/aconteceunovale.com.br\/portal\/?p=47756\" \/>\n<meta property=\"og:site_name\" content=\"Aconteceu no Vale\" \/>\n<meta property=\"article:publisher\" content=\"https:\/\/www.facebook.com\/aconteceunovale\/\" \/>\n<meta property=\"article:published_time\" content=\"2014-12-11T22:10:28+00:00\" \/>\n<meta property=\"article:modified_time\" content=\"2014-12-11T22:10:40+00:00\" \/>\n<meta property=\"og:image\" content=\"https:\/\/aconteceunovale.com.br\/portal\/wp-content\/uploads\/2014\/12\/acidente_moc_11_12_1.jpg\" \/>\n\t<meta property=\"og:image:width\" content=\"600\" \/>\n\t<meta property=\"og:image:height\" content=\"450\" \/>\n\t<meta property=\"og:image:type\" content=\"image\/jpeg\" \/>\n<meta name=\"author\" content=\"Aconteceu no Vale\" \/>\n<meta name=\"twitter:card\" content=\"summary_large_image\" \/>\n<meta name=\"twitter:creator\" content=\"@noticiadosvales\" \/>\n<meta name=\"twitter:site\" content=\"@noticiadosvales\" \/>\n<meta name=\"twitter:label1\" content=\"Escrito por\" \/>\n\t<meta name=\"twitter:data1\" content=\"Aconteceu no Vale\" \/>\n\t<meta name=\"twitter:label2\" content=\"Est. tempo de leitura\" \/>\n\t<meta name=\"twitter:data2\" content=\"2 minutos\" \/>\n<script type=\"application\/ld+json\" class=\"yoast-schema-graph\">{\"@context\":\"https:\\\/\\\/schema.org\",\"@graph\":[{\"@type\":\"Article\",\"@id\":\"https:\\\/\\\/aconteceunovale.com.br\\\/portal\\\/?p=47756#article\",\"isPartOf\":{\"@id\":\"https:\\\/\\\/aconteceunovale.com.br\\\/portal\\\/?p=47756\"},\"author\":{\"name\":\"Aconteceu no Vale\",\"@id\":\"https:\\\/\\\/aconteceunovale.com.br\\\/portal\\\/#\\\/schema\\\/person\\\/633529146f2c94272bef50ac2953d589\"},\"headline\":\"Uma pessoa morre e cinco ficam feridas em dois acidentes no Norte de Minas\",\"datePublished\":\"2014-12-11T22:10:28+00:00\",\"dateModified\":\"2014-12-11T22:10:40+00:00\",\"mainEntityOfPage\":{\"@id\":\"https:\\\/\\\/aconteceunovale.com.br\\\/portal\\\/?p=47756\"},\"wordCount\":423,\"commentCount\":0,\"image\":{\"@id\":\"https:\\\/\\\/aconteceunovale.com.br\\\/portal\\\/?p=47756#primaryimage\"},\"thumbnailUrl\":\"https:\\\/\\\/aconteceunovale.com.br\\\/portal\\\/wp-content\\\/uploads\\\/2014\\\/12\\\/acidente_moc_11_12_1.jpg\",\"keywords\":[\"acidente em montes claros\",\"Bras\u00edlia de Minas\",\"Carro \u00e9 esmagado e fam\u00edlia sobrevive em acidente em Montes Claros\",\"Montes Claros\",\"Motociclista morre em acidente perto do distrito de Nova Esperan\u00e7a\",\"Uma pessoa morre e cinco ficam feridas em dois acidentes em Montes Claros\",\"Uma pessoa morre e cinco ficam feridas em dois acidentes no Norte de Minas\"],\"articleSection\":[\"Norte de Minas\"],\"inLanguage\":\"pt-BR\",\"potentialAction\":[{\"@type\":\"CommentAction\",\"name\":\"Comment\",\"target\":[\"https:\\\/\\\/aconteceunovale.com.br\\\/portal\\\/?p=47756#respond\"]}]},{\"@type\":\"WebPage\",\"@id\":\"https:\\\/\\\/aconteceunovale.com.br\\\/portal\\\/?p=47756\",\"url\":\"https:\\\/\\\/aconteceunovale.com.br\\\/portal\\\/?p=47756\",\"name\":\"Uma pessoa morre e cinco ficam feridas em dois acidentes no Norte de Minas - Aconteceu no Vale\",\"isPartOf\":{\"@id\":\"https:\\\/\\\/aconteceunovale.com.br\\\/portal\\\/#website\"},\"primaryImageOfPage\":{\"@id\":\"https:\\\/\\\/aconteceunovale.com.br\\\/portal\\\/?p=47756#primaryimage\"},\"image\":{\"@id\":\"https:\\\/\\\/aconteceunovale.com.br\\\/portal\\\/?p=47756#primaryimage\"},\"thumbnailUrl\":\"https:\\\/\\\/aconteceunovale.com.br\\\/portal\\\/wp-content\\\/uploads\\\/2014\\\/12\\\/acidente_moc_11_12_1.jpg\",\"datePublished\":\"2014-12-11T22:10:28+00:00\",\"dateModified\":\"2014-12-11T22:10:40+00:00\",\"author\":{\"@id\":\"https:\\\/\\\/aconteceunovale.com.br\\\/portal\\\/#\\\/schema\\\/person\\\/633529146f2c94272bef50ac2953d589\"},\"breadcrumb\":{\"@id\":\"https:\\\/\\\/aconteceunovale.com.br\\\/portal\\\/?p=47756#breadcrumb\"},\"inLanguage\":\"pt-BR\",\"potentialAction\":[{\"@type\":\"ReadAction\",\"target\":[\"https:\\\/\\\/aconteceunovale.com.br\\\/portal\\\/?p=47756\"]}]},{\"@type\":\"ImageObject\",\"inLanguage\":\"pt-BR\",\"@id\":\"https:\\\/\\\/aconteceunovale.com.br\\\/portal\\\/?p=47756#primaryimage\",\"url\":\"https:\\\/\\\/aconteceunovale.com.br\\\/portal\\\/wp-content\\\/uploads\\\/2014\\\/12\\\/acidente_moc_11_12_1.jpg\",\"contentUrl\":\"https:\\\/\\\/aconteceunovale.com.br\\\/portal\\\/wp-content\\\/uploads\\\/2014\\\/12\\\/acidente_moc_11_12_1.jpg\",\"width\":600,\"height\":450},{\"@type\":\"BreadcrumbList\",\"@id\":\"https:\\\/\\\/aconteceunovale.com.br\\\/portal\\\/?p=47756#breadcrumb\",\"itemListElement\":[{\"@type\":\"ListItem\",\"position\":1,\"name\":\"In\u00edcio\",\"item\":\"https:\\\/\\\/aconteceunovale.com.br\\\/portal\\\/\"},{\"@type\":\"ListItem\",\"position\":2,\"name\":\"Uma pessoa morre e cinco ficam feridas em dois acidentes no Norte de Minas\"}]},{\"@type\":\"WebSite\",\"@id\":\"https:\\\/\\\/aconteceunovale.com.br\\\/portal\\\/#website\",\"url\":\"https:\\\/\\\/aconteceunovale.com.br\\\/portal\\\/\",\"name\":\"Aconteceu no Vale\",\"description\":\"Portal de Not\u00edcias\",\"potentialAction\":[{\"@type\":\"SearchAction\",\"target\":{\"@type\":\"EntryPoint\",\"urlTemplate\":\"https:\\\/\\\/aconteceunovale.com.br\\\/portal\\\/?s={search_term_string}\"},\"query-input\":{\"@type\":\"PropertyValueSpecification\",\"valueRequired\":true,\"valueName\":\"search_term_string\"}}],\"inLanguage\":\"pt-BR\"},{\"@type\":\"Person\",\"@id\":\"https:\\\/\\\/aconteceunovale.com.br\\\/portal\\\/#\\\/schema\\\/person\\\/633529146f2c94272bef50ac2953d589\",\"name\":\"Aconteceu no Vale\",\"description\":\"Equipe de reportagem do Aconteceu no Vale, portal de not\u00edcias do Vale do Jequitinhonha, em Minas Gerais. Cobrimos as 51 cidades do Vale desde 2013. Sugest\u00f5es de pauta e pedidos de corre\u00e7\u00e3o: contato@aconteceunovale.com.br\",\"sameAs\":[\"http:\\\/\\\/www.aconteceunovale.com.br\"],\"url\":\"https:\\\/\\\/aconteceunovale.com.br\\\/portal\\\/?author=1\"}]}<\/script>\n<!-- \/ Yoast SEO plugin. -->","yoast_head_json":{"title":"Uma pessoa morre e cinco ficam feridas em dois acidentes no Norte de Minas - Aconteceu no Vale","robots":{"index":"index","follow":"follow","max-snippet":"max-snippet:-1","max-image-preview":"max-image-preview:large","max-video-preview":"max-video-preview:-1"},"canonical":"https:\/\/aconteceunovale.com.br\/portal\/?p=47756","og_locale":"pt_BR","og_type":"article","og_title":"Uma pessoa morre e cinco ficam feridas em dois acidentes no Norte de Minas - Aconteceu no Vale","og_description":"Acidentes aconteceram em Montes Claros. Na batida entre dois carros e um caminh\u00e3o, um beb\u00ea de 20 dias saiu ileso. Uma pessoa morreu e cinco ficaram feridas em dois acidentes na tarde desta quinta-feira, 11 de dezembro, no munic\u00edpio de Montes Claros, no Norte de Minas Gerais. Carro ficou esmagado em acidente na BR-135 (Foto: [&hellip;]","og_url":"https:\/\/aconteceunovale.com.br\/portal\/?p=47756","og_site_name":"Aconteceu no Vale","article_publisher":"https:\/\/www.facebook.com\/aconteceunovale\/","article_published_time":"2014-12-11T22:10:28+00:00","article_modified_time":"2014-12-11T22:10:40+00:00","og_image":[{"width":600,"height":450,"url":"https:\/\/aconteceunovale.com.br\/portal\/wp-content\/uploads\/2014\/12\/acidente_moc_11_12_1.jpg","type":"image\/jpeg"}],"author":"Aconteceu no Vale","twitter_card":"summary_large_image","twitter_creator":"@noticiadosvales","twitter_site":"@noticiadosvales","twitter_misc":{"Escrito por":"Aconteceu no Vale","Est. tempo de leitura":"2 minutos"},"schema":{"@context":"https:\/\/schema.org","@graph":[{"@type":"Article","@id":"https:\/\/aconteceunovale.com.br\/portal\/?p=47756#article","isPartOf":{"@id":"https:\/\/aconteceunovale.com.br\/portal\/?p=47756"},"author":{"name":"Aconteceu no Vale","@id":"https:\/\/aconteceunovale.com.br\/portal\/#\/schema\/person\/633529146f2c94272bef50ac2953d589"},"headline":"Uma pessoa morre e cinco ficam feridas em dois acidentes no Norte de Minas","datePublished":"2014-12-11T22:10:28+00:00","dateModified":"2014-12-11T22:10:40+00:00","mainEntityOfPage":{"@id":"https:\/\/aconteceunovale.com.br\/portal\/?p=47756"},"wordCount":423,"commentCount":0,"image":{"@id":"https:\/\/aconteceunovale.com.br\/portal\/?p=47756#primaryimage"},"thumbnailUrl":"https:\/\/aconteceunovale.com.br\/portal\/wp-content\/uploads\/2014\/12\/acidente_moc_11_12_1.jpg","keywords":["acidente em montes claros","Bras\u00edlia de Minas","Carro \u00e9 esmagado e fam\u00edlia sobrevive em acidente em Montes Claros","Montes Claros","Motociclista morre em acidente perto do distrito de Nova Esperan\u00e7a","Uma pessoa morre e cinco ficam feridas em dois acidentes em Montes Claros","Uma pessoa morre e cinco ficam feridas em dois acidentes no Norte de Minas"],"articleSection":["Norte de Minas"],"inLanguage":"pt-BR","potentialAction":[{"@type":"CommentAction","name":"Comment","target":["https:\/\/aconteceunovale.com.br\/portal\/?p=47756#respond"]}]},{"@type":"WebPage","@id":"https:\/\/aconteceunovale.com.br\/portal\/?p=47756","url":"https:\/\/aconteceunovale.com.br\/portal\/?p=47756","name":"Uma pessoa morre e cinco ficam feridas em dois acidentes no Norte de Minas - Aconteceu no Vale","isPartOf":{"@id":"https:\/\/aconteceunovale.com.br\/portal\/#website"},"primaryImageOfPage":{"@id":"https:\/\/aconteceunovale.com.br\/portal\/?p=47756#primaryimage"},"image":{"@id":"https:\/\/aconteceunovale.com.br\/portal\/?p=47756#primaryimage"},"thumbnailUrl":"https:\/\/aconteceunovale.com.br\/portal\/wp-content\/uploads\/2014\/12\/acidente_moc_11_12_1.jpg","datePublished":"2014-12-11T22:10:28+00:00","dateModified":"2014-12-11T22:10:40+00:00","author":{"@id":"https:\/\/aconteceunovale.com.br\/portal\/#\/schema\/person\/633529146f2c94272bef50ac2953d589"},"breadcrumb":{"@id":"https:\/\/aconteceunovale.com.br\/portal\/?p=47756#breadcrumb"},"inLanguage":"pt-BR","potentialAction":[{"@type":"ReadAction","target":["https:\/\/aconteceunovale.com.br\/portal\/?p=47756"]}]},{"@type":"ImageObject","inLanguage":"pt-BR","@id":"https:\/\/aconteceunovale.com.br\/portal\/?p=47756#primaryimage","url":"https:\/\/aconteceunovale.com.br\/portal\/wp-content\/uploads\/2014\/12\/acidente_moc_11_12_1.jpg","contentUrl":"https:\/\/aconteceunovale.com.br\/portal\/wp-content\/uploads\/2014\/12\/acidente_moc_11_12_1.jpg","width":600,"height":450},{"@type":"BreadcrumbList","@id":"https:\/\/aconteceunovale.com.br\/portal\/?p=47756#breadcrumb","itemListElement":[{"@type":"ListItem","position":1,"name":"In\u00edcio","item":"https:\/\/aconteceunovale.com.br\/portal\/"},{"@type":"ListItem","position":2,"name":"Uma pessoa morre e cinco ficam feridas em dois acidentes no Norte de Minas"}]},{"@type":"WebSite","@id":"https:\/\/aconteceunovale.com.br\/portal\/#website","url":"https:\/\/aconteceunovale.com.br\/portal\/","name":"Aconteceu no Vale","description":"Portal de Not\u00edcias","potentialAction":[{"@type":"SearchAction","target":{"@type":"EntryPoint","urlTemplate":"https:\/\/aconteceunovale.com.br\/portal\/?s={search_term_string}"},"query-input":{"@type":"PropertyValueSpecification","valueRequired":true,"valueName":"search_term_string"}}],"inLanguage":"pt-BR"},{"@type":"Person","@id":"https:\/\/aconteceunovale.com.br\/portal\/#\/schema\/person\/633529146f2c94272bef50ac2953d589","name":"Aconteceu no Vale","description":"Equipe de reportagem do Aconteceu no Vale, portal de not\u00edcias do Vale do Jequitinhonha, em Minas Gerais. Cobrimos as 51 cidades do Vale desde 2013. Sugest\u00f5es de pauta e pedidos de corre\u00e7\u00e3o: contato@aconteceunovale.com.br","sameAs":["http:\/\/www.aconteceunovale.com.br"],"url":"https:\/\/aconteceunovale.com.br\/portal\/?author=1"}]}},"_links":{"self":[{"href":"https:\/\/aconteceunovale.com.br\/portal\/index.php?rest_route=\/wp\/v2\/posts\/47756","targetHints":{"allow":["GET"]}}],"collection":[{"href":"https:\/\/aconteceunovale.com.br\/portal\/index.php?rest_route=\/wp\/v2\/posts"}],"about":[{"href":"https:\/\/aconteceunovale.com.br\/portal\/index.php?rest_route=\/wp\/v2\/types\/post"}],"author":[{"embeddable":true,"href":"https:\/\/aconteceunovale.com.br\/portal\/index.php?rest_route=\/wp\/v2\/users\/1"}],"replies":[{"embeddable":true,"href":"https:\/\/aconteceunovale.com.br\/portal\/index.php?rest_route=%2Fwp%2Fv2%2Fcomments&post=47756"}],"version-history":[{"count":0,"href":"https:\/\/aconteceunovale.com.br\/portal\/index.php?rest_route=\/wp\/v2\/posts\/47756\/revisions"}],"wp:featuredmedia":[{"embeddable":true,"href":"https:\/\/aconteceunovale.com.br\/portal\/index.php?rest_route=\/wp\/v2\/media\/47757"}],"wp:attachment":[{"href":"https:\/\/aconteceunovale.com.br\/portal\/index.php?rest_route=%2Fwp%2Fv2%2Fmedia&parent=47756"}],"wp:term":[{"taxonomy":"category","embeddable":true,"href":"https:\/\/aconteceunovale.com.br\/portal\/index.php?rest_route=%2Fwp%2Fv2%2Fcategories&post=47756"},{"taxonomy":"post_tag","embeddable":true,"href":"https:\/\/aconteceunovale.com.br\/portal\/index.php?rest_route=%2Fwp%2Fv2%2Ftags&post=47756"}],"curies":[{"name":"wp","href":"https:\/\/api.w.org\/{rel}","templated":true}]}}