{"id":47753,"date":"2014-12-11T18:40:04","date_gmt":"2014-12-11T21:40:04","guid":{"rendered":"http:\/\/aconteceunovale.com.br\/portal\/?p=47753"},"modified":"2014-12-11T18:40:04","modified_gmt":"2014-12-11T21:40:04","slug":"nestle-vai-instalar-a-primeira-fabrica-de-capsulas-de-cafe-fora-da-europa-em-montes-claros","status":"publish","type":"post","link":"https:\/\/aconteceunovale.com.br\/portal\/?p=47753","title":{"rendered":"Nestl\u00e9 vai instalar a primeira f\u00e1brica de c\u00e1psulas de caf\u00e9 fora da Europa em Montes Claros"},"content":{"rendered":"<h4><strong><em>A unidade vai abastecer os mercados interno e externo a partir do segundo semestre de 2015, com cerca de 360 milh\u00f5es de produtos por ano.<\/em><\/strong><\/h4>\n<p>A multinacional su\u00ed\u00e7a Nestl\u00e9 vai lan\u00e7ar na pr\u00f3xima semana a pedra fundamental de sua primeira f\u00e1brica de c\u00e1psulas de caf\u00e9 fora da Europa. A unidade ser\u00e1 em Montes Claros (MG) e demandar\u00e1 investimentos de R$ 186 milh\u00f5es, segundo documento enviado pela empresa ao governo mineiro.<\/p>\n<p>A nova instala\u00e7\u00e3o vai abastecer os mercados interno e externo a partir do segundo semestre de 2015, com cerca de 360 milh\u00f5es de c\u00e1psulas ao ano, conforme a solicita\u00e7\u00e3o de licen\u00e7a ambiental. A Nestl\u00e9 n\u00e3o comentou.<\/p>\n<p>O lan\u00e7amento do empreendimento, na pr\u00f3xima quinta-feira, deve contar com a presen\u00e7a do presidente global da Nestl\u00e9, Paul Bulcke, do presidente da empresa no Brasil, Juan Carlos Marroqu\u00edn, e do vice-presidente para as Am\u00e9ricas, Laurent Freixe.<\/p>\n<p>Em fevereiro, o Jornal Valor Econ\u00f4mico informou que o Brasil era candidato a ter uma f\u00e1brica de c\u00e1psulas da Nestl\u00e9 da marca Nescaf\u00e9 Dolce Gusto, mais popular que a Nespresso. A multinacional n\u00e3o confirmou que marca ser\u00e1 produzida na nova unidade.<\/p>\n<p>A brasileira 3 Cora\u00e7\u00f5es tamb\u00e9m ter\u00e1 uma f\u00e1brica de c\u00e1psulas em Montes Claros (MG), com investimento inicial de R$ 45 milh\u00f5es e previs\u00e3o de aplicar outros R$ 45 milh\u00f5es, caso a demanda continue em alta. Os projetos das duas fabricantes somam R$ 276 milh\u00f5es.<\/p>\n<p>A 3 Cora\u00e7\u00f5es informa que a f\u00e1brica come\u00e7a a ser constru\u00edda no primeiro trimestre de 2015 e vai produzir c\u00e1psulas de diversas bebidas. Atualmente, os produtos s\u00e3o encapsulados na It\u00e1lia.<\/p>\n<p>A f\u00e1brica da Nestl\u00e9 ser\u00e1 em propriedade anexa \u00e0 unidade da companhia que produz leite condensado. O documento do governo mineiro diz que ser\u00e3o empregadas 120 pessoas.<\/p>\n<p>Segundo fontes do setor, a Nestl\u00e9 vem negociando, h\u00e1 meses, uma autoriza\u00e7\u00e3o do governo brasileiro para importar caf\u00e9 verde de outros pa\u00edses, para compor seus &#8220;blends&#8221; nas c\u00e1psulas. N\u00e3o h\u00e1 proibi\u00e7\u00e3o de importa\u00e7\u00e3o da mat\u00e9ria-prima, mas \u00e9 exigido um certificado de an\u00e1lise de risco de pragas do Minist\u00e9rio da Agricultura. O assunto ainda est\u00e1 sendo discutido dentro do governo e se houver alguma decis\u00e3o, ser\u00e1 deliberada pela C\u00e2mara de Com\u00e9rcio Exterior (Camex), informou o minist\u00e9rio.<\/p>\n<p>Uma fonte afirmou que a Nestl\u00e9, ao instalar sua f\u00e1brica no Brasil, tenderia a usar inicialmente 60% de gr\u00e3os brasileiros em suas c\u00e1psulas, e o restante de outras origens. O percentual de caf\u00e9 nacional poderia logo passar para 90%, diante dos altos custos de importa\u00e7\u00e3o de gr\u00e3os verdes do exterior.<\/p>\n<p>O volume de c\u00e1psulas de caf\u00e9 comercializado no Brasil cresceu 52,4% em doze meses at\u00e9 outubro, na compara\u00e7\u00e3o com os doze meses anteriores, segundo pesquisa da Nielsen para a Associa\u00e7\u00e3o Brasileira da Ind\u00fastria de Caf\u00e9 (Abic). Em valor, o crescimento \u00e9 de 55,5%. O consumo ainda est\u00e1 concentrado nas classes A e B, no Estado de S\u00e3o Paulo e no Sul do pa\u00eds.<\/p>\n<p>As c\u00e1psulas come\u00e7aram a ser comercializadas no pa\u00eds h\u00e1 pouco mais de uma d\u00e9cada, pela Nestl\u00e9, com a marca Nespresso. Outras empresas vieram depois, como a D.E. Master Blenders, as brasileiras Caf\u00e9 Utam e Lucca Caf\u00e9s e a portuguesa Delta Caf\u00e9s.<\/p>\n<p>No segmento de monodoses, a D.E. Master Blenders trabalha com duas marcas: L&#8217;OR (compat\u00edvel com o Nespresso) e Senseo. Os sach\u00eas Senseo s\u00e3o fabricados no Brasil desde 2011, em Jundia\u00ed (SP), mas as c\u00e1psulas s\u00e3o importadas.<\/p>\n<p>A portuguesa Kaffa, que chegou ao pa\u00eds em mar\u00e7o de 2013 fornecendo c\u00e1psulas para a Caf\u00e9 Utam, investiu R$ 3 milh\u00f5es para abrir uma f\u00e1brica em Ribeir\u00e3o Preto (SP) este ano. A capacidade prevista \u00e9 de 60 milh\u00f5es de c\u00e1psulas por ano, para atender ind\u00fastrias no pa\u00eds.<\/p>\n<p>No fim do ano passado, a Wine.com.br anunciou aportes de R$ 50 milh\u00f5es para construir uma f\u00e1brica de c\u00e1psulas de caf\u00e9 e um centro de inova\u00e7\u00e3o no Esp\u00edrito Santo. E a Baggio Caf\u00e9, que produz caf\u00e9 gourmet torrado e mo\u00eddo, lan\u00e7ou este ano c\u00e1psulas de caf\u00e9 expresso compat\u00edveis com o sistema da Nespresso.<\/p>\n<p><strong><em>(Fonte: <a href=\"http:\/\/www.valor.com.br\/empresas\/3812358\/nestle-vai-produzir-capsulas-em-mg\" target=\"_blank\">Jornal Valor Econ\u00f4mico<\/a>)<\/em><\/strong><\/p>\n","protected":false},"excerpt":{"rendered":"<p>A unidade vai abastecer os mercados interno e externo a partir do segundo semestre de 2015, com cerca de 360 milh\u00f5es de produtos por ano. A multinacional su\u00ed\u00e7a Nestl\u00e9 vai lan\u00e7ar na pr\u00f3xima semana a pedra fundamental de sua primeira f\u00e1brica de c\u00e1psulas de caf\u00e9 fora da Europa. A unidade ser\u00e1 em Montes Claros (MG) [&hellip;]<\/p>\n","protected":false},"author":1,"featured_media":47754,"comment_status":"open","ping_status":"closed","sticky":false,"template":"","format":"standard","meta":{"amp_status":"","footnotes":""},"categories":[1236],"tags":[26503,26505,26499,26500,210,26501,26502,26496,26504,26497,26498],"class_list":["post-47753","post","type-post","status-publish","format-standard","has-post-thumbnail","hentry","category-norte_de_minas","tag-3-coracoes","tag-fabrica-de-capsulas-de-cafe-nestle","tag-juan-carlos-marroquin","tag-laurent-freixe","tag-montes-claros","tag-nescafe-dolce-gusto","tag-nespresso","tag-nestle","tag-nestle-vai-instalar-a-primeira-fabrica-de-capsulas-de-cafe-fora-da-europa-em-montes-claros","tag-nestle-vai-lancar-na-proxima-semana-a-pedra-fundamental-de-sua-primeira-fabrica-de-capsulas-de-cafe-fora-da-europa","tag-paul-bulcke"],"yoast_head":"<!-- This site is optimized with the Yoast SEO plugin v28.3 - https:\/\/yoast.com\/product\/yoast-seo-wordpress\/ -->\n<title>Nestl\u00e9 vai instalar a primeira f\u00e1brica de c\u00e1psulas de caf\u00e9 fora da Europa em Montes Claros - Aconteceu no Vale<\/title>\n<meta name=\"robots\" content=\"index, follow, max-snippet:-1, max-image-preview:large, max-video-preview:-1\" \/>\n<link rel=\"canonical\" href=\"https:\/\/aconteceunovale.com.br\/portal\/?p=47753\" \/>\n<meta property=\"og:locale\" content=\"pt_BR\" \/>\n<meta property=\"og:type\" content=\"article\" \/>\n<meta property=\"og:title\" content=\"Nestl\u00e9 vai instalar a primeira f\u00e1brica de c\u00e1psulas de caf\u00e9 fora da Europa em Montes Claros - Aconteceu no Vale\" \/>\n<meta property=\"og:description\" content=\"A unidade vai abastecer os mercados interno e externo a partir do segundo semestre de 2015, com cerca de 360 milh\u00f5es de produtos por ano. A multinacional su\u00ed\u00e7a Nestl\u00e9 vai lan\u00e7ar na pr\u00f3xima semana a pedra fundamental de sua primeira f\u00e1brica de c\u00e1psulas de caf\u00e9 fora da Europa. A unidade ser\u00e1 em Montes Claros (MG) [&hellip;]\" \/>\n<meta property=\"og:url\" content=\"https:\/\/aconteceunovale.com.br\/portal\/?p=47753\" \/>\n<meta property=\"og:site_name\" content=\"Aconteceu no Vale\" \/>\n<meta property=\"article:publisher\" content=\"https:\/\/www.facebook.com\/aconteceunovale\/\" \/>\n<meta property=\"article:published_time\" content=\"2014-12-11T21:40:04+00:00\" \/>\n<meta property=\"og:image\" content=\"https:\/\/aconteceunovale.com.br\/portal\/wp-content\/uploads\/2014\/12\/capsulas_cafe_nestle.jpg\" \/>\n\t<meta property=\"og:image:width\" content=\"676\" \/>\n\t<meta property=\"og:image:height\" content=\"450\" \/>\n\t<meta property=\"og:image:type\" content=\"image\/jpeg\" \/>\n<meta name=\"author\" content=\"Aconteceu no Vale\" \/>\n<meta name=\"twitter:card\" content=\"summary_large_image\" \/>\n<meta name=\"twitter:creator\" content=\"@noticiadosvales\" \/>\n<meta name=\"twitter:site\" content=\"@noticiadosvales\" \/>\n<meta name=\"twitter:label1\" content=\"Escrito por\" \/>\n\t<meta name=\"twitter:data1\" content=\"Aconteceu no Vale\" \/>\n\t<meta name=\"twitter:label2\" content=\"Est. tempo de leitura\" \/>\n\t<meta name=\"twitter:data2\" content=\"4 minutos\" \/>\n<script type=\"application\/ld+json\" class=\"yoast-schema-graph\">{\"@context\":\"https:\\\/\\\/schema.org\",\"@graph\":[{\"@type\":\"Article\",\"@id\":\"https:\\\/\\\/aconteceunovale.com.br\\\/portal\\\/?p=47753#article\",\"isPartOf\":{\"@id\":\"https:\\\/\\\/aconteceunovale.com.br\\\/portal\\\/?p=47753\"},\"author\":{\"name\":\"Aconteceu no Vale\",\"@id\":\"https:\\\/\\\/aconteceunovale.com.br\\\/portal\\\/#\\\/schema\\\/person\\\/633529146f2c94272bef50ac2953d589\"},\"headline\":\"Nestl\u00e9 vai instalar a primeira f\u00e1brica de c\u00e1psulas de caf\u00e9 fora da Europa em Montes Claros\",\"datePublished\":\"2014-12-11T21:40:04+00:00\",\"mainEntityOfPage\":{\"@id\":\"https:\\\/\\\/aconteceunovale.com.br\\\/portal\\\/?p=47753\"},\"wordCount\":744,\"commentCount\":0,\"image\":{\"@id\":\"https:\\\/\\\/aconteceunovale.com.br\\\/portal\\\/?p=47753#primaryimage\"},\"thumbnailUrl\":\"https:\\\/\\\/aconteceunovale.com.br\\\/portal\\\/wp-content\\\/uploads\\\/2014\\\/12\\\/capsulas_cafe_nestle.jpg\",\"keywords\":[\"3 Cora\u00e7\u00f5es\",\"f\u00e1brica de c\u00e1psulas de caf\u00e9 nestl\u00e9\",\"Juan Carlos Marroqu\u00edn\",\"Laurent Freixe\",\"Montes Claros\",\"Nescaf\u00e9 Dolce Gusto\",\"Nespresso\",\"Nestl\u00e9\",\"Nestl\u00e9 vai instalar a primeira f\u00e1brica de c\u00e1psulas de caf\u00e9 fora da Europa em Montes Claros\",\"Nestl\u00e9 vai lan\u00e7ar na pr\u00f3xima semana a pedra fundamental de sua primeira f\u00e1brica de c\u00e1psulas de caf\u00e9 fora da Europa\",\"Paul Bulcke\"],\"articleSection\":[\"Norte de Minas\"],\"inLanguage\":\"pt-BR\",\"potentialAction\":[{\"@type\":\"CommentAction\",\"name\":\"Comment\",\"target\":[\"https:\\\/\\\/aconteceunovale.com.br\\\/portal\\\/?p=47753#respond\"]}]},{\"@type\":\"WebPage\",\"@id\":\"https:\\\/\\\/aconteceunovale.com.br\\\/portal\\\/?p=47753\",\"url\":\"https:\\\/\\\/aconteceunovale.com.br\\\/portal\\\/?p=47753\",\"name\":\"Nestl\u00e9 vai instalar a primeira f\u00e1brica de c\u00e1psulas de caf\u00e9 fora da Europa em Montes Claros - Aconteceu no Vale\",\"isPartOf\":{\"@id\":\"https:\\\/\\\/aconteceunovale.com.br\\\/portal\\\/#website\"},\"primaryImageOfPage\":{\"@id\":\"https:\\\/\\\/aconteceunovale.com.br\\\/portal\\\/?p=47753#primaryimage\"},\"image\":{\"@id\":\"https:\\\/\\\/aconteceunovale.com.br\\\/portal\\\/?p=47753#primaryimage\"},\"thumbnailUrl\":\"https:\\\/\\\/aconteceunovale.com.br\\\/portal\\\/wp-content\\\/uploads\\\/2014\\\/12\\\/capsulas_cafe_nestle.jpg\",\"datePublished\":\"2014-12-11T21:40:04+00:00\",\"author\":{\"@id\":\"https:\\\/\\\/aconteceunovale.com.br\\\/portal\\\/#\\\/schema\\\/person\\\/633529146f2c94272bef50ac2953d589\"},\"breadcrumb\":{\"@id\":\"https:\\\/\\\/aconteceunovale.com.br\\\/portal\\\/?p=47753#breadcrumb\"},\"inLanguage\":\"pt-BR\",\"potentialAction\":[{\"@type\":\"ReadAction\",\"target\":[\"https:\\\/\\\/aconteceunovale.com.br\\\/portal\\\/?p=47753\"]}]},{\"@type\":\"ImageObject\",\"inLanguage\":\"pt-BR\",\"@id\":\"https:\\\/\\\/aconteceunovale.com.br\\\/portal\\\/?p=47753#primaryimage\",\"url\":\"https:\\\/\\\/aconteceunovale.com.br\\\/portal\\\/wp-content\\\/uploads\\\/2014\\\/12\\\/capsulas_cafe_nestle.jpg\",\"contentUrl\":\"https:\\\/\\\/aconteceunovale.com.br\\\/portal\\\/wp-content\\\/uploads\\\/2014\\\/12\\\/capsulas_cafe_nestle.jpg\",\"width\":676,\"height\":450},{\"@type\":\"BreadcrumbList\",\"@id\":\"https:\\\/\\\/aconteceunovale.com.br\\\/portal\\\/?p=47753#breadcrumb\",\"itemListElement\":[{\"@type\":\"ListItem\",\"position\":1,\"name\":\"In\u00edcio\",\"item\":\"https:\\\/\\\/aconteceunovale.com.br\\\/portal\\\/\"},{\"@type\":\"ListItem\",\"position\":2,\"name\":\"Nestl\u00e9 vai instalar a primeira f\u00e1brica de c\u00e1psulas de caf\u00e9 fora da Europa em Montes Claros\"}]},{\"@type\":\"WebSite\",\"@id\":\"https:\\\/\\\/aconteceunovale.com.br\\\/portal\\\/#website\",\"url\":\"https:\\\/\\\/aconteceunovale.com.br\\\/portal\\\/\",\"name\":\"Aconteceu no Vale\",\"description\":\"Portal de Not\u00edcias\",\"potentialAction\":[{\"@type\":\"SearchAction\",\"target\":{\"@type\":\"EntryPoint\",\"urlTemplate\":\"https:\\\/\\\/aconteceunovale.com.br\\\/portal\\\/?s={search_term_string}\"},\"query-input\":{\"@type\":\"PropertyValueSpecification\",\"valueRequired\":true,\"valueName\":\"search_term_string\"}}],\"inLanguage\":\"pt-BR\"},{\"@type\":\"Person\",\"@id\":\"https:\\\/\\\/aconteceunovale.com.br\\\/portal\\\/#\\\/schema\\\/person\\\/633529146f2c94272bef50ac2953d589\",\"name\":\"Aconteceu no Vale\",\"description\":\"Equipe de reportagem do Aconteceu no Vale, portal de not\u00edcias do Vale do Jequitinhonha, em Minas Gerais. Cobrimos as 51 cidades do Vale desde 2013. Sugest\u00f5es de pauta e pedidos de corre\u00e7\u00e3o: contato@aconteceunovale.com.br\",\"sameAs\":[\"http:\\\/\\\/www.aconteceunovale.com.br\"],\"url\":\"https:\\\/\\\/aconteceunovale.com.br\\\/portal\\\/?author=1\"}]}<\/script>\n<!-- \/ Yoast SEO plugin. -->","yoast_head_json":{"title":"Nestl\u00e9 vai instalar a primeira f\u00e1brica de c\u00e1psulas de caf\u00e9 fora da Europa em Montes Claros - Aconteceu no Vale","robots":{"index":"index","follow":"follow","max-snippet":"max-snippet:-1","max-image-preview":"max-image-preview:large","max-video-preview":"max-video-preview:-1"},"canonical":"https:\/\/aconteceunovale.com.br\/portal\/?p=47753","og_locale":"pt_BR","og_type":"article","og_title":"Nestl\u00e9 vai instalar a primeira f\u00e1brica de c\u00e1psulas de caf\u00e9 fora da Europa em Montes Claros - Aconteceu no Vale","og_description":"A unidade vai abastecer os mercados interno e externo a partir do segundo semestre de 2015, com cerca de 360 milh\u00f5es de produtos por ano. A multinacional su\u00ed\u00e7a Nestl\u00e9 vai lan\u00e7ar na pr\u00f3xima semana a pedra fundamental de sua primeira f\u00e1brica de c\u00e1psulas de caf\u00e9 fora da Europa. A unidade ser\u00e1 em Montes Claros (MG) [&hellip;]","og_url":"https:\/\/aconteceunovale.com.br\/portal\/?p=47753","og_site_name":"Aconteceu no Vale","article_publisher":"https:\/\/www.facebook.com\/aconteceunovale\/","article_published_time":"2014-12-11T21:40:04+00:00","og_image":[{"width":676,"height":450,"url":"https:\/\/aconteceunovale.com.br\/portal\/wp-content\/uploads\/2014\/12\/capsulas_cafe_nestle.jpg","type":"image\/jpeg"}],"author":"Aconteceu no Vale","twitter_card":"summary_large_image","twitter_creator":"@noticiadosvales","twitter_site":"@noticiadosvales","twitter_misc":{"Escrito por":"Aconteceu no Vale","Est. tempo de leitura":"4 minutos"},"schema":{"@context":"https:\/\/schema.org","@graph":[{"@type":"Article","@id":"https:\/\/aconteceunovale.com.br\/portal\/?p=47753#article","isPartOf":{"@id":"https:\/\/aconteceunovale.com.br\/portal\/?p=47753"},"author":{"name":"Aconteceu no Vale","@id":"https:\/\/aconteceunovale.com.br\/portal\/#\/schema\/person\/633529146f2c94272bef50ac2953d589"},"headline":"Nestl\u00e9 vai instalar a primeira f\u00e1brica de c\u00e1psulas de caf\u00e9 fora da Europa em Montes Claros","datePublished":"2014-12-11T21:40:04+00:00","mainEntityOfPage":{"@id":"https:\/\/aconteceunovale.com.br\/portal\/?p=47753"},"wordCount":744,"commentCount":0,"image":{"@id":"https:\/\/aconteceunovale.com.br\/portal\/?p=47753#primaryimage"},"thumbnailUrl":"https:\/\/aconteceunovale.com.br\/portal\/wp-content\/uploads\/2014\/12\/capsulas_cafe_nestle.jpg","keywords":["3 Cora\u00e7\u00f5es","f\u00e1brica de c\u00e1psulas de caf\u00e9 nestl\u00e9","Juan Carlos Marroqu\u00edn","Laurent Freixe","Montes Claros","Nescaf\u00e9 Dolce Gusto","Nespresso","Nestl\u00e9","Nestl\u00e9 vai instalar a primeira f\u00e1brica de c\u00e1psulas de caf\u00e9 fora da Europa em Montes Claros","Nestl\u00e9 vai lan\u00e7ar na pr\u00f3xima semana a pedra fundamental de sua primeira f\u00e1brica de c\u00e1psulas de caf\u00e9 fora da Europa","Paul Bulcke"],"articleSection":["Norte de Minas"],"inLanguage":"pt-BR","potentialAction":[{"@type":"CommentAction","name":"Comment","target":["https:\/\/aconteceunovale.com.br\/portal\/?p=47753#respond"]}]},{"@type":"WebPage","@id":"https:\/\/aconteceunovale.com.br\/portal\/?p=47753","url":"https:\/\/aconteceunovale.com.br\/portal\/?p=47753","name":"Nestl\u00e9 vai instalar a primeira f\u00e1brica de c\u00e1psulas de caf\u00e9 fora da Europa em Montes Claros - Aconteceu no Vale","isPartOf":{"@id":"https:\/\/aconteceunovale.com.br\/portal\/#website"},"primaryImageOfPage":{"@id":"https:\/\/aconteceunovale.com.br\/portal\/?p=47753#primaryimage"},"image":{"@id":"https:\/\/aconteceunovale.com.br\/portal\/?p=47753#primaryimage"},"thumbnailUrl":"https:\/\/aconteceunovale.com.br\/portal\/wp-content\/uploads\/2014\/12\/capsulas_cafe_nestle.jpg","datePublished":"2014-12-11T21:40:04+00:00","author":{"@id":"https:\/\/aconteceunovale.com.br\/portal\/#\/schema\/person\/633529146f2c94272bef50ac2953d589"},"breadcrumb":{"@id":"https:\/\/aconteceunovale.com.br\/portal\/?p=47753#breadcrumb"},"inLanguage":"pt-BR","potentialAction":[{"@type":"ReadAction","target":["https:\/\/aconteceunovale.com.br\/portal\/?p=47753"]}]},{"@type":"ImageObject","inLanguage":"pt-BR","@id":"https:\/\/aconteceunovale.com.br\/portal\/?p=47753#primaryimage","url":"https:\/\/aconteceunovale.com.br\/portal\/wp-content\/uploads\/2014\/12\/capsulas_cafe_nestle.jpg","contentUrl":"https:\/\/aconteceunovale.com.br\/portal\/wp-content\/uploads\/2014\/12\/capsulas_cafe_nestle.jpg","width":676,"height":450},{"@type":"BreadcrumbList","@id":"https:\/\/aconteceunovale.com.br\/portal\/?p=47753#breadcrumb","itemListElement":[{"@type":"ListItem","position":1,"name":"In\u00edcio","item":"https:\/\/aconteceunovale.com.br\/portal\/"},{"@type":"ListItem","position":2,"name":"Nestl\u00e9 vai instalar a primeira f\u00e1brica de c\u00e1psulas de caf\u00e9 fora da Europa em Montes Claros"}]},{"@type":"WebSite","@id":"https:\/\/aconteceunovale.com.br\/portal\/#website","url":"https:\/\/aconteceunovale.com.br\/portal\/","name":"Aconteceu no Vale","description":"Portal de Not\u00edcias","potentialAction":[{"@type":"SearchAction","target":{"@type":"EntryPoint","urlTemplate":"https:\/\/aconteceunovale.com.br\/portal\/?s={search_term_string}"},"query-input":{"@type":"PropertyValueSpecification","valueRequired":true,"valueName":"search_term_string"}}],"inLanguage":"pt-BR"},{"@type":"Person","@id":"https:\/\/aconteceunovale.com.br\/portal\/#\/schema\/person\/633529146f2c94272bef50ac2953d589","name":"Aconteceu no Vale","description":"Equipe de reportagem do Aconteceu no Vale, portal de not\u00edcias do Vale do Jequitinhonha, em Minas Gerais. Cobrimos as 51 cidades do Vale desde 2013. Sugest\u00f5es de pauta e pedidos de corre\u00e7\u00e3o: contato@aconteceunovale.com.br","sameAs":["http:\/\/www.aconteceunovale.com.br"],"url":"https:\/\/aconteceunovale.com.br\/portal\/?author=1"}]}},"_links":{"self":[{"href":"https:\/\/aconteceunovale.com.br\/portal\/index.php?rest_route=\/wp\/v2\/posts\/47753","targetHints":{"allow":["GET"]}}],"collection":[{"href":"https:\/\/aconteceunovale.com.br\/portal\/index.php?rest_route=\/wp\/v2\/posts"}],"about":[{"href":"https:\/\/aconteceunovale.com.br\/portal\/index.php?rest_route=\/wp\/v2\/types\/post"}],"author":[{"embeddable":true,"href":"https:\/\/aconteceunovale.com.br\/portal\/index.php?rest_route=\/wp\/v2\/users\/1"}],"replies":[{"embeddable":true,"href":"https:\/\/aconteceunovale.com.br\/portal\/index.php?rest_route=%2Fwp%2Fv2%2Fcomments&post=47753"}],"version-history":[{"count":0,"href":"https:\/\/aconteceunovale.com.br\/portal\/index.php?rest_route=\/wp\/v2\/posts\/47753\/revisions"}],"wp:featuredmedia":[{"embeddable":true,"href":"https:\/\/aconteceunovale.com.br\/portal\/index.php?rest_route=\/wp\/v2\/media\/47754"}],"wp:attachment":[{"href":"https:\/\/aconteceunovale.com.br\/portal\/index.php?rest_route=%2Fwp%2Fv2%2Fmedia&parent=47753"}],"wp:term":[{"taxonomy":"category","embeddable":true,"href":"https:\/\/aconteceunovale.com.br\/portal\/index.php?rest_route=%2Fwp%2Fv2%2Fcategories&post=47753"},{"taxonomy":"post_tag","embeddable":true,"href":"https:\/\/aconteceunovale.com.br\/portal\/index.php?rest_route=%2Fwp%2Fv2%2Ftags&post=47753"}],"curies":[{"name":"wp","href":"https:\/\/api.w.org\/{rel}","templated":true}]}}