{"id":47748,"date":"2014-12-11T13:07:39","date_gmt":"2014-12-11T16:07:39","guid":{"rendered":"http:\/\/aconteceunovale.com.br\/portal\/?p=47748"},"modified":"2014-12-11T13:07:39","modified_gmt":"2014-12-11T16:07:39","slug":"minas-gerais-deve-produzir-126-milhoes-de-toneladas-de-graos-na-safra-201415","status":"publish","type":"post","link":"https:\/\/aconteceunovale.com.br\/portal\/?p=47748","title":{"rendered":"Minas Gerais deve produzir 12,6 milh\u00f5es de toneladas de gr\u00e3os na safra 2014\/15"},"content":{"rendered":"<h4><strong><em>Trigo \u00e9 um dos destaques com aumento de 70,5% na produ\u00e7\u00e3o. A produ\u00e7\u00e3o de milho, soja e caf\u00e9 tamb\u00e9m deve subir em rela\u00e7\u00e3o \u00e0 safra anterior<\/em><\/strong><\/h4>\n<p>Minas Gerais deve colher 12,6 milh\u00f5es de toneladas de gr\u00e3os na safra 2014\/15, respondendo por 6,3% da produ\u00e7\u00e3o nacional, de acordo com o terceiro levantamento realizado pela Companhia Nacional de Abastecimento (Conab). Os dados mostram um aumento de 8,4% na produ\u00e7\u00e3o das lavouras mineiras em rela\u00e7\u00e3o ao crescimento de 4,2% na safra brasileira, que deve alcan\u00e7ar 201,6 milh\u00f5es de toneladas.<\/p>\n<p><img decoding=\"async\" src=\"http:\/\/aconteceunovale.com.br\/portal\/wp-content\/uploads\/2014\/12\/minas-gerais-deve-produzir-126-milhoes-de-toneladas-de-graos-na-safra-201415.jpg\" alt=\"\" \/><em>O Estado \u00e9 o quarto maior produtor brasileiro de trigo &#8211; Foto: Divulga\u00e7\u00e3o\/Embrapa<\/em><br \/>\n<\/br><\/p>\n<p>Um dos destaques no quadro de crescimento da produ\u00e7\u00e3o de gr\u00e3os em Minas \u00e9 o trigo. Segundo a Conab, a safra do cereal, no Estado, deve alcan\u00e7ar 204,3 mil toneladas, varia\u00e7\u00e3o positiva de 70,5%. A produ\u00e7\u00e3o nacional prevista \u00e9 de 5,9 milh\u00f5es de toneladas, uma progress\u00e3o de 7,6%.<\/p>\n<p>De acordo com dados do Programa de Desenvolvimento da Competitividade da Cadeia do Trigo em Minas Gerais (Comtrigo), criado pela Secretaria de Estado de Agricultura, Pecu\u00e1ria e Abastecimento (Seapa), o Estado \u00e9 o quarto produtor brasileiro do cereal \u2013 atr\u00e1s do Paran\u00e1, Rio Grande do Sul e Santa Catarina \u2013 podendo em breve ocupar a terceira posi\u00e7\u00e3o.<\/p>\n<p>O coordenador do programa, Lindomar Ant\u00f4nio Lopes, considera que a autossufici\u00eancia em trigo brasileira poder\u00e1 ser alcan\u00e7ada com o fortalecimento do cultivo nos cerrados do Brasil Central, onde Minas ocupa papel importante, pelos fatores favor\u00e1veis de solo, proximidade do mercado  e estabilidade clim\u00e1tica.<\/p>\n<p>\u201cA integra\u00e7\u00e3o dos principais componentes da cadeia produtiva do trigo no Estado \u00e9 o objetivo principal do Comtrigo, e as a\u00e7\u00f5es do programa incluem o desenvolvimento da cultura no Brasil Central\u201d, enfatiza.  <\/p>\n<h4>Mais milho, soja e feij\u00e3o<\/h4>\n<p>A produ\u00e7\u00e3o de milho (primeira e segunda safra) no Estado deve somar 7,3 milh\u00f5es de toneladas, volume 5,7% maior que o registrado na safra anterior. J\u00e1 a safra paulista, segunda no ranking da regi\u00e3o Sudeste, deve ficar em 3,6 milh\u00f5es de toneladas, aumento de 1,8%. Para o pa\u00eds, a Conab prev\u00ea uma safra de 78,7 milh\u00f5es de toneladas, recuo de 1,5% na produ\u00e7\u00e3o em rela\u00e7\u00e3o ao per\u00edodo anterior.  <\/p>\n<p>No caso da soja, a safra mineira deve somar 3,9 milh\u00f5es de toneladas, varia\u00e7\u00e3o positiva de 17,5%. A safra total do pa\u00eds deve somar 95,8 milh\u00f5es de toneladas, equivalentes a um avan\u00e7o de 11,2%.<\/p>\n<p>Para o feij\u00e3o, a perspectiva \u00e9 de uma safra da ordem de 589,2 mil toneladas, aumento de 2,5% em rela\u00e7\u00e3o ao per\u00edodo anterior, enquanto os dados do pa\u00eds mostram redu\u00e7\u00e3o de 5,3%, pois a safra prevista \u00e9 de 3,2 milh\u00f5es de toneladas. <\/p>\n<p><em>(Ag\u00eancia Minas)<\/em><\/p>\n","protected":false},"excerpt":{"rendered":"<p>Trigo \u00e9 um dos destaques com aumento de 70,5% na produ\u00e7\u00e3o. A produ\u00e7\u00e3o de milho, soja e caf\u00e9 tamb\u00e9m deve subir em rela\u00e7\u00e3o \u00e0 safra anterior Minas Gerais deve colher 12,6 milh\u00f5es de toneladas de gr\u00e3os na safra 2014\/15, respondendo por 6,3% da produ\u00e7\u00e3o nacional, de acordo com o terceiro levantamento realizado pela Companhia Nacional [&hellip;]<\/p>\n","protected":false},"author":1,"featured_media":47749,"comment_status":"open","ping_status":"closed","sticky":false,"template":"","format":"standard","meta":{"amp_status":"","footnotes":""},"categories":[123],"tags":[1018,26488,26492,26494,26490,26493,26491,26489],"class_list":["post-47748","post","type-post","status-publish","format-standard","has-post-thumbnail","hentry","category-gerais","tag-destaque","tag-minas-gerais-deve-produzir-12-milhoes-de-toneladas-de-graos-na-safra-201415","tag-producao-de-cafe-em-minas-gerais","tag-producao-de-feijao-em-minas-gerais","tag-producao-de-graos-em-minas-gerais","tag-producao-de-milho-em-minas-gerais","tag-producao-de-trigo-em-minas-gerais","tag-safra-de-de-graos-201415"],"yoast_head":"<!-- This site is optimized with the Yoast SEO plugin v28.3 - https:\/\/yoast.com\/product\/yoast-seo-wordpress\/ -->\n<title>Minas Gerais deve produzir 12,6 milh\u00f5es de toneladas de gr\u00e3os na safra 2014\/15 - Aconteceu no Vale<\/title>\n<meta name=\"robots\" content=\"index, follow, max-snippet:-1, max-image-preview:large, max-video-preview:-1\" \/>\n<link rel=\"canonical\" href=\"https:\/\/aconteceunovale.com.br\/portal\/?p=47748\" \/>\n<meta property=\"og:locale\" content=\"pt_BR\" \/>\n<meta property=\"og:type\" content=\"article\" \/>\n<meta property=\"og:title\" content=\"Minas Gerais deve produzir 12,6 milh\u00f5es de toneladas de gr\u00e3os na safra 2014\/15 - Aconteceu no Vale\" \/>\n<meta property=\"og:description\" content=\"Trigo \u00e9 um dos destaques com aumento de 70,5% na produ\u00e7\u00e3o. A produ\u00e7\u00e3o de milho, soja e caf\u00e9 tamb\u00e9m deve subir em rela\u00e7\u00e3o \u00e0 safra anterior Minas Gerais deve colher 12,6 milh\u00f5es de toneladas de gr\u00e3os na safra 2014\/15, respondendo por 6,3% da produ\u00e7\u00e3o nacional, de acordo com o terceiro levantamento realizado pela Companhia Nacional [&hellip;]\" \/>\n<meta property=\"og:url\" content=\"https:\/\/aconteceunovale.com.br\/portal\/?p=47748\" \/>\n<meta property=\"og:site_name\" content=\"Aconteceu no Vale\" \/>\n<meta property=\"article:publisher\" content=\"https:\/\/www.facebook.com\/aconteceunovale\/\" \/>\n<meta property=\"article:published_time\" content=\"2014-12-11T16:07:39+00:00\" \/>\n<meta property=\"og:image\" content=\"https:\/\/aconteceunovale.com.br\/portal\/wp-content\/uploads\/2014\/12\/minas-gerais-deve-produzir-126-milhoes-de-toneladas-de-graos-na-safra-201415.jpg\" \/>\n\t<meta property=\"og:image:width\" content=\"678\" \/>\n\t<meta property=\"og:image:height\" content=\"381\" \/>\n\t<meta property=\"og:image:type\" content=\"image\/jpeg\" \/>\n<meta name=\"author\" content=\"Aconteceu no Vale\" \/>\n<meta name=\"twitter:card\" content=\"summary_large_image\" \/>\n<meta name=\"twitter:creator\" content=\"@noticiadosvales\" \/>\n<meta name=\"twitter:site\" content=\"@noticiadosvales\" \/>\n<meta name=\"twitter:label1\" content=\"Escrito por\" \/>\n\t<meta name=\"twitter:data1\" content=\"Aconteceu no Vale\" \/>\n\t<meta name=\"twitter:label2\" content=\"Est. tempo de leitura\" \/>\n\t<meta name=\"twitter:data2\" content=\"2 minutos\" \/>\n<script type=\"application\/ld+json\" class=\"yoast-schema-graph\">{\"@context\":\"https:\\\/\\\/schema.org\",\"@graph\":[{\"@type\":\"Article\",\"@id\":\"https:\\\/\\\/aconteceunovale.com.br\\\/portal\\\/?p=47748#article\",\"isPartOf\":{\"@id\":\"https:\\\/\\\/aconteceunovale.com.br\\\/portal\\\/?p=47748\"},\"author\":{\"name\":\"Aconteceu no Vale\",\"@id\":\"https:\\\/\\\/aconteceunovale.com.br\\\/portal\\\/#\\\/schema\\\/person\\\/633529146f2c94272bef50ac2953d589\"},\"headline\":\"Minas Gerais deve produzir 12,6 milh\u00f5es de toneladas de gr\u00e3os na safra 2014\\\/15\",\"datePublished\":\"2014-12-11T16:07:39+00:00\",\"mainEntityOfPage\":{\"@id\":\"https:\\\/\\\/aconteceunovale.com.br\\\/portal\\\/?p=47748\"},\"wordCount\":459,\"commentCount\":0,\"image\":{\"@id\":\"https:\\\/\\\/aconteceunovale.com.br\\\/portal\\\/?p=47748#primaryimage\"},\"thumbnailUrl\":\"https:\\\/\\\/aconteceunovale.com.br\\\/portal\\\/wp-content\\\/uploads\\\/2014\\\/12\\\/minas-gerais-deve-produzir-126-milhoes-de-toneladas-de-graos-na-safra-201415.jpg\",\"keywords\":[\"destaque\",\"Minas Gerais deve produzir 12 milh\u00f5es de toneladas de gr\u00e3os na safra 2014\\\/15\",\"produ\u00e7\u00e3o de caf\u00e9 em minas gerais\",\"produ\u00e7\u00e3o de feij\u00e3o em minas gerais\",\"produ\u00e7\u00e3o de gr\u00e3os em minas gerais\",\"produ\u00e7\u00e3o de milho em minas gerais\",\"produ\u00e7\u00e3o de trigo em minas gerais\",\"safra de de gr\u00e3os 2014\\\/15\"],\"articleSection\":[\"Minas Gerais\"],\"inLanguage\":\"pt-BR\",\"potentialAction\":[{\"@type\":\"CommentAction\",\"name\":\"Comment\",\"target\":[\"https:\\\/\\\/aconteceunovale.com.br\\\/portal\\\/?p=47748#respond\"]}]},{\"@type\":\"WebPage\",\"@id\":\"https:\\\/\\\/aconteceunovale.com.br\\\/portal\\\/?p=47748\",\"url\":\"https:\\\/\\\/aconteceunovale.com.br\\\/portal\\\/?p=47748\",\"name\":\"Minas Gerais deve produzir 12,6 milh\u00f5es de toneladas de gr\u00e3os na safra 2014\\\/15 - Aconteceu no Vale\",\"isPartOf\":{\"@id\":\"https:\\\/\\\/aconteceunovale.com.br\\\/portal\\\/#website\"},\"primaryImageOfPage\":{\"@id\":\"https:\\\/\\\/aconteceunovale.com.br\\\/portal\\\/?p=47748#primaryimage\"},\"image\":{\"@id\":\"https:\\\/\\\/aconteceunovale.com.br\\\/portal\\\/?p=47748#primaryimage\"},\"thumbnailUrl\":\"https:\\\/\\\/aconteceunovale.com.br\\\/portal\\\/wp-content\\\/uploads\\\/2014\\\/12\\\/minas-gerais-deve-produzir-126-milhoes-de-toneladas-de-graos-na-safra-201415.jpg\",\"datePublished\":\"2014-12-11T16:07:39+00:00\",\"author\":{\"@id\":\"https:\\\/\\\/aconteceunovale.com.br\\\/portal\\\/#\\\/schema\\\/person\\\/633529146f2c94272bef50ac2953d589\"},\"breadcrumb\":{\"@id\":\"https:\\\/\\\/aconteceunovale.com.br\\\/portal\\\/?p=47748#breadcrumb\"},\"inLanguage\":\"pt-BR\",\"potentialAction\":[{\"@type\":\"ReadAction\",\"target\":[\"https:\\\/\\\/aconteceunovale.com.br\\\/portal\\\/?p=47748\"]}]},{\"@type\":\"ImageObject\",\"inLanguage\":\"pt-BR\",\"@id\":\"https:\\\/\\\/aconteceunovale.com.br\\\/portal\\\/?p=47748#primaryimage\",\"url\":\"https:\\\/\\\/aconteceunovale.com.br\\\/portal\\\/wp-content\\\/uploads\\\/2014\\\/12\\\/minas-gerais-deve-produzir-126-milhoes-de-toneladas-de-graos-na-safra-201415.jpg\",\"contentUrl\":\"https:\\\/\\\/aconteceunovale.com.br\\\/portal\\\/wp-content\\\/uploads\\\/2014\\\/12\\\/minas-gerais-deve-produzir-126-milhoes-de-toneladas-de-graos-na-safra-201415.jpg\",\"width\":678,\"height\":381},{\"@type\":\"BreadcrumbList\",\"@id\":\"https:\\\/\\\/aconteceunovale.com.br\\\/portal\\\/?p=47748#breadcrumb\",\"itemListElement\":[{\"@type\":\"ListItem\",\"position\":1,\"name\":\"In\u00edcio\",\"item\":\"https:\\\/\\\/aconteceunovale.com.br\\\/portal\\\/\"},{\"@type\":\"ListItem\",\"position\":2,\"name\":\"Minas Gerais deve produzir 12,6 milh\u00f5es de toneladas de gr\u00e3os na safra 2014\\\/15\"}]},{\"@type\":\"WebSite\",\"@id\":\"https:\\\/\\\/aconteceunovale.com.br\\\/portal\\\/#website\",\"url\":\"https:\\\/\\\/aconteceunovale.com.br\\\/portal\\\/\",\"name\":\"Aconteceu no Vale\",\"description\":\"Portal de Not\u00edcias\",\"potentialAction\":[{\"@type\":\"SearchAction\",\"target\":{\"@type\":\"EntryPoint\",\"urlTemplate\":\"https:\\\/\\\/aconteceunovale.com.br\\\/portal\\\/?s={search_term_string}\"},\"query-input\":{\"@type\":\"PropertyValueSpecification\",\"valueRequired\":true,\"valueName\":\"search_term_string\"}}],\"inLanguage\":\"pt-BR\"},{\"@type\":\"Person\",\"@id\":\"https:\\\/\\\/aconteceunovale.com.br\\\/portal\\\/#\\\/schema\\\/person\\\/633529146f2c94272bef50ac2953d589\",\"name\":\"Aconteceu no Vale\",\"description\":\"Equipe de reportagem do Aconteceu no Vale, portal de not\u00edcias do Vale do Jequitinhonha, em Minas Gerais. Cobrimos as 51 cidades do Vale desde 2013. Sugest\u00f5es de pauta e pedidos de corre\u00e7\u00e3o: contato@aconteceunovale.com.br\",\"sameAs\":[\"http:\\\/\\\/www.aconteceunovale.com.br\"],\"url\":\"https:\\\/\\\/aconteceunovale.com.br\\\/portal\\\/?author=1\"}]}<\/script>\n<!-- \/ Yoast SEO plugin. -->","yoast_head_json":{"title":"Minas Gerais deve produzir 12,6 milh\u00f5es de toneladas de gr\u00e3os na safra 2014\/15 - Aconteceu no Vale","robots":{"index":"index","follow":"follow","max-snippet":"max-snippet:-1","max-image-preview":"max-image-preview:large","max-video-preview":"max-video-preview:-1"},"canonical":"https:\/\/aconteceunovale.com.br\/portal\/?p=47748","og_locale":"pt_BR","og_type":"article","og_title":"Minas Gerais deve produzir 12,6 milh\u00f5es de toneladas de gr\u00e3os na safra 2014\/15 - Aconteceu no Vale","og_description":"Trigo \u00e9 um dos destaques com aumento de 70,5% na produ\u00e7\u00e3o. A produ\u00e7\u00e3o de milho, soja e caf\u00e9 tamb\u00e9m deve subir em rela\u00e7\u00e3o \u00e0 safra anterior Minas Gerais deve colher 12,6 milh\u00f5es de toneladas de gr\u00e3os na safra 2014\/15, respondendo por 6,3% da produ\u00e7\u00e3o nacional, de acordo com o terceiro levantamento realizado pela Companhia Nacional [&hellip;]","og_url":"https:\/\/aconteceunovale.com.br\/portal\/?p=47748","og_site_name":"Aconteceu no Vale","article_publisher":"https:\/\/www.facebook.com\/aconteceunovale\/","article_published_time":"2014-12-11T16:07:39+00:00","og_image":[{"width":678,"height":381,"url":"https:\/\/aconteceunovale.com.br\/portal\/wp-content\/uploads\/2014\/12\/minas-gerais-deve-produzir-126-milhoes-de-toneladas-de-graos-na-safra-201415.jpg","type":"image\/jpeg"}],"author":"Aconteceu no Vale","twitter_card":"summary_large_image","twitter_creator":"@noticiadosvales","twitter_site":"@noticiadosvales","twitter_misc":{"Escrito por":"Aconteceu no Vale","Est. tempo de leitura":"2 minutos"},"schema":{"@context":"https:\/\/schema.org","@graph":[{"@type":"Article","@id":"https:\/\/aconteceunovale.com.br\/portal\/?p=47748#article","isPartOf":{"@id":"https:\/\/aconteceunovale.com.br\/portal\/?p=47748"},"author":{"name":"Aconteceu no Vale","@id":"https:\/\/aconteceunovale.com.br\/portal\/#\/schema\/person\/633529146f2c94272bef50ac2953d589"},"headline":"Minas Gerais deve produzir 12,6 milh\u00f5es de toneladas de gr\u00e3os na safra 2014\/15","datePublished":"2014-12-11T16:07:39+00:00","mainEntityOfPage":{"@id":"https:\/\/aconteceunovale.com.br\/portal\/?p=47748"},"wordCount":459,"commentCount":0,"image":{"@id":"https:\/\/aconteceunovale.com.br\/portal\/?p=47748#primaryimage"},"thumbnailUrl":"https:\/\/aconteceunovale.com.br\/portal\/wp-content\/uploads\/2014\/12\/minas-gerais-deve-produzir-126-milhoes-de-toneladas-de-graos-na-safra-201415.jpg","keywords":["destaque","Minas Gerais deve produzir 12 milh\u00f5es de toneladas de gr\u00e3os na safra 2014\/15","produ\u00e7\u00e3o de caf\u00e9 em minas gerais","produ\u00e7\u00e3o de feij\u00e3o em minas gerais","produ\u00e7\u00e3o de gr\u00e3os em minas gerais","produ\u00e7\u00e3o de milho em minas gerais","produ\u00e7\u00e3o de trigo em minas gerais","safra de de gr\u00e3os 2014\/15"],"articleSection":["Minas Gerais"],"inLanguage":"pt-BR","potentialAction":[{"@type":"CommentAction","name":"Comment","target":["https:\/\/aconteceunovale.com.br\/portal\/?p=47748#respond"]}]},{"@type":"WebPage","@id":"https:\/\/aconteceunovale.com.br\/portal\/?p=47748","url":"https:\/\/aconteceunovale.com.br\/portal\/?p=47748","name":"Minas Gerais deve produzir 12,6 milh\u00f5es de toneladas de gr\u00e3os na safra 2014\/15 - Aconteceu no Vale","isPartOf":{"@id":"https:\/\/aconteceunovale.com.br\/portal\/#website"},"primaryImageOfPage":{"@id":"https:\/\/aconteceunovale.com.br\/portal\/?p=47748#primaryimage"},"image":{"@id":"https:\/\/aconteceunovale.com.br\/portal\/?p=47748#primaryimage"},"thumbnailUrl":"https:\/\/aconteceunovale.com.br\/portal\/wp-content\/uploads\/2014\/12\/minas-gerais-deve-produzir-126-milhoes-de-toneladas-de-graos-na-safra-201415.jpg","datePublished":"2014-12-11T16:07:39+00:00","author":{"@id":"https:\/\/aconteceunovale.com.br\/portal\/#\/schema\/person\/633529146f2c94272bef50ac2953d589"},"breadcrumb":{"@id":"https:\/\/aconteceunovale.com.br\/portal\/?p=47748#breadcrumb"},"inLanguage":"pt-BR","potentialAction":[{"@type":"ReadAction","target":["https:\/\/aconteceunovale.com.br\/portal\/?p=47748"]}]},{"@type":"ImageObject","inLanguage":"pt-BR","@id":"https:\/\/aconteceunovale.com.br\/portal\/?p=47748#primaryimage","url":"https:\/\/aconteceunovale.com.br\/portal\/wp-content\/uploads\/2014\/12\/minas-gerais-deve-produzir-126-milhoes-de-toneladas-de-graos-na-safra-201415.jpg","contentUrl":"https:\/\/aconteceunovale.com.br\/portal\/wp-content\/uploads\/2014\/12\/minas-gerais-deve-produzir-126-milhoes-de-toneladas-de-graos-na-safra-201415.jpg","width":678,"height":381},{"@type":"BreadcrumbList","@id":"https:\/\/aconteceunovale.com.br\/portal\/?p=47748#breadcrumb","itemListElement":[{"@type":"ListItem","position":1,"name":"In\u00edcio","item":"https:\/\/aconteceunovale.com.br\/portal\/"},{"@type":"ListItem","position":2,"name":"Minas Gerais deve produzir 12,6 milh\u00f5es de toneladas de gr\u00e3os na safra 2014\/15"}]},{"@type":"WebSite","@id":"https:\/\/aconteceunovale.com.br\/portal\/#website","url":"https:\/\/aconteceunovale.com.br\/portal\/","name":"Aconteceu no Vale","description":"Portal de Not\u00edcias","potentialAction":[{"@type":"SearchAction","target":{"@type":"EntryPoint","urlTemplate":"https:\/\/aconteceunovale.com.br\/portal\/?s={search_term_string}"},"query-input":{"@type":"PropertyValueSpecification","valueRequired":true,"valueName":"search_term_string"}}],"inLanguage":"pt-BR"},{"@type":"Person","@id":"https:\/\/aconteceunovale.com.br\/portal\/#\/schema\/person\/633529146f2c94272bef50ac2953d589","name":"Aconteceu no Vale","description":"Equipe de reportagem do Aconteceu no Vale, portal de not\u00edcias do Vale do Jequitinhonha, em Minas Gerais. Cobrimos as 51 cidades do Vale desde 2013. Sugest\u00f5es de pauta e pedidos de corre\u00e7\u00e3o: contato@aconteceunovale.com.br","sameAs":["http:\/\/www.aconteceunovale.com.br"],"url":"https:\/\/aconteceunovale.com.br\/portal\/?author=1"}]}},"_links":{"self":[{"href":"https:\/\/aconteceunovale.com.br\/portal\/index.php?rest_route=\/wp\/v2\/posts\/47748","targetHints":{"allow":["GET"]}}],"collection":[{"href":"https:\/\/aconteceunovale.com.br\/portal\/index.php?rest_route=\/wp\/v2\/posts"}],"about":[{"href":"https:\/\/aconteceunovale.com.br\/portal\/index.php?rest_route=\/wp\/v2\/types\/post"}],"author":[{"embeddable":true,"href":"https:\/\/aconteceunovale.com.br\/portal\/index.php?rest_route=\/wp\/v2\/users\/1"}],"replies":[{"embeddable":true,"href":"https:\/\/aconteceunovale.com.br\/portal\/index.php?rest_route=%2Fwp%2Fv2%2Fcomments&post=47748"}],"version-history":[{"count":0,"href":"https:\/\/aconteceunovale.com.br\/portal\/index.php?rest_route=\/wp\/v2\/posts\/47748\/revisions"}],"wp:featuredmedia":[{"embeddable":true,"href":"https:\/\/aconteceunovale.com.br\/portal\/index.php?rest_route=\/wp\/v2\/media\/47749"}],"wp:attachment":[{"href":"https:\/\/aconteceunovale.com.br\/portal\/index.php?rest_route=%2Fwp%2Fv2%2Fmedia&parent=47748"}],"wp:term":[{"taxonomy":"category","embeddable":true,"href":"https:\/\/aconteceunovale.com.br\/portal\/index.php?rest_route=%2Fwp%2Fv2%2Fcategories&post=47748"},{"taxonomy":"post_tag","embeddable":true,"href":"https:\/\/aconteceunovale.com.br\/portal\/index.php?rest_route=%2Fwp%2Fv2%2Ftags&post=47748"}],"curies":[{"name":"wp","href":"https:\/\/api.w.org\/{rel}","templated":true}]}}