{"id":47726,"date":"2014-12-11T11:32:21","date_gmt":"2014-12-11T14:32:21","guid":{"rendered":"http:\/\/aconteceunovale.com.br\/portal\/?p=47726"},"modified":"2014-12-11T11:32:21","modified_gmt":"2014-12-11T14:32:21","slug":"salario-minimo-sera-arredondado-para-r-790","status":"publish","type":"post","link":"https:\/\/aconteceunovale.com.br\/portal\/?p=47726","title":{"rendered":"Sal\u00e1rio m\u00ednimo ser\u00e1 arredondado para R$ 790"},"content":{"rendered":"<p>O relator do Or\u00e7amento de 2015, senador Romero Juc\u00e1 (PMDB-RR), afirmou nesta quarta-feira que o valor do sal\u00e1rio m\u00ednimo previsto para vigorar no ano que vem ser\u00e1 arredondado para R$ 790. O estabelecido na proposta or\u00e7ament\u00e1ria encaminhada pelo Executivo era de R$ 788,06. Esse incremento, disse Juc\u00e1, ter\u00e1 impacto de cerca de R$ 1,2 bilh\u00e3o.<\/p>\n<p>&#8220;\u00c9 exatamente para facilitar a vida dos trabalhadores, das empresas e para garantir um ganho real no reajuste&#8221;, afirmou Juc\u00e1. O n\u00famero exato do sal\u00e1rio m\u00ednimo de 2015 s\u00f3 ser\u00e1 conhecido, no entanto, com um decreto editado pela presidente Dilma Rousseff no final do ano. O m\u00ednimo \u00e9 calculado a partir de uma forma que leva em conta a infla\u00e7\u00e3o do ano anterior e o crescimento real do Produto Interno Bruto (PIB) de dois anos antes.<\/p>\n<p>&#8220;Se houver alguma mudan\u00e7a na quest\u00e3o da infla\u00e7\u00e3o ou do crescimento, o sal\u00e1rio m\u00ednimo \u00e9 o resultado dessa equa\u00e7\u00e3o. Se houver um n\u00famero surpresa, o sal\u00e1rio (m\u00ednimo) poder\u00e1 ser ajustado at\u00e9 o fim da vota\u00e7\u00e3o (do Or\u00e7amento)&#8221;, concluiu.<\/p>\n<p><em>(Ag\u00eancia Estado)<\/em><\/p>\n","protected":false},"excerpt":{"rendered":"<p>O relator do Or\u00e7amento de 2015, senador Romero Juc\u00e1 (PMDB-RR), afirmou nesta quarta-feira que o valor do sal\u00e1rio m\u00ednimo previsto para vigorar no ano que vem ser\u00e1 arredondado para R$ 790. O estabelecido na proposta or\u00e7ament\u00e1ria encaminhada pelo Executivo era de R$ 788,06. Esse incremento, disse Juc\u00e1, ter\u00e1 impacto de cerca de R$ 1,2 bilh\u00e3o. [&hellip;]<\/p>\n","protected":false},"author":1,"featured_media":47727,"comment_status":"open","ping_status":"closed","sticky":false,"template":"","format":"standard","meta":{"amp_status":"","footnotes":""},"categories":[6],"tags":[26449,26448,26447,26446,26450],"class_list":["post-47726","post","type-post","status-publish","format-standard","has-post-thumbnail","hentry","category-br","tag-orcamento-de-2015","tag-salario-minimo","tag-salario-minimo-2015","tag-salario-minimo-sera-arredondado-para-r-790","tag-senador-romero-juca"],"yoast_head":"<!-- This site is optimized with the Yoast SEO plugin v28.3 - https:\/\/yoast.com\/product\/yoast-seo-wordpress\/ -->\n<title>Sal\u00e1rio m\u00ednimo ser\u00e1 arredondado para R$ 790 - Aconteceu no Vale<\/title>\n<meta name=\"robots\" content=\"index, follow, max-snippet:-1, max-image-preview:large, max-video-preview:-1\" \/>\n<link rel=\"canonical\" href=\"https:\/\/aconteceunovale.com.br\/portal\/?p=47726\" \/>\n<meta property=\"og:locale\" content=\"pt_BR\" \/>\n<meta property=\"og:type\" content=\"article\" \/>\n<meta property=\"og:title\" content=\"Sal\u00e1rio m\u00ednimo ser\u00e1 arredondado para R$ 790 - Aconteceu no Vale\" \/>\n<meta property=\"og:description\" content=\"O relator do Or\u00e7amento de 2015, senador Romero Juc\u00e1 (PMDB-RR), afirmou nesta quarta-feira que o valor do sal\u00e1rio m\u00ednimo previsto para vigorar no ano que vem ser\u00e1 arredondado para R$ 790. O estabelecido na proposta or\u00e7ament\u00e1ria encaminhada pelo Executivo era de R$ 788,06. Esse incremento, disse Juc\u00e1, ter\u00e1 impacto de cerca de R$ 1,2 bilh\u00e3o. [&hellip;]\" \/>\n<meta property=\"og:url\" content=\"https:\/\/aconteceunovale.com.br\/portal\/?p=47726\" \/>\n<meta property=\"og:site_name\" content=\"Aconteceu no Vale\" \/>\n<meta property=\"article:publisher\" content=\"https:\/\/www.facebook.com\/aconteceunovale\/\" \/>\n<meta property=\"article:published_time\" content=\"2014-12-11T14:32:21+00:00\" \/>\n<meta property=\"og:image\" content=\"https:\/\/aconteceunovale.com.br\/portal\/wp-content\/uploads\/2014\/12\/salario_minimo.jpg\" \/>\n\t<meta property=\"og:image:width\" content=\"648\" \/>\n\t<meta property=\"og:image:height\" content=\"417\" \/>\n\t<meta property=\"og:image:type\" content=\"image\/jpeg\" \/>\n<meta name=\"author\" content=\"Aconteceu no Vale\" \/>\n<meta name=\"twitter:card\" content=\"summary_large_image\" \/>\n<meta name=\"twitter:creator\" content=\"@noticiadosvales\" \/>\n<meta name=\"twitter:site\" content=\"@noticiadosvales\" \/>\n<meta name=\"twitter:label1\" content=\"Escrito por\" \/>\n\t<meta name=\"twitter:data1\" content=\"Aconteceu no Vale\" \/>\n\t<meta name=\"twitter:label2\" content=\"Est. tempo de leitura\" \/>\n\t<meta name=\"twitter:data2\" content=\"1 minuto\" \/>\n<script type=\"application\/ld+json\" class=\"yoast-schema-graph\">{\"@context\":\"https:\\\/\\\/schema.org\",\"@graph\":[{\"@type\":\"Article\",\"@id\":\"https:\\\/\\\/aconteceunovale.com.br\\\/portal\\\/?p=47726#article\",\"isPartOf\":{\"@id\":\"https:\\\/\\\/aconteceunovale.com.br\\\/portal\\\/?p=47726\"},\"author\":{\"name\":\"Aconteceu no Vale\",\"@id\":\"https:\\\/\\\/aconteceunovale.com.br\\\/portal\\\/#\\\/schema\\\/person\\\/633529146f2c94272bef50ac2953d589\"},\"headline\":\"Sal\u00e1rio m\u00ednimo ser\u00e1 arredondado para R$ 790\",\"datePublished\":\"2014-12-11T14:32:21+00:00\",\"mainEntityOfPage\":{\"@id\":\"https:\\\/\\\/aconteceunovale.com.br\\\/portal\\\/?p=47726\"},\"wordCount\":194,\"commentCount\":0,\"image\":{\"@id\":\"https:\\\/\\\/aconteceunovale.com.br\\\/portal\\\/?p=47726#primaryimage\"},\"thumbnailUrl\":\"https:\\\/\\\/aconteceunovale.com.br\\\/portal\\\/wp-content\\\/uploads\\\/2014\\\/12\\\/salario_minimo.jpg\",\"keywords\":[\"Or\u00e7amento de 2015\",\"Sal\u00e1rio m\u00ednimo\",\"Sal\u00e1rio m\u00ednimo 2015\",\"Sal\u00e1rio m\u00ednimo ser\u00e1 arredondado para R$ 790\",\"senador Romero Juc\u00e1\"],\"articleSection\":[\"Brasil\"],\"inLanguage\":\"pt-BR\",\"potentialAction\":[{\"@type\":\"CommentAction\",\"name\":\"Comment\",\"target\":[\"https:\\\/\\\/aconteceunovale.com.br\\\/portal\\\/?p=47726#respond\"]}]},{\"@type\":\"WebPage\",\"@id\":\"https:\\\/\\\/aconteceunovale.com.br\\\/portal\\\/?p=47726\",\"url\":\"https:\\\/\\\/aconteceunovale.com.br\\\/portal\\\/?p=47726\",\"name\":\"Sal\u00e1rio m\u00ednimo ser\u00e1 arredondado para R$ 790 - Aconteceu no Vale\",\"isPartOf\":{\"@id\":\"https:\\\/\\\/aconteceunovale.com.br\\\/portal\\\/#website\"},\"primaryImageOfPage\":{\"@id\":\"https:\\\/\\\/aconteceunovale.com.br\\\/portal\\\/?p=47726#primaryimage\"},\"image\":{\"@id\":\"https:\\\/\\\/aconteceunovale.com.br\\\/portal\\\/?p=47726#primaryimage\"},\"thumbnailUrl\":\"https:\\\/\\\/aconteceunovale.com.br\\\/portal\\\/wp-content\\\/uploads\\\/2014\\\/12\\\/salario_minimo.jpg\",\"datePublished\":\"2014-12-11T14:32:21+00:00\",\"author\":{\"@id\":\"https:\\\/\\\/aconteceunovale.com.br\\\/portal\\\/#\\\/schema\\\/person\\\/633529146f2c94272bef50ac2953d589\"},\"breadcrumb\":{\"@id\":\"https:\\\/\\\/aconteceunovale.com.br\\\/portal\\\/?p=47726#breadcrumb\"},\"inLanguage\":\"pt-BR\",\"potentialAction\":[{\"@type\":\"ReadAction\",\"target\":[\"https:\\\/\\\/aconteceunovale.com.br\\\/portal\\\/?p=47726\"]}]},{\"@type\":\"ImageObject\",\"inLanguage\":\"pt-BR\",\"@id\":\"https:\\\/\\\/aconteceunovale.com.br\\\/portal\\\/?p=47726#primaryimage\",\"url\":\"https:\\\/\\\/aconteceunovale.com.br\\\/portal\\\/wp-content\\\/uploads\\\/2014\\\/12\\\/salario_minimo.jpg\",\"contentUrl\":\"https:\\\/\\\/aconteceunovale.com.br\\\/portal\\\/wp-content\\\/uploads\\\/2014\\\/12\\\/salario_minimo.jpg\",\"width\":648,\"height\":417},{\"@type\":\"BreadcrumbList\",\"@id\":\"https:\\\/\\\/aconteceunovale.com.br\\\/portal\\\/?p=47726#breadcrumb\",\"itemListElement\":[{\"@type\":\"ListItem\",\"position\":1,\"name\":\"In\u00edcio\",\"item\":\"https:\\\/\\\/aconteceunovale.com.br\\\/portal\\\/\"},{\"@type\":\"ListItem\",\"position\":2,\"name\":\"Sal\u00e1rio m\u00ednimo ser\u00e1 arredondado para R$ 790\"}]},{\"@type\":\"WebSite\",\"@id\":\"https:\\\/\\\/aconteceunovale.com.br\\\/portal\\\/#website\",\"url\":\"https:\\\/\\\/aconteceunovale.com.br\\\/portal\\\/\",\"name\":\"Aconteceu no Vale\",\"description\":\"Portal de Not\u00edcias\",\"potentialAction\":[{\"@type\":\"SearchAction\",\"target\":{\"@type\":\"EntryPoint\",\"urlTemplate\":\"https:\\\/\\\/aconteceunovale.com.br\\\/portal\\\/?s={search_term_string}\"},\"query-input\":{\"@type\":\"PropertyValueSpecification\",\"valueRequired\":true,\"valueName\":\"search_term_string\"}}],\"inLanguage\":\"pt-BR\"},{\"@type\":\"Person\",\"@id\":\"https:\\\/\\\/aconteceunovale.com.br\\\/portal\\\/#\\\/schema\\\/person\\\/633529146f2c94272bef50ac2953d589\",\"name\":\"Aconteceu no Vale\",\"description\":\"Equipe de reportagem do Aconteceu no Vale, portal de not\u00edcias do Vale do Jequitinhonha, em Minas Gerais. Cobrimos as 51 cidades do Vale desde 2013. Sugest\u00f5es de pauta e pedidos de corre\u00e7\u00e3o: contato@aconteceunovale.com.br\",\"sameAs\":[\"http:\\\/\\\/www.aconteceunovale.com.br\"],\"url\":\"https:\\\/\\\/aconteceunovale.com.br\\\/portal\\\/?author=1\"}]}<\/script>\n<!-- \/ Yoast SEO plugin. -->","yoast_head_json":{"title":"Sal\u00e1rio m\u00ednimo ser\u00e1 arredondado para R$ 790 - Aconteceu no Vale","robots":{"index":"index","follow":"follow","max-snippet":"max-snippet:-1","max-image-preview":"max-image-preview:large","max-video-preview":"max-video-preview:-1"},"canonical":"https:\/\/aconteceunovale.com.br\/portal\/?p=47726","og_locale":"pt_BR","og_type":"article","og_title":"Sal\u00e1rio m\u00ednimo ser\u00e1 arredondado para R$ 790 - Aconteceu no Vale","og_description":"O relator do Or\u00e7amento de 2015, senador Romero Juc\u00e1 (PMDB-RR), afirmou nesta quarta-feira que o valor do sal\u00e1rio m\u00ednimo previsto para vigorar no ano que vem ser\u00e1 arredondado para R$ 790. O estabelecido na proposta or\u00e7ament\u00e1ria encaminhada pelo Executivo era de R$ 788,06. Esse incremento, disse Juc\u00e1, ter\u00e1 impacto de cerca de R$ 1,2 bilh\u00e3o. [&hellip;]","og_url":"https:\/\/aconteceunovale.com.br\/portal\/?p=47726","og_site_name":"Aconteceu no Vale","article_publisher":"https:\/\/www.facebook.com\/aconteceunovale\/","article_published_time":"2014-12-11T14:32:21+00:00","og_image":[{"width":648,"height":417,"url":"https:\/\/aconteceunovale.com.br\/portal\/wp-content\/uploads\/2014\/12\/salario_minimo.jpg","type":"image\/jpeg"}],"author":"Aconteceu no Vale","twitter_card":"summary_large_image","twitter_creator":"@noticiadosvales","twitter_site":"@noticiadosvales","twitter_misc":{"Escrito por":"Aconteceu no Vale","Est. tempo de leitura":"1 minuto"},"schema":{"@context":"https:\/\/schema.org","@graph":[{"@type":"Article","@id":"https:\/\/aconteceunovale.com.br\/portal\/?p=47726#article","isPartOf":{"@id":"https:\/\/aconteceunovale.com.br\/portal\/?p=47726"},"author":{"name":"Aconteceu no Vale","@id":"https:\/\/aconteceunovale.com.br\/portal\/#\/schema\/person\/633529146f2c94272bef50ac2953d589"},"headline":"Sal\u00e1rio m\u00ednimo ser\u00e1 arredondado para R$ 790","datePublished":"2014-12-11T14:32:21+00:00","mainEntityOfPage":{"@id":"https:\/\/aconteceunovale.com.br\/portal\/?p=47726"},"wordCount":194,"commentCount":0,"image":{"@id":"https:\/\/aconteceunovale.com.br\/portal\/?p=47726#primaryimage"},"thumbnailUrl":"https:\/\/aconteceunovale.com.br\/portal\/wp-content\/uploads\/2014\/12\/salario_minimo.jpg","keywords":["Or\u00e7amento de 2015","Sal\u00e1rio m\u00ednimo","Sal\u00e1rio m\u00ednimo 2015","Sal\u00e1rio m\u00ednimo ser\u00e1 arredondado para R$ 790","senador Romero Juc\u00e1"],"articleSection":["Brasil"],"inLanguage":"pt-BR","potentialAction":[{"@type":"CommentAction","name":"Comment","target":["https:\/\/aconteceunovale.com.br\/portal\/?p=47726#respond"]}]},{"@type":"WebPage","@id":"https:\/\/aconteceunovale.com.br\/portal\/?p=47726","url":"https:\/\/aconteceunovale.com.br\/portal\/?p=47726","name":"Sal\u00e1rio m\u00ednimo ser\u00e1 arredondado para R$ 790 - Aconteceu no Vale","isPartOf":{"@id":"https:\/\/aconteceunovale.com.br\/portal\/#website"},"primaryImageOfPage":{"@id":"https:\/\/aconteceunovale.com.br\/portal\/?p=47726#primaryimage"},"image":{"@id":"https:\/\/aconteceunovale.com.br\/portal\/?p=47726#primaryimage"},"thumbnailUrl":"https:\/\/aconteceunovale.com.br\/portal\/wp-content\/uploads\/2014\/12\/salario_minimo.jpg","datePublished":"2014-12-11T14:32:21+00:00","author":{"@id":"https:\/\/aconteceunovale.com.br\/portal\/#\/schema\/person\/633529146f2c94272bef50ac2953d589"},"breadcrumb":{"@id":"https:\/\/aconteceunovale.com.br\/portal\/?p=47726#breadcrumb"},"inLanguage":"pt-BR","potentialAction":[{"@type":"ReadAction","target":["https:\/\/aconteceunovale.com.br\/portal\/?p=47726"]}]},{"@type":"ImageObject","inLanguage":"pt-BR","@id":"https:\/\/aconteceunovale.com.br\/portal\/?p=47726#primaryimage","url":"https:\/\/aconteceunovale.com.br\/portal\/wp-content\/uploads\/2014\/12\/salario_minimo.jpg","contentUrl":"https:\/\/aconteceunovale.com.br\/portal\/wp-content\/uploads\/2014\/12\/salario_minimo.jpg","width":648,"height":417},{"@type":"BreadcrumbList","@id":"https:\/\/aconteceunovale.com.br\/portal\/?p=47726#breadcrumb","itemListElement":[{"@type":"ListItem","position":1,"name":"In\u00edcio","item":"https:\/\/aconteceunovale.com.br\/portal\/"},{"@type":"ListItem","position":2,"name":"Sal\u00e1rio m\u00ednimo ser\u00e1 arredondado para R$ 790"}]},{"@type":"WebSite","@id":"https:\/\/aconteceunovale.com.br\/portal\/#website","url":"https:\/\/aconteceunovale.com.br\/portal\/","name":"Aconteceu no Vale","description":"Portal de Not\u00edcias","potentialAction":[{"@type":"SearchAction","target":{"@type":"EntryPoint","urlTemplate":"https:\/\/aconteceunovale.com.br\/portal\/?s={search_term_string}"},"query-input":{"@type":"PropertyValueSpecification","valueRequired":true,"valueName":"search_term_string"}}],"inLanguage":"pt-BR"},{"@type":"Person","@id":"https:\/\/aconteceunovale.com.br\/portal\/#\/schema\/person\/633529146f2c94272bef50ac2953d589","name":"Aconteceu no Vale","description":"Equipe de reportagem do Aconteceu no Vale, portal de not\u00edcias do Vale do Jequitinhonha, em Minas Gerais. Cobrimos as 51 cidades do Vale desde 2013. Sugest\u00f5es de pauta e pedidos de corre\u00e7\u00e3o: contato@aconteceunovale.com.br","sameAs":["http:\/\/www.aconteceunovale.com.br"],"url":"https:\/\/aconteceunovale.com.br\/portal\/?author=1"}]}},"_links":{"self":[{"href":"https:\/\/aconteceunovale.com.br\/portal\/index.php?rest_route=\/wp\/v2\/posts\/47726","targetHints":{"allow":["GET"]}}],"collection":[{"href":"https:\/\/aconteceunovale.com.br\/portal\/index.php?rest_route=\/wp\/v2\/posts"}],"about":[{"href":"https:\/\/aconteceunovale.com.br\/portal\/index.php?rest_route=\/wp\/v2\/types\/post"}],"author":[{"embeddable":true,"href":"https:\/\/aconteceunovale.com.br\/portal\/index.php?rest_route=\/wp\/v2\/users\/1"}],"replies":[{"embeddable":true,"href":"https:\/\/aconteceunovale.com.br\/portal\/index.php?rest_route=%2Fwp%2Fv2%2Fcomments&post=47726"}],"version-history":[{"count":0,"href":"https:\/\/aconteceunovale.com.br\/portal\/index.php?rest_route=\/wp\/v2\/posts\/47726\/revisions"}],"wp:featuredmedia":[{"embeddable":true,"href":"https:\/\/aconteceunovale.com.br\/portal\/index.php?rest_route=\/wp\/v2\/media\/47727"}],"wp:attachment":[{"href":"https:\/\/aconteceunovale.com.br\/portal\/index.php?rest_route=%2Fwp%2Fv2%2Fmedia&parent=47726"}],"wp:term":[{"taxonomy":"category","embeddable":true,"href":"https:\/\/aconteceunovale.com.br\/portal\/index.php?rest_route=%2Fwp%2Fv2%2Fcategories&post=47726"},{"taxonomy":"post_tag","embeddable":true,"href":"https:\/\/aconteceunovale.com.br\/portal\/index.php?rest_route=%2Fwp%2Fv2%2Ftags&post=47726"}],"curies":[{"name":"wp","href":"https:\/\/api.w.org\/{rel}","templated":true}]}}