{"id":47724,"date":"2014-12-11T11:15:36","date_gmt":"2014-12-11T14:15:36","guid":{"rendered":"http:\/\/aconteceunovale.com.br\/portal\/?p=47724"},"modified":"2026-09-02T11:50:18","modified_gmt":"2026-09-02T14:50:18","slug":"oito-ruas-de-capelinha-ficarao-sem-energia-eletrica-na-proxima-terca-feira","status":"publish","type":"post","link":"https:\/\/aconteceunovale.com.br\/portal\/?p=47724","title":{"rendered":"Oito ruas de Capelinha ficar\u00e3o sem energia el\u00e9trica na pr\u00f3xima ter\u00e7a-feira"},"content":{"rendered":"<p>A Companhia Energ\u00e9tica de Minas Gerais (Cemig) informa que, visando assegurar a qualidade do servi\u00e7o prestado aos seus clientes, na pr\u00f3xima ter\u00e7a-feira (16\/12) realizar\u00e1 a substitui\u00e7\u00e3o de cabos de baixa tens\u00e3o convencionais por isolados e instala\u00e7\u00e3o de dois novos transformadores e rede de m\u00e9dia tens\u00e3o protegida.<\/p>\n<p>Essa obra que vai tornar a rede mais segura, garantindo uma maior confiabilidade do fornecimento de energia para a popula\u00e7\u00e3o, a ind\u00fastria e o com\u00e9rcio local, melhorando tamb\u00e9m a intera\u00e7\u00e3o com a arboriza\u00e7\u00e3o urbana e a polui\u00e7\u00e3o visual.<\/p>\n<p>Com investimentos de mais de R$ 45 mil reais e o envolvimentos de 45 colaboradores, entre t\u00e9cnicos e eletricistas, esta obra vai aumentar a oferta de energia no circuito, possibilitando o acr\u00e9scimo de novas cargas.<\/p>\n<p>Para executar esse trabalho com seguran\u00e7a, ser\u00e1 necess\u00e1rio interromper o fornecimento de energia de 10h \u00e0s 16h, nos seguintes endere\u00e7os:<\/p>\n<p>&#8211; Rua Nilo Pe\u00e7anha, entre n\u00fameros 1 e 20<br \/>\n&#8211; Rua Deca Arantes, entre n\u00fameros 28 e 368<br \/>\n&#8211; Rua Tr\u00eas Marias, entre n\u00fameros 49 e 155<br \/>\n&#8211; Rua Esp\u00edrito Santo, entre n\u00fameros 3 e 18<br \/>\n&#8211; Rua Carlota Sena, entre n\u00fameros 780 e 780<br \/>\n&#8211; Rua Geralda Novata, entre n\u00fameros 110 e 783, Centro<br \/>\n&#8211; Rua Angelo Campos, entre n\u00fameros 160 e 265<br \/>\n&#8211; Rua Euz\u00e9bio Goncalves Sena, entre n\u00fameros 17 e 240, Piedade<\/p>\n<p>A Empresa realizar\u00e1 esse trabalho durante o fim de semana, para minimizar o impacto da interrup\u00e7\u00e3o de energia para as atividades atingidas pelo desligamento.<\/p>\n<p>Durante esse per\u00edodo, caso precise executar algum servi\u00e7o na instala\u00e7\u00e3o el\u00e9trica interna, o consumidor dever\u00e1 desligar antes a chave geral (disjuntor) para sua seguran\u00e7a.<\/p>\n<p>Esclarecemos que em fun\u00e7\u00e3o da complexidade dos servi\u00e7os a serem executados poder\u00e1 ocorrer atraso no hor\u00e1rio previsto ou cancelamento deste desligamento sem aviso pr\u00e9vio. Por medida de seguran\u00e7a todos os equipamentos devem ser considerados energizados durante o per\u00edodo mencionado. Caso os servi\u00e7os de melhoria sejam conclu\u00eddos antes do hor\u00e1rio indicado o fornecimento de energia el\u00e9trica ser\u00e1 restabelecido.<\/p>\n","protected":false},"excerpt":{"rendered":"<p>A Companhia Energ\u00e9tica de Minas Gerais (Cemig) informa que, visando assegurar a qualidade do servi\u00e7o prestado aos seus clientes, na pr\u00f3xima ter\u00e7a-feira (16\/12) realizar\u00e1 a substitui\u00e7\u00e3o de cabos de baixa tens\u00e3o convencionais por isolados e instala\u00e7\u00e3o de dois novos transformadores e rede de m\u00e9dia tens\u00e3o protegida. Essa obra que vai tornar a rede mais segura, [&hellip;]<\/p>\n","protected":false},"author":1,"featured_media":38381,"comment_status":"open","ping_status":"closed","sticky":false,"template":"","format":"standard","meta":{"amp_status":"","footnotes":""},"categories":[272535,120],"tags":[132,7706,26445],"class_list":["post-47724","post","type-post","status-publish","format-standard","has-post-thumbnail","hentry","category-capelinha","category-jequi","tag-capelinha","tag-cemig-realiza-obras-na-rede-eletrica-de-capelinha","tag-oito-ruas-de-capelinha-ficarao-sem-energia-eletrica-na-proxima-terca-feira"],"yoast_head":"<!-- This site is optimized with the Yoast SEO plugin v28.3 - https:\/\/yoast.com\/product\/yoast-seo-wordpress\/ -->\n<title>Oito ruas de Capelinha ficar\u00e3o sem energia el\u00e9trica na pr\u00f3xima ter\u00e7a-feira - Aconteceu no Vale<\/title>\n<meta name=\"robots\" content=\"index, follow, max-snippet:-1, max-image-preview:large, max-video-preview:-1\" \/>\n<link rel=\"canonical\" href=\"https:\/\/aconteceunovale.com.br\/portal\/?p=47724\" \/>\n<meta property=\"og:locale\" content=\"pt_BR\" \/>\n<meta property=\"og:type\" content=\"article\" \/>\n<meta property=\"og:title\" content=\"Oito ruas de Capelinha ficar\u00e3o sem energia el\u00e9trica na pr\u00f3xima ter\u00e7a-feira - Aconteceu no Vale\" \/>\n<meta property=\"og:description\" content=\"A Companhia Energ\u00e9tica de Minas Gerais (Cemig) informa que, visando assegurar a qualidade do servi\u00e7o prestado aos seus clientes, na pr\u00f3xima ter\u00e7a-feira (16\/12) realizar\u00e1 a substitui\u00e7\u00e3o de cabos de baixa tens\u00e3o convencionais por isolados e instala\u00e7\u00e3o de dois novos transformadores e rede de m\u00e9dia tens\u00e3o protegida. Essa obra que vai tornar a rede mais segura, [&hellip;]\" \/>\n<meta property=\"og:url\" content=\"https:\/\/aconteceunovale.com.br\/portal\/?p=47724\" \/>\n<meta property=\"og:site_name\" content=\"Aconteceu no Vale\" \/>\n<meta property=\"article:publisher\" content=\"https:\/\/www.facebook.com\/aconteceunovale\/\" \/>\n<meta property=\"article:published_time\" content=\"2014-12-11T14:15:36+00:00\" \/>\n<meta property=\"article:modified_time\" content=\"2026-09-02T14:50:18+00:00\" \/>\n<meta property=\"og:image\" content=\"https:\/\/aconteceunovale.com.br\/portal\/wp-content\/uploads\/2014\/08\/capelinhamg.jpg\" \/>\n\t<meta property=\"og:image:width\" content=\"678\" \/>\n\t<meta property=\"og:image:height\" content=\"425\" \/>\n\t<meta property=\"og:image:type\" content=\"image\/jpeg\" \/>\n<meta name=\"author\" content=\"Aconteceu no Vale\" \/>\n<meta name=\"twitter:card\" content=\"summary_large_image\" \/>\n<meta name=\"twitter:creator\" content=\"@noticiadosvales\" \/>\n<meta name=\"twitter:site\" content=\"@noticiadosvales\" \/>\n<meta name=\"twitter:label1\" content=\"Escrito por\" \/>\n\t<meta name=\"twitter:data1\" content=\"Aconteceu no Vale\" \/>\n\t<meta name=\"twitter:label2\" content=\"Est. tempo de leitura\" \/>\n\t<meta name=\"twitter:data2\" content=\"2 minutos\" \/>\n<script type=\"application\/ld+json\" class=\"yoast-schema-graph\">{\"@context\":\"https:\\\/\\\/schema.org\",\"@graph\":[{\"@type\":\"Article\",\"@id\":\"https:\\\/\\\/aconteceunovale.com.br\\\/portal\\\/?p=47724#article\",\"isPartOf\":{\"@id\":\"https:\\\/\\\/aconteceunovale.com.br\\\/portal\\\/?p=47724\"},\"author\":{\"name\":\"Aconteceu no Vale\",\"@id\":\"https:\\\/\\\/aconteceunovale.com.br\\\/portal\\\/#\\\/schema\\\/person\\\/633529146f2c94272bef50ac2953d589\"},\"headline\":\"Oito ruas de Capelinha ficar\u00e3o sem energia el\u00e9trica na pr\u00f3xima ter\u00e7a-feira\",\"datePublished\":\"2014-12-11T14:15:36+00:00\",\"dateModified\":\"2026-09-02T14:50:18+00:00\",\"mainEntityOfPage\":{\"@id\":\"https:\\\/\\\/aconteceunovale.com.br\\\/portal\\\/?p=47724\"},\"wordCount\":364,\"commentCount\":0,\"image\":{\"@id\":\"https:\\\/\\\/aconteceunovale.com.br\\\/portal\\\/?p=47724#primaryimage\"},\"thumbnailUrl\":\"https:\\\/\\\/aconteceunovale.com.br\\\/portal\\\/wp-content\\\/uploads\\\/2014\\\/08\\\/capelinhamg.jpg\",\"keywords\":[\"Capelinha\",\"Cemig realiza obras na rede el\u00e9trica de Capelinha\",\"Oito ruas de Capelinha ficar\u00e3o sem energia el\u00e9trica na pr\u00f3xima ter\u00e7a-feira\"],\"articleSection\":[\"Capelinha\",\"Vale do Jequitinhonha\"],\"inLanguage\":\"pt-BR\",\"potentialAction\":[{\"@type\":\"CommentAction\",\"name\":\"Comment\",\"target\":[\"https:\\\/\\\/aconteceunovale.com.br\\\/portal\\\/?p=47724#respond\"]}]},{\"@type\":\"WebPage\",\"@id\":\"https:\\\/\\\/aconteceunovale.com.br\\\/portal\\\/?p=47724\",\"url\":\"https:\\\/\\\/aconteceunovale.com.br\\\/portal\\\/?p=47724\",\"name\":\"Oito ruas de Capelinha ficar\u00e3o sem energia el\u00e9trica na pr\u00f3xima ter\u00e7a-feira - Aconteceu no Vale\",\"isPartOf\":{\"@id\":\"https:\\\/\\\/aconteceunovale.com.br\\\/portal\\\/#website\"},\"primaryImageOfPage\":{\"@id\":\"https:\\\/\\\/aconteceunovale.com.br\\\/portal\\\/?p=47724#primaryimage\"},\"image\":{\"@id\":\"https:\\\/\\\/aconteceunovale.com.br\\\/portal\\\/?p=47724#primaryimage\"},\"thumbnailUrl\":\"https:\\\/\\\/aconteceunovale.com.br\\\/portal\\\/wp-content\\\/uploads\\\/2014\\\/08\\\/capelinhamg.jpg\",\"datePublished\":\"2014-12-11T14:15:36+00:00\",\"dateModified\":\"2026-09-02T14:50:18+00:00\",\"author\":{\"@id\":\"https:\\\/\\\/aconteceunovale.com.br\\\/portal\\\/#\\\/schema\\\/person\\\/633529146f2c94272bef50ac2953d589\"},\"breadcrumb\":{\"@id\":\"https:\\\/\\\/aconteceunovale.com.br\\\/portal\\\/?p=47724#breadcrumb\"},\"inLanguage\":\"pt-BR\",\"potentialAction\":[{\"@type\":\"ReadAction\",\"target\":[\"https:\\\/\\\/aconteceunovale.com.br\\\/portal\\\/?p=47724\"]}]},{\"@type\":\"ImageObject\",\"inLanguage\":\"pt-BR\",\"@id\":\"https:\\\/\\\/aconteceunovale.com.br\\\/portal\\\/?p=47724#primaryimage\",\"url\":\"https:\\\/\\\/aconteceunovale.com.br\\\/portal\\\/wp-content\\\/uploads\\\/2014\\\/08\\\/capelinhamg.jpg\",\"contentUrl\":\"https:\\\/\\\/aconteceunovale.com.br\\\/portal\\\/wp-content\\\/uploads\\\/2014\\\/08\\\/capelinhamg.jpg\",\"width\":678,\"height\":425},{\"@type\":\"BreadcrumbList\",\"@id\":\"https:\\\/\\\/aconteceunovale.com.br\\\/portal\\\/?p=47724#breadcrumb\",\"itemListElement\":[{\"@type\":\"ListItem\",\"position\":1,\"name\":\"In\u00edcio\",\"item\":\"https:\\\/\\\/aconteceunovale.com.br\\\/portal\\\/\"},{\"@type\":\"ListItem\",\"position\":2,\"name\":\"Oito ruas de Capelinha ficar\u00e3o sem energia el\u00e9trica na pr\u00f3xima ter\u00e7a-feira\"}]},{\"@type\":\"WebSite\",\"@id\":\"https:\\\/\\\/aconteceunovale.com.br\\\/portal\\\/#website\",\"url\":\"https:\\\/\\\/aconteceunovale.com.br\\\/portal\\\/\",\"name\":\"Aconteceu no Vale\",\"description\":\"Portal de Not\u00edcias\",\"potentialAction\":[{\"@type\":\"SearchAction\",\"target\":{\"@type\":\"EntryPoint\",\"urlTemplate\":\"https:\\\/\\\/aconteceunovale.com.br\\\/portal\\\/?s={search_term_string}\"},\"query-input\":{\"@type\":\"PropertyValueSpecification\",\"valueRequired\":true,\"valueName\":\"search_term_string\"}}],\"inLanguage\":\"pt-BR\"},{\"@type\":\"Person\",\"@id\":\"https:\\\/\\\/aconteceunovale.com.br\\\/portal\\\/#\\\/schema\\\/person\\\/633529146f2c94272bef50ac2953d589\",\"name\":\"Aconteceu no Vale\",\"description\":\"Equipe de reportagem do Aconteceu no Vale, portal de not\u00edcias do Vale do Jequitinhonha, em Minas Gerais. Cobrimos as 51 cidades do Vale desde 2013. Sugest\u00f5es de pauta e pedidos de corre\u00e7\u00e3o: contato@aconteceunovale.com.br\",\"sameAs\":[\"http:\\\/\\\/www.aconteceunovale.com.br\"],\"url\":\"https:\\\/\\\/aconteceunovale.com.br\\\/portal\\\/?author=1\"}]}<\/script>\n<!-- \/ Yoast SEO plugin. -->","yoast_head_json":{"title":"Oito ruas de Capelinha ficar\u00e3o sem energia el\u00e9trica na pr\u00f3xima ter\u00e7a-feira - Aconteceu no Vale","robots":{"index":"index","follow":"follow","max-snippet":"max-snippet:-1","max-image-preview":"max-image-preview:large","max-video-preview":"max-video-preview:-1"},"canonical":"https:\/\/aconteceunovale.com.br\/portal\/?p=47724","og_locale":"pt_BR","og_type":"article","og_title":"Oito ruas de Capelinha ficar\u00e3o sem energia el\u00e9trica na pr\u00f3xima ter\u00e7a-feira - Aconteceu no Vale","og_description":"A Companhia Energ\u00e9tica de Minas Gerais (Cemig) informa que, visando assegurar a qualidade do servi\u00e7o prestado aos seus clientes, na pr\u00f3xima ter\u00e7a-feira (16\/12) realizar\u00e1 a substitui\u00e7\u00e3o de cabos de baixa tens\u00e3o convencionais por isolados e instala\u00e7\u00e3o de dois novos transformadores e rede de m\u00e9dia tens\u00e3o protegida. Essa obra que vai tornar a rede mais segura, [&hellip;]","og_url":"https:\/\/aconteceunovale.com.br\/portal\/?p=47724","og_site_name":"Aconteceu no Vale","article_publisher":"https:\/\/www.facebook.com\/aconteceunovale\/","article_published_time":"2014-12-11T14:15:36+00:00","article_modified_time":"2026-09-02T14:50:18+00:00","og_image":[{"width":678,"height":425,"url":"https:\/\/aconteceunovale.com.br\/portal\/wp-content\/uploads\/2014\/08\/capelinhamg.jpg","type":"image\/jpeg"}],"author":"Aconteceu no Vale","twitter_card":"summary_large_image","twitter_creator":"@noticiadosvales","twitter_site":"@noticiadosvales","twitter_misc":{"Escrito por":"Aconteceu no Vale","Est. tempo de leitura":"2 minutos"},"schema":{"@context":"https:\/\/schema.org","@graph":[{"@type":"Article","@id":"https:\/\/aconteceunovale.com.br\/portal\/?p=47724#article","isPartOf":{"@id":"https:\/\/aconteceunovale.com.br\/portal\/?p=47724"},"author":{"name":"Aconteceu no Vale","@id":"https:\/\/aconteceunovale.com.br\/portal\/#\/schema\/person\/633529146f2c94272bef50ac2953d589"},"headline":"Oito ruas de Capelinha ficar\u00e3o sem energia el\u00e9trica na pr\u00f3xima ter\u00e7a-feira","datePublished":"2014-12-11T14:15:36+00:00","dateModified":"2026-09-02T14:50:18+00:00","mainEntityOfPage":{"@id":"https:\/\/aconteceunovale.com.br\/portal\/?p=47724"},"wordCount":364,"commentCount":0,"image":{"@id":"https:\/\/aconteceunovale.com.br\/portal\/?p=47724#primaryimage"},"thumbnailUrl":"https:\/\/aconteceunovale.com.br\/portal\/wp-content\/uploads\/2014\/08\/capelinhamg.jpg","keywords":["Capelinha","Cemig realiza obras na rede el\u00e9trica de Capelinha","Oito ruas de Capelinha ficar\u00e3o sem energia el\u00e9trica na pr\u00f3xima ter\u00e7a-feira"],"articleSection":["Capelinha","Vale do Jequitinhonha"],"inLanguage":"pt-BR","potentialAction":[{"@type":"CommentAction","name":"Comment","target":["https:\/\/aconteceunovale.com.br\/portal\/?p=47724#respond"]}]},{"@type":"WebPage","@id":"https:\/\/aconteceunovale.com.br\/portal\/?p=47724","url":"https:\/\/aconteceunovale.com.br\/portal\/?p=47724","name":"Oito ruas de Capelinha ficar\u00e3o sem energia el\u00e9trica na pr\u00f3xima ter\u00e7a-feira - Aconteceu no Vale","isPartOf":{"@id":"https:\/\/aconteceunovale.com.br\/portal\/#website"},"primaryImageOfPage":{"@id":"https:\/\/aconteceunovale.com.br\/portal\/?p=47724#primaryimage"},"image":{"@id":"https:\/\/aconteceunovale.com.br\/portal\/?p=47724#primaryimage"},"thumbnailUrl":"https:\/\/aconteceunovale.com.br\/portal\/wp-content\/uploads\/2014\/08\/capelinhamg.jpg","datePublished":"2014-12-11T14:15:36+00:00","dateModified":"2026-09-02T14:50:18+00:00","author":{"@id":"https:\/\/aconteceunovale.com.br\/portal\/#\/schema\/person\/633529146f2c94272bef50ac2953d589"},"breadcrumb":{"@id":"https:\/\/aconteceunovale.com.br\/portal\/?p=47724#breadcrumb"},"inLanguage":"pt-BR","potentialAction":[{"@type":"ReadAction","target":["https:\/\/aconteceunovale.com.br\/portal\/?p=47724"]}]},{"@type":"ImageObject","inLanguage":"pt-BR","@id":"https:\/\/aconteceunovale.com.br\/portal\/?p=47724#primaryimage","url":"https:\/\/aconteceunovale.com.br\/portal\/wp-content\/uploads\/2014\/08\/capelinhamg.jpg","contentUrl":"https:\/\/aconteceunovale.com.br\/portal\/wp-content\/uploads\/2014\/08\/capelinhamg.jpg","width":678,"height":425},{"@type":"BreadcrumbList","@id":"https:\/\/aconteceunovale.com.br\/portal\/?p=47724#breadcrumb","itemListElement":[{"@type":"ListItem","position":1,"name":"In\u00edcio","item":"https:\/\/aconteceunovale.com.br\/portal\/"},{"@type":"ListItem","position":2,"name":"Oito ruas de Capelinha ficar\u00e3o sem energia el\u00e9trica na pr\u00f3xima ter\u00e7a-feira"}]},{"@type":"WebSite","@id":"https:\/\/aconteceunovale.com.br\/portal\/#website","url":"https:\/\/aconteceunovale.com.br\/portal\/","name":"Aconteceu no Vale","description":"Portal de Not\u00edcias","potentialAction":[{"@type":"SearchAction","target":{"@type":"EntryPoint","urlTemplate":"https:\/\/aconteceunovale.com.br\/portal\/?s={search_term_string}"},"query-input":{"@type":"PropertyValueSpecification","valueRequired":true,"valueName":"search_term_string"}}],"inLanguage":"pt-BR"},{"@type":"Person","@id":"https:\/\/aconteceunovale.com.br\/portal\/#\/schema\/person\/633529146f2c94272bef50ac2953d589","name":"Aconteceu no Vale","description":"Equipe de reportagem do Aconteceu no Vale, portal de not\u00edcias do Vale do Jequitinhonha, em Minas Gerais. Cobrimos as 51 cidades do Vale desde 2013. Sugest\u00f5es de pauta e pedidos de corre\u00e7\u00e3o: contato@aconteceunovale.com.br","sameAs":["http:\/\/www.aconteceunovale.com.br"],"url":"https:\/\/aconteceunovale.com.br\/portal\/?author=1"}]}},"_links":{"self":[{"href":"https:\/\/aconteceunovale.com.br\/portal\/index.php?rest_route=\/wp\/v2\/posts\/47724","targetHints":{"allow":["GET"]}}],"collection":[{"href":"https:\/\/aconteceunovale.com.br\/portal\/index.php?rest_route=\/wp\/v2\/posts"}],"about":[{"href":"https:\/\/aconteceunovale.com.br\/portal\/index.php?rest_route=\/wp\/v2\/types\/post"}],"author":[{"embeddable":true,"href":"https:\/\/aconteceunovale.com.br\/portal\/index.php?rest_route=\/wp\/v2\/users\/1"}],"replies":[{"embeddable":true,"href":"https:\/\/aconteceunovale.com.br\/portal\/index.php?rest_route=%2Fwp%2Fv2%2Fcomments&post=47724"}],"version-history":[{"count":1,"href":"https:\/\/aconteceunovale.com.br\/portal\/index.php?rest_route=\/wp\/v2\/posts\/47724\/revisions"}],"predecessor-version":[{"id":198660,"href":"https:\/\/aconteceunovale.com.br\/portal\/index.php?rest_route=\/wp\/v2\/posts\/47724\/revisions\/198660"}],"wp:featuredmedia":[{"embeddable":true,"href":"https:\/\/aconteceunovale.com.br\/portal\/index.php?rest_route=\/wp\/v2\/media\/38381"}],"wp:attachment":[{"href":"https:\/\/aconteceunovale.com.br\/portal\/index.php?rest_route=%2Fwp%2Fv2%2Fmedia&parent=47724"}],"wp:term":[{"taxonomy":"category","embeddable":true,"href":"https:\/\/aconteceunovale.com.br\/portal\/index.php?rest_route=%2Fwp%2Fv2%2Fcategories&post=47724"},{"taxonomy":"post_tag","embeddable":true,"href":"https:\/\/aconteceunovale.com.br\/portal\/index.php?rest_route=%2Fwp%2Fv2%2Ftags&post=47724"}],"curies":[{"name":"wp","href":"https:\/\/api.w.org\/{rel}","templated":true}]}}