{"id":47716,"date":"2014-12-10T21:21:37","date_gmt":"2014-12-11T00:21:37","guid":{"rendered":"http:\/\/aconteceunovale.com.br\/portal\/?p=47716"},"modified":"2014-12-10T21:21:37","modified_gmt":"2014-12-11T00:21:37","slug":"homem-mata-a-sogra-a-filha-de-6-meses-e-se-mata-no-municipio-de-curvelo","status":"publish","type":"post","link":"https:\/\/aconteceunovale.com.br\/portal\/?p=47716","title":{"rendered":"Homem mata a sogra, a filha de 6 meses e se mata no munic\u00edpio de Curvelo"},"content":{"rendered":"<h4><strong><em>Ele n\u00e3o aceitava o fim do relacionamento com a m\u00e3e do beb\u00ea. Rapaz tamb\u00e9m tentou matar a jovem, na zona rural de Curvelo.<\/em><\/strong><\/h4>\n<p>Um jovem de 26 anos se matou depois assassinar a filha de seis meses e a sogra, de 44 anos, em S\u00e3o Jos\u00e9 da Lagoa, distrito de Curvelo (MG). Segundo informa\u00e7\u00f5es da Pol\u00edcia Militar, Celso Aparecido Matos da Silva n\u00e3o aceitava o fim do relacionamento com a m\u00e3e do beb\u00ea, uma adolescente de 16 anos.<\/p>\n<p>Ainda de acordo com a PM, ap\u00f3s se desentender com a ex-companheira, na manh\u00e3 desta quarta-feira (10), Celso Aparecido aproveitou que ela estava em casa apenas com o filho e com a av\u00f3 da crian\u00e7a, entrou e atirou contra a sogra. Ele estava armado com um rev\u00f3lver calibre 32.<\/p>\n<p>A pol\u00edcia conta tamb\u00e9m que m\u00e3e do beb\u00ea ouviu os disparos e correu para ajudar a m\u00e3e, quando o suspeito atirou contra ela, mas n\u00e3o acertou. A adolescente fugiu e se escondeu em um matagal. Celso ent\u00e3o foi at\u00e9 o ber\u00e7o do filha de seis meses, atirou, e em seguida se matou.<\/p>\n<p>Celso tinha uma medida restritiva e n\u00e3o podia se aproximar da jovem, com quem teve um relacionamento. Ele chegou a ser preso no dia 12 de outubro por amea\u00e7ar a adolescente. (G1)<\/p>\n","protected":false},"excerpt":{"rendered":"<p>Ele n\u00e3o aceitava o fim do relacionamento com a m\u00e3e do beb\u00ea. Rapaz tamb\u00e9m tentou matar a jovem, na zona rural de Curvelo. Um jovem de 26 anos se matou depois assassinar a filha de seis meses e a sogra, de 44 anos, em S\u00e3o Jos\u00e9 da Lagoa, distrito de Curvelo (MG). Segundo informa\u00e7\u00f5es da [&hellip;]<\/p>\n","protected":false},"author":1,"featured_media":32816,"comment_status":"open","ping_status":"closed","sticky":false,"template":"","format":"standard","meta":{"amp_status":"","footnotes":""},"categories":[123],"tags":[26431,197,26432,26435,26433,26434],"class_list":["post-47716","post","type-post","status-publish","format-standard","has-post-thumbnail","hentry","category-gerais","tag-celso-aparecido-matos-da-silva","tag-curvelo","tag-homem-mata-a-sogra-a-filha-de-6-meses-e-se-mata-no-municipio-de-curvelo","tag-mortes-em-sao-jose-da-lagoa","tag-sao-jose-da-lagoa","tag-tragedia-em-sao-jose-da-lagoa"],"yoast_head":"<!-- This site is optimized with the Yoast SEO plugin v28.3 - https:\/\/yoast.com\/product\/yoast-seo-wordpress\/ -->\n<title>Homem mata a sogra, a filha de 6 meses e se mata no munic\u00edpio de Curvelo - Aconteceu no Vale<\/title>\n<meta name=\"robots\" content=\"index, follow, max-snippet:-1, max-image-preview:large, max-video-preview:-1\" \/>\n<link rel=\"canonical\" href=\"https:\/\/aconteceunovale.com.br\/portal\/?p=47716\" \/>\n<meta property=\"og:locale\" content=\"pt_BR\" \/>\n<meta property=\"og:type\" content=\"article\" \/>\n<meta property=\"og:title\" content=\"Homem mata a sogra, a filha de 6 meses e se mata no munic\u00edpio de Curvelo - Aconteceu no Vale\" \/>\n<meta property=\"og:description\" content=\"Ele n\u00e3o aceitava o fim do relacionamento com a m\u00e3e do beb\u00ea. Rapaz tamb\u00e9m tentou matar a jovem, na zona rural de Curvelo. Um jovem de 26 anos se matou depois assassinar a filha de seis meses e a sogra, de 44 anos, em S\u00e3o Jos\u00e9 da Lagoa, distrito de Curvelo (MG). Segundo informa\u00e7\u00f5es da [&hellip;]\" \/>\n<meta property=\"og:url\" content=\"https:\/\/aconteceunovale.com.br\/portal\/?p=47716\" \/>\n<meta property=\"og:site_name\" content=\"Aconteceu no Vale\" \/>\n<meta property=\"article:publisher\" content=\"https:\/\/www.facebook.com\/aconteceunovale\/\" \/>\n<meta property=\"article:published_time\" content=\"2014-12-11T00:21:37+00:00\" \/>\n<meta property=\"og:image\" content=\"https:\/\/aconteceunovale.com.br\/portal\/wp-content\/uploads\/2014\/06\/acidente_plantao_pm.jpg\" \/>\n\t<meta property=\"og:image:width\" content=\"570\" \/>\n\t<meta property=\"og:image:height\" content=\"374\" \/>\n\t<meta property=\"og:image:type\" content=\"image\/jpeg\" \/>\n<meta name=\"author\" content=\"Aconteceu no Vale\" \/>\n<meta name=\"twitter:card\" content=\"summary_large_image\" \/>\n<meta name=\"twitter:creator\" content=\"@noticiadosvales\" \/>\n<meta name=\"twitter:site\" content=\"@noticiadosvales\" \/>\n<meta name=\"twitter:label1\" content=\"Escrito por\" \/>\n\t<meta name=\"twitter:data1\" content=\"Aconteceu no Vale\" \/>\n\t<meta name=\"twitter:label2\" content=\"Est. tempo de leitura\" \/>\n\t<meta name=\"twitter:data2\" content=\"1 minuto\" \/>\n<script type=\"application\/ld+json\" class=\"yoast-schema-graph\">{\"@context\":\"https:\\\/\\\/schema.org\",\"@graph\":[{\"@type\":\"Article\",\"@id\":\"https:\\\/\\\/aconteceunovale.com.br\\\/portal\\\/?p=47716#article\",\"isPartOf\":{\"@id\":\"https:\\\/\\\/aconteceunovale.com.br\\\/portal\\\/?p=47716\"},\"author\":{\"name\":\"Aconteceu no Vale\",\"@id\":\"https:\\\/\\\/aconteceunovale.com.br\\\/portal\\\/#\\\/schema\\\/person\\\/633529146f2c94272bef50ac2953d589\"},\"headline\":\"Homem mata a sogra, a filha de 6 meses e se mata no munic\u00edpio de Curvelo\",\"datePublished\":\"2014-12-11T00:21:37+00:00\",\"mainEntityOfPage\":{\"@id\":\"https:\\\/\\\/aconteceunovale.com.br\\\/portal\\\/?p=47716\"},\"wordCount\":241,\"commentCount\":0,\"image\":{\"@id\":\"https:\\\/\\\/aconteceunovale.com.br\\\/portal\\\/?p=47716#primaryimage\"},\"thumbnailUrl\":\"https:\\\/\\\/aconteceunovale.com.br\\\/portal\\\/wp-content\\\/uploads\\\/2014\\\/06\\\/acidente_plantao_pm.jpg\",\"keywords\":[\"Celso Aparecido Matos da Silva\",\"Curvelo\",\"Homem mata a sogra a filha de 6 meses e se mata no munic\u00edpio de Curvelo\",\"mortes em S\u00e3o Jos\u00e9 da Lagoa\",\"S\u00e3o Jos\u00e9 da Lagoa\",\"trag\u00e9dia em S\u00e3o Jos\u00e9 da Lagoa\"],\"articleSection\":[\"Minas Gerais\"],\"inLanguage\":\"pt-BR\",\"potentialAction\":[{\"@type\":\"CommentAction\",\"name\":\"Comment\",\"target\":[\"https:\\\/\\\/aconteceunovale.com.br\\\/portal\\\/?p=47716#respond\"]}]},{\"@type\":\"WebPage\",\"@id\":\"https:\\\/\\\/aconteceunovale.com.br\\\/portal\\\/?p=47716\",\"url\":\"https:\\\/\\\/aconteceunovale.com.br\\\/portal\\\/?p=47716\",\"name\":\"Homem mata a sogra, a filha de 6 meses e se mata no munic\u00edpio de Curvelo - Aconteceu no Vale\",\"isPartOf\":{\"@id\":\"https:\\\/\\\/aconteceunovale.com.br\\\/portal\\\/#website\"},\"primaryImageOfPage\":{\"@id\":\"https:\\\/\\\/aconteceunovale.com.br\\\/portal\\\/?p=47716#primaryimage\"},\"image\":{\"@id\":\"https:\\\/\\\/aconteceunovale.com.br\\\/portal\\\/?p=47716#primaryimage\"},\"thumbnailUrl\":\"https:\\\/\\\/aconteceunovale.com.br\\\/portal\\\/wp-content\\\/uploads\\\/2014\\\/06\\\/acidente_plantao_pm.jpg\",\"datePublished\":\"2014-12-11T00:21:37+00:00\",\"author\":{\"@id\":\"https:\\\/\\\/aconteceunovale.com.br\\\/portal\\\/#\\\/schema\\\/person\\\/633529146f2c94272bef50ac2953d589\"},\"breadcrumb\":{\"@id\":\"https:\\\/\\\/aconteceunovale.com.br\\\/portal\\\/?p=47716#breadcrumb\"},\"inLanguage\":\"pt-BR\",\"potentialAction\":[{\"@type\":\"ReadAction\",\"target\":[\"https:\\\/\\\/aconteceunovale.com.br\\\/portal\\\/?p=47716\"]}]},{\"@type\":\"ImageObject\",\"inLanguage\":\"pt-BR\",\"@id\":\"https:\\\/\\\/aconteceunovale.com.br\\\/portal\\\/?p=47716#primaryimage\",\"url\":\"https:\\\/\\\/aconteceunovale.com.br\\\/portal\\\/wp-content\\\/uploads\\\/2014\\\/06\\\/acidente_plantao_pm.jpg\",\"contentUrl\":\"https:\\\/\\\/aconteceunovale.com.br\\\/portal\\\/wp-content\\\/uploads\\\/2014\\\/06\\\/acidente_plantao_pm.jpg\",\"width\":570,\"height\":374},{\"@type\":\"BreadcrumbList\",\"@id\":\"https:\\\/\\\/aconteceunovale.com.br\\\/portal\\\/?p=47716#breadcrumb\",\"itemListElement\":[{\"@type\":\"ListItem\",\"position\":1,\"name\":\"In\u00edcio\",\"item\":\"https:\\\/\\\/aconteceunovale.com.br\\\/portal\\\/\"},{\"@type\":\"ListItem\",\"position\":2,\"name\":\"Homem mata a sogra, a filha de 6 meses e se mata no munic\u00edpio de Curvelo\"}]},{\"@type\":\"WebSite\",\"@id\":\"https:\\\/\\\/aconteceunovale.com.br\\\/portal\\\/#website\",\"url\":\"https:\\\/\\\/aconteceunovale.com.br\\\/portal\\\/\",\"name\":\"Aconteceu no Vale\",\"description\":\"Portal de Not\u00edcias\",\"potentialAction\":[{\"@type\":\"SearchAction\",\"target\":{\"@type\":\"EntryPoint\",\"urlTemplate\":\"https:\\\/\\\/aconteceunovale.com.br\\\/portal\\\/?s={search_term_string}\"},\"query-input\":{\"@type\":\"PropertyValueSpecification\",\"valueRequired\":true,\"valueName\":\"search_term_string\"}}],\"inLanguage\":\"pt-BR\"},{\"@type\":\"Person\",\"@id\":\"https:\\\/\\\/aconteceunovale.com.br\\\/portal\\\/#\\\/schema\\\/person\\\/633529146f2c94272bef50ac2953d589\",\"name\":\"Aconteceu no Vale\",\"description\":\"Equipe de reportagem do Aconteceu no Vale, portal de not\u00edcias do Vale do Jequitinhonha, em Minas Gerais. Cobrimos as 51 cidades do Vale desde 2013. Sugest\u00f5es de pauta e pedidos de corre\u00e7\u00e3o: contato@aconteceunovale.com.br\",\"sameAs\":[\"http:\\\/\\\/www.aconteceunovale.com.br\"],\"url\":\"https:\\\/\\\/aconteceunovale.com.br\\\/portal\\\/?author=1\"}]}<\/script>\n<!-- \/ Yoast SEO plugin. -->","yoast_head_json":{"title":"Homem mata a sogra, a filha de 6 meses e se mata no munic\u00edpio de Curvelo - Aconteceu no Vale","robots":{"index":"index","follow":"follow","max-snippet":"max-snippet:-1","max-image-preview":"max-image-preview:large","max-video-preview":"max-video-preview:-1"},"canonical":"https:\/\/aconteceunovale.com.br\/portal\/?p=47716","og_locale":"pt_BR","og_type":"article","og_title":"Homem mata a sogra, a filha de 6 meses e se mata no munic\u00edpio de Curvelo - Aconteceu no Vale","og_description":"Ele n\u00e3o aceitava o fim do relacionamento com a m\u00e3e do beb\u00ea. Rapaz tamb\u00e9m tentou matar a jovem, na zona rural de Curvelo. Um jovem de 26 anos se matou depois assassinar a filha de seis meses e a sogra, de 44 anos, em S\u00e3o Jos\u00e9 da Lagoa, distrito de Curvelo (MG). Segundo informa\u00e7\u00f5es da [&hellip;]","og_url":"https:\/\/aconteceunovale.com.br\/portal\/?p=47716","og_site_name":"Aconteceu no Vale","article_publisher":"https:\/\/www.facebook.com\/aconteceunovale\/","article_published_time":"2014-12-11T00:21:37+00:00","og_image":[{"width":570,"height":374,"url":"https:\/\/aconteceunovale.com.br\/portal\/wp-content\/uploads\/2014\/06\/acidente_plantao_pm.jpg","type":"image\/jpeg"}],"author":"Aconteceu no Vale","twitter_card":"summary_large_image","twitter_creator":"@noticiadosvales","twitter_site":"@noticiadosvales","twitter_misc":{"Escrito por":"Aconteceu no Vale","Est. tempo de leitura":"1 minuto"},"schema":{"@context":"https:\/\/schema.org","@graph":[{"@type":"Article","@id":"https:\/\/aconteceunovale.com.br\/portal\/?p=47716#article","isPartOf":{"@id":"https:\/\/aconteceunovale.com.br\/portal\/?p=47716"},"author":{"name":"Aconteceu no Vale","@id":"https:\/\/aconteceunovale.com.br\/portal\/#\/schema\/person\/633529146f2c94272bef50ac2953d589"},"headline":"Homem mata a sogra, a filha de 6 meses e se mata no munic\u00edpio de Curvelo","datePublished":"2014-12-11T00:21:37+00:00","mainEntityOfPage":{"@id":"https:\/\/aconteceunovale.com.br\/portal\/?p=47716"},"wordCount":241,"commentCount":0,"image":{"@id":"https:\/\/aconteceunovale.com.br\/portal\/?p=47716#primaryimage"},"thumbnailUrl":"https:\/\/aconteceunovale.com.br\/portal\/wp-content\/uploads\/2014\/06\/acidente_plantao_pm.jpg","keywords":["Celso Aparecido Matos da Silva","Curvelo","Homem mata a sogra a filha de 6 meses e se mata no munic\u00edpio de Curvelo","mortes em S\u00e3o Jos\u00e9 da Lagoa","S\u00e3o Jos\u00e9 da Lagoa","trag\u00e9dia em S\u00e3o Jos\u00e9 da Lagoa"],"articleSection":["Minas Gerais"],"inLanguage":"pt-BR","potentialAction":[{"@type":"CommentAction","name":"Comment","target":["https:\/\/aconteceunovale.com.br\/portal\/?p=47716#respond"]}]},{"@type":"WebPage","@id":"https:\/\/aconteceunovale.com.br\/portal\/?p=47716","url":"https:\/\/aconteceunovale.com.br\/portal\/?p=47716","name":"Homem mata a sogra, a filha de 6 meses e se mata no munic\u00edpio de Curvelo - Aconteceu no Vale","isPartOf":{"@id":"https:\/\/aconteceunovale.com.br\/portal\/#website"},"primaryImageOfPage":{"@id":"https:\/\/aconteceunovale.com.br\/portal\/?p=47716#primaryimage"},"image":{"@id":"https:\/\/aconteceunovale.com.br\/portal\/?p=47716#primaryimage"},"thumbnailUrl":"https:\/\/aconteceunovale.com.br\/portal\/wp-content\/uploads\/2014\/06\/acidente_plantao_pm.jpg","datePublished":"2014-12-11T00:21:37+00:00","author":{"@id":"https:\/\/aconteceunovale.com.br\/portal\/#\/schema\/person\/633529146f2c94272bef50ac2953d589"},"breadcrumb":{"@id":"https:\/\/aconteceunovale.com.br\/portal\/?p=47716#breadcrumb"},"inLanguage":"pt-BR","potentialAction":[{"@type":"ReadAction","target":["https:\/\/aconteceunovale.com.br\/portal\/?p=47716"]}]},{"@type":"ImageObject","inLanguage":"pt-BR","@id":"https:\/\/aconteceunovale.com.br\/portal\/?p=47716#primaryimage","url":"https:\/\/aconteceunovale.com.br\/portal\/wp-content\/uploads\/2014\/06\/acidente_plantao_pm.jpg","contentUrl":"https:\/\/aconteceunovale.com.br\/portal\/wp-content\/uploads\/2014\/06\/acidente_plantao_pm.jpg","width":570,"height":374},{"@type":"BreadcrumbList","@id":"https:\/\/aconteceunovale.com.br\/portal\/?p=47716#breadcrumb","itemListElement":[{"@type":"ListItem","position":1,"name":"In\u00edcio","item":"https:\/\/aconteceunovale.com.br\/portal\/"},{"@type":"ListItem","position":2,"name":"Homem mata a sogra, a filha de 6 meses e se mata no munic\u00edpio de Curvelo"}]},{"@type":"WebSite","@id":"https:\/\/aconteceunovale.com.br\/portal\/#website","url":"https:\/\/aconteceunovale.com.br\/portal\/","name":"Aconteceu no Vale","description":"Portal de Not\u00edcias","potentialAction":[{"@type":"SearchAction","target":{"@type":"EntryPoint","urlTemplate":"https:\/\/aconteceunovale.com.br\/portal\/?s={search_term_string}"},"query-input":{"@type":"PropertyValueSpecification","valueRequired":true,"valueName":"search_term_string"}}],"inLanguage":"pt-BR"},{"@type":"Person","@id":"https:\/\/aconteceunovale.com.br\/portal\/#\/schema\/person\/633529146f2c94272bef50ac2953d589","name":"Aconteceu no Vale","description":"Equipe de reportagem do Aconteceu no Vale, portal de not\u00edcias do Vale do Jequitinhonha, em Minas Gerais. Cobrimos as 51 cidades do Vale desde 2013. Sugest\u00f5es de pauta e pedidos de corre\u00e7\u00e3o: contato@aconteceunovale.com.br","sameAs":["http:\/\/www.aconteceunovale.com.br"],"url":"https:\/\/aconteceunovale.com.br\/portal\/?author=1"}]}},"_links":{"self":[{"href":"https:\/\/aconteceunovale.com.br\/portal\/index.php?rest_route=\/wp\/v2\/posts\/47716","targetHints":{"allow":["GET"]}}],"collection":[{"href":"https:\/\/aconteceunovale.com.br\/portal\/index.php?rest_route=\/wp\/v2\/posts"}],"about":[{"href":"https:\/\/aconteceunovale.com.br\/portal\/index.php?rest_route=\/wp\/v2\/types\/post"}],"author":[{"embeddable":true,"href":"https:\/\/aconteceunovale.com.br\/portal\/index.php?rest_route=\/wp\/v2\/users\/1"}],"replies":[{"embeddable":true,"href":"https:\/\/aconteceunovale.com.br\/portal\/index.php?rest_route=%2Fwp%2Fv2%2Fcomments&post=47716"}],"version-history":[{"count":0,"href":"https:\/\/aconteceunovale.com.br\/portal\/index.php?rest_route=\/wp\/v2\/posts\/47716\/revisions"}],"wp:featuredmedia":[{"embeddable":true,"href":"https:\/\/aconteceunovale.com.br\/portal\/index.php?rest_route=\/wp\/v2\/media\/32816"}],"wp:attachment":[{"href":"https:\/\/aconteceunovale.com.br\/portal\/index.php?rest_route=%2Fwp%2Fv2%2Fmedia&parent=47716"}],"wp:term":[{"taxonomy":"category","embeddable":true,"href":"https:\/\/aconteceunovale.com.br\/portal\/index.php?rest_route=%2Fwp%2Fv2%2Fcategories&post=47716"},{"taxonomy":"post_tag","embeddable":true,"href":"https:\/\/aconteceunovale.com.br\/portal\/index.php?rest_route=%2Fwp%2Fv2%2Ftags&post=47716"}],"curies":[{"name":"wp","href":"https:\/\/api.w.org\/{rel}","templated":true}]}}