{"id":47709,"date":"2014-12-10T21:02:08","date_gmt":"2014-12-11T00:02:08","guid":{"rendered":"http:\/\/aconteceunovale.com.br\/portal\/?p=47709"},"modified":"2026-09-02T13:13:12","modified_gmt":"2026-09-02T16:13:12","slug":"pastor-evangelico-tem-carro-roubado-em-itaobim","status":"publish","type":"post","link":"https:\/\/aconteceunovale.com.br\/portal\/?p=47709","title":{"rendered":"Pastor evang\u00e9lico tem carro roubado em Itaobim"},"content":{"rendered":"<h4><strong><em>Ele contou aos policiais que ap\u00f3s o roubo foi trancado dentro da igreja pelos assaltantes. Em Ara\u00e7ua\u00ed, PM recupera veiculo furtado pela 2\u00aa vez.<\/em><\/strong><\/h4>\n<p>Cinco homens armados roubaram na tarde de ter\u00e7a-feira (9) o ve\u00edculo Gol, do pastor evang\u00e9lico Gilvan Silva Souza, de 36 anos. Ele contou que se encontrava na Comunidade Flor de Minas, juntamente com um amigo, executando a reforma da igreja Assembleia de Deus, na qual \u00e9 pastor, quando cinco homens armados com rev\u00f3lveres anunciaram o assalto.<\/p>\n<p>Os autores, pegaram a chave do ve\u00edculo VW GOL, cor preta, placa HFM-5994, de Ara\u00e7ua\u00ed-MG, e em seguida ele e o amigo foram  trancados dentro da igreja. O bandidos fugiram em alta velocidade tomando rumo ignorado. Foi acionado o cerco e bloqueio pelo plant\u00e3o, por\u00e9m at\u00e9 o momento sem \u00eaxito, rastreamentos continuam.<\/p>\n<h4>Em Ara\u00e7ua\u00ed<\/h4>\n<p>Policiais Militares de Ara\u00e7ua\u00ed, no Vale do Jequitinhonha recuperaram na segunda-feira (8) um ve\u00edculo Gol placa GOR-8667, de propriedade do comerciante Wilton Oliveira Moreira, 51 anos, residente em Ara\u00e7ua\u00ed.<\/p>\n<p>Ele contou aos policiais que no domingo (7) por volta das 22 horas, estacionou o  veiculo em frente \u00e0 casa dele na rua Jos\u00e9 Antonio Ara\u00fajo, onde mant\u00e9m uma pousada e no dia seguinte,e pela manh\u00e3 ao procurar pelo  carro, percebeu que o mesmo havia sido furtado.<\/p>\n<p><img decoding=\"async\" src=\"http:\/\/aconteceunovale.com.br\/portal\/wp-content\/uploads\/2014\/12\/carro_roubad_ara.jpg\" alt=\"\" \/><em>Carro foi recuperado pela Pol\u00edcia Militar &#8211; Foto: Reprodu\u00e7\u00e3o<\/em><br \/>\n<\/br><\/p>\n<p>Os militares  iniciaram os rastreamentos, e horas depois, receberam informa\u00e7\u00f5es que as margens da rodovia 367 km 273, pr\u00f3ximo a entrada que da acesso \u00e0 cidade de Cara\u00ed, tinha um veiculo abandonado. Os policiais se deslocaram at\u00e9 o referido local,  onde constataram do que se tratava do veiculo furtado do comerciante.<\/p>\n<p>Eles acreditam que o autor  do furto perdeu o controle direcional do carro, saiu da pista e bateu em um barranco. O veiculo sofreu diversos danos e foi  rebocado para o p\u00e1tio credenciado do Detran. Ningu\u00e9m foi preso.<\/p>\n<p>No in\u00edcio do ano, o mesmo ve\u00edculo foi furtado por um adolescente de 15 anos, usu\u00e1rio de drogas. O carro foi encontrado atolado em uma pra\u00e7a da regi\u00e3o da Baixada.<\/p>\n<p><em>(Fonte: Gazeta de Ara\u00e7ua\u00ed)<\/em><\/p>\n","protected":false},"excerpt":{"rendered":"<p>Ele contou aos policiais que ap\u00f3s o roubo foi trancado dentro da igreja pelos assaltantes. Em Ara\u00e7ua\u00ed, PM recupera veiculo furtado pela 2\u00aa vez. Cinco homens armados roubaram na tarde de ter\u00e7a-feira (9) o ve\u00edculo Gol, do pastor evang\u00e9lico Gilvan Silva Souza, de 36 anos. Ele contou que se encontrava na Comunidade Flor de Minas, [&hellip;]<\/p>\n","protected":false},"author":1,"featured_media":47710,"comment_status":"open","ping_status":"closed","sticky":false,"template":"","format":"standard","meta":{"amp_status":"","footnotes":""},"categories":[272550,120],"tags":[186,490,26423,391,26420,26421,26422,26424],"class_list":["post-47709","post","type-post","status-publish","format-standard","has-post-thumbnail","hentry","category-itaobim","category-jequi","tag-aracuai","tag-carai","tag-gilvan-silva-souza","tag-itaobim","tag-pastor-evangelico-tem-carro-roubado-em-itaobim","tag-pm-recupera-veiculo-furtado-pela-2a-vez","tag-pm-recupera-veiculo-furtado-pela-2a-vez-em-aracuai","tag-wilton-oliveira-moreira"],"yoast_head":"<!-- This site is optimized with the Yoast SEO plugin v28.3 - https:\/\/yoast.com\/product\/yoast-seo-wordpress\/ -->\n<title>Pastor evang\u00e9lico tem carro roubado em Itaobim - Aconteceu no Vale<\/title>\n<meta name=\"robots\" content=\"index, follow, max-snippet:-1, max-image-preview:large, max-video-preview:-1\" \/>\n<link rel=\"canonical\" href=\"https:\/\/aconteceunovale.com.br\/portal\/?p=47709\" \/>\n<meta property=\"og:locale\" content=\"pt_BR\" \/>\n<meta property=\"og:type\" content=\"article\" \/>\n<meta property=\"og:title\" content=\"Pastor evang\u00e9lico tem carro roubado em Itaobim - Aconteceu no Vale\" \/>\n<meta property=\"og:description\" content=\"Ele contou aos policiais que ap\u00f3s o roubo foi trancado dentro da igreja pelos assaltantes. Em Ara\u00e7ua\u00ed, PM recupera veiculo furtado pela 2\u00aa vez. Cinco homens armados roubaram na tarde de ter\u00e7a-feira (9) o ve\u00edculo Gol, do pastor evang\u00e9lico Gilvan Silva Souza, de 36 anos. Ele contou que se encontrava na Comunidade Flor de Minas, [&hellip;]\" \/>\n<meta property=\"og:url\" content=\"https:\/\/aconteceunovale.com.br\/portal\/?p=47709\" \/>\n<meta property=\"og:site_name\" content=\"Aconteceu no Vale\" \/>\n<meta property=\"article:publisher\" content=\"https:\/\/www.facebook.com\/aconteceunovale\/\" \/>\n<meta property=\"article:published_time\" content=\"2014-12-11T00:02:08+00:00\" \/>\n<meta property=\"article:modified_time\" content=\"2026-09-02T16:13:12+00:00\" \/>\n<meta property=\"og:image\" content=\"https:\/\/aconteceunovale.com.br\/portal\/wp-content\/uploads\/2014\/12\/carro_roubad_ara.jpg\" \/>\n\t<meta property=\"og:image:width\" content=\"640\" \/>\n\t<meta property=\"og:image:height\" content=\"375\" \/>\n\t<meta property=\"og:image:type\" content=\"image\/jpeg\" \/>\n<meta name=\"author\" content=\"Aconteceu no Vale\" \/>\n<meta name=\"twitter:card\" content=\"summary_large_image\" \/>\n<meta name=\"twitter:creator\" content=\"@noticiadosvales\" \/>\n<meta name=\"twitter:site\" content=\"@noticiadosvales\" \/>\n<meta name=\"twitter:label1\" content=\"Escrito por\" \/>\n\t<meta name=\"twitter:data1\" content=\"Aconteceu no Vale\" \/>\n\t<meta name=\"twitter:label2\" content=\"Est. tempo de leitura\" \/>\n\t<meta name=\"twitter:data2\" content=\"2 minutos\" \/>\n<script type=\"application\/ld+json\" class=\"yoast-schema-graph\">{\"@context\":\"https:\\\/\\\/schema.org\",\"@graph\":[{\"@type\":\"Article\",\"@id\":\"https:\\\/\\\/aconteceunovale.com.br\\\/portal\\\/?p=47709#article\",\"isPartOf\":{\"@id\":\"https:\\\/\\\/aconteceunovale.com.br\\\/portal\\\/?p=47709\"},\"author\":{\"name\":\"Aconteceu no Vale\",\"@id\":\"https:\\\/\\\/aconteceunovale.com.br\\\/portal\\\/#\\\/schema\\\/person\\\/633529146f2c94272bef50ac2953d589\"},\"headline\":\"Pastor evang\u00e9lico tem carro roubado em Itaobim\",\"datePublished\":\"2014-12-11T00:02:08+00:00\",\"dateModified\":\"2026-09-02T16:13:12+00:00\",\"mainEntityOfPage\":{\"@id\":\"https:\\\/\\\/aconteceunovale.com.br\\\/portal\\\/?p=47709\"},\"wordCount\":367,\"commentCount\":0,\"image\":{\"@id\":\"https:\\\/\\\/aconteceunovale.com.br\\\/portal\\\/?p=47709#primaryimage\"},\"thumbnailUrl\":\"https:\\\/\\\/aconteceunovale.com.br\\\/portal\\\/wp-content\\\/uploads\\\/2014\\\/12\\\/carro_roubad_ara.jpg\",\"keywords\":[\"Ara\u00e7ua\u00ed\",\"Cara\u00ed\",\"Gilvan Silva Souza\",\"Itaobim\",\"Pastor evang\u00e9lico tem carro roubado em Itaobim\",\"PM recupera veiculo furtado pela 2\u00aa vez\",\"PM recupera veiculo furtado pela 2\u00aa vez em Ara\u00e7ua\u00ed\",\"Wilton Oliveira Moreira\"],\"articleSection\":[\"Itaobim\",\"Vale do Jequitinhonha\"],\"inLanguage\":\"pt-BR\",\"potentialAction\":[{\"@type\":\"CommentAction\",\"name\":\"Comment\",\"target\":[\"https:\\\/\\\/aconteceunovale.com.br\\\/portal\\\/?p=47709#respond\"]}]},{\"@type\":\"WebPage\",\"@id\":\"https:\\\/\\\/aconteceunovale.com.br\\\/portal\\\/?p=47709\",\"url\":\"https:\\\/\\\/aconteceunovale.com.br\\\/portal\\\/?p=47709\",\"name\":\"Pastor evang\u00e9lico tem carro roubado em Itaobim - Aconteceu no Vale\",\"isPartOf\":{\"@id\":\"https:\\\/\\\/aconteceunovale.com.br\\\/portal\\\/#website\"},\"primaryImageOfPage\":{\"@id\":\"https:\\\/\\\/aconteceunovale.com.br\\\/portal\\\/?p=47709#primaryimage\"},\"image\":{\"@id\":\"https:\\\/\\\/aconteceunovale.com.br\\\/portal\\\/?p=47709#primaryimage\"},\"thumbnailUrl\":\"https:\\\/\\\/aconteceunovale.com.br\\\/portal\\\/wp-content\\\/uploads\\\/2014\\\/12\\\/carro_roubad_ara.jpg\",\"datePublished\":\"2014-12-11T00:02:08+00:00\",\"dateModified\":\"2026-09-02T16:13:12+00:00\",\"author\":{\"@id\":\"https:\\\/\\\/aconteceunovale.com.br\\\/portal\\\/#\\\/schema\\\/person\\\/633529146f2c94272bef50ac2953d589\"},\"breadcrumb\":{\"@id\":\"https:\\\/\\\/aconteceunovale.com.br\\\/portal\\\/?p=47709#breadcrumb\"},\"inLanguage\":\"pt-BR\",\"potentialAction\":[{\"@type\":\"ReadAction\",\"target\":[\"https:\\\/\\\/aconteceunovale.com.br\\\/portal\\\/?p=47709\"]}]},{\"@type\":\"ImageObject\",\"inLanguage\":\"pt-BR\",\"@id\":\"https:\\\/\\\/aconteceunovale.com.br\\\/portal\\\/?p=47709#primaryimage\",\"url\":\"https:\\\/\\\/aconteceunovale.com.br\\\/portal\\\/wp-content\\\/uploads\\\/2014\\\/12\\\/carro_roubad_ara.jpg\",\"contentUrl\":\"https:\\\/\\\/aconteceunovale.com.br\\\/portal\\\/wp-content\\\/uploads\\\/2014\\\/12\\\/carro_roubad_ara.jpg\",\"width\":640,\"height\":375},{\"@type\":\"BreadcrumbList\",\"@id\":\"https:\\\/\\\/aconteceunovale.com.br\\\/portal\\\/?p=47709#breadcrumb\",\"itemListElement\":[{\"@type\":\"ListItem\",\"position\":1,\"name\":\"In\u00edcio\",\"item\":\"https:\\\/\\\/aconteceunovale.com.br\\\/portal\\\/\"},{\"@type\":\"ListItem\",\"position\":2,\"name\":\"Pastor evang\u00e9lico tem carro roubado em Itaobim\"}]},{\"@type\":\"WebSite\",\"@id\":\"https:\\\/\\\/aconteceunovale.com.br\\\/portal\\\/#website\",\"url\":\"https:\\\/\\\/aconteceunovale.com.br\\\/portal\\\/\",\"name\":\"Aconteceu no Vale\",\"description\":\"Portal de Not\u00edcias\",\"potentialAction\":[{\"@type\":\"SearchAction\",\"target\":{\"@type\":\"EntryPoint\",\"urlTemplate\":\"https:\\\/\\\/aconteceunovale.com.br\\\/portal\\\/?s={search_term_string}\"},\"query-input\":{\"@type\":\"PropertyValueSpecification\",\"valueRequired\":true,\"valueName\":\"search_term_string\"}}],\"inLanguage\":\"pt-BR\"},{\"@type\":\"Person\",\"@id\":\"https:\\\/\\\/aconteceunovale.com.br\\\/portal\\\/#\\\/schema\\\/person\\\/633529146f2c94272bef50ac2953d589\",\"name\":\"Aconteceu no Vale\",\"description\":\"Equipe de reportagem do Aconteceu no Vale, portal de not\u00edcias do Vale do Jequitinhonha, em Minas Gerais. Cobrimos as 51 cidades do Vale desde 2013. Sugest\u00f5es de pauta e pedidos de corre\u00e7\u00e3o: contato@aconteceunovale.com.br\",\"sameAs\":[\"http:\\\/\\\/www.aconteceunovale.com.br\"],\"url\":\"https:\\\/\\\/aconteceunovale.com.br\\\/portal\\\/?author=1\"}]}<\/script>\n<!-- \/ Yoast SEO plugin. -->","yoast_head_json":{"title":"Pastor evang\u00e9lico tem carro roubado em Itaobim - Aconteceu no Vale","robots":{"index":"index","follow":"follow","max-snippet":"max-snippet:-1","max-image-preview":"max-image-preview:large","max-video-preview":"max-video-preview:-1"},"canonical":"https:\/\/aconteceunovale.com.br\/portal\/?p=47709","og_locale":"pt_BR","og_type":"article","og_title":"Pastor evang\u00e9lico tem carro roubado em Itaobim - Aconteceu no Vale","og_description":"Ele contou aos policiais que ap\u00f3s o roubo foi trancado dentro da igreja pelos assaltantes. Em Ara\u00e7ua\u00ed, PM recupera veiculo furtado pela 2\u00aa vez. Cinco homens armados roubaram na tarde de ter\u00e7a-feira (9) o ve\u00edculo Gol, do pastor evang\u00e9lico Gilvan Silva Souza, de 36 anos. Ele contou que se encontrava na Comunidade Flor de Minas, [&hellip;]","og_url":"https:\/\/aconteceunovale.com.br\/portal\/?p=47709","og_site_name":"Aconteceu no Vale","article_publisher":"https:\/\/www.facebook.com\/aconteceunovale\/","article_published_time":"2014-12-11T00:02:08+00:00","article_modified_time":"2026-09-02T16:13:12+00:00","og_image":[{"width":640,"height":375,"url":"https:\/\/aconteceunovale.com.br\/portal\/wp-content\/uploads\/2014\/12\/carro_roubad_ara.jpg","type":"image\/jpeg"}],"author":"Aconteceu no Vale","twitter_card":"summary_large_image","twitter_creator":"@noticiadosvales","twitter_site":"@noticiadosvales","twitter_misc":{"Escrito por":"Aconteceu no Vale","Est. tempo de leitura":"2 minutos"},"schema":{"@context":"https:\/\/schema.org","@graph":[{"@type":"Article","@id":"https:\/\/aconteceunovale.com.br\/portal\/?p=47709#article","isPartOf":{"@id":"https:\/\/aconteceunovale.com.br\/portal\/?p=47709"},"author":{"name":"Aconteceu no Vale","@id":"https:\/\/aconteceunovale.com.br\/portal\/#\/schema\/person\/633529146f2c94272bef50ac2953d589"},"headline":"Pastor evang\u00e9lico tem carro roubado em Itaobim","datePublished":"2014-12-11T00:02:08+00:00","dateModified":"2026-09-02T16:13:12+00:00","mainEntityOfPage":{"@id":"https:\/\/aconteceunovale.com.br\/portal\/?p=47709"},"wordCount":367,"commentCount":0,"image":{"@id":"https:\/\/aconteceunovale.com.br\/portal\/?p=47709#primaryimage"},"thumbnailUrl":"https:\/\/aconteceunovale.com.br\/portal\/wp-content\/uploads\/2014\/12\/carro_roubad_ara.jpg","keywords":["Ara\u00e7ua\u00ed","Cara\u00ed","Gilvan Silva Souza","Itaobim","Pastor evang\u00e9lico tem carro roubado em Itaobim","PM recupera veiculo furtado pela 2\u00aa vez","PM recupera veiculo furtado pela 2\u00aa vez em Ara\u00e7ua\u00ed","Wilton Oliveira Moreira"],"articleSection":["Itaobim","Vale do Jequitinhonha"],"inLanguage":"pt-BR","potentialAction":[{"@type":"CommentAction","name":"Comment","target":["https:\/\/aconteceunovale.com.br\/portal\/?p=47709#respond"]}]},{"@type":"WebPage","@id":"https:\/\/aconteceunovale.com.br\/portal\/?p=47709","url":"https:\/\/aconteceunovale.com.br\/portal\/?p=47709","name":"Pastor evang\u00e9lico tem carro roubado em Itaobim - Aconteceu no Vale","isPartOf":{"@id":"https:\/\/aconteceunovale.com.br\/portal\/#website"},"primaryImageOfPage":{"@id":"https:\/\/aconteceunovale.com.br\/portal\/?p=47709#primaryimage"},"image":{"@id":"https:\/\/aconteceunovale.com.br\/portal\/?p=47709#primaryimage"},"thumbnailUrl":"https:\/\/aconteceunovale.com.br\/portal\/wp-content\/uploads\/2014\/12\/carro_roubad_ara.jpg","datePublished":"2014-12-11T00:02:08+00:00","dateModified":"2026-09-02T16:13:12+00:00","author":{"@id":"https:\/\/aconteceunovale.com.br\/portal\/#\/schema\/person\/633529146f2c94272bef50ac2953d589"},"breadcrumb":{"@id":"https:\/\/aconteceunovale.com.br\/portal\/?p=47709#breadcrumb"},"inLanguage":"pt-BR","potentialAction":[{"@type":"ReadAction","target":["https:\/\/aconteceunovale.com.br\/portal\/?p=47709"]}]},{"@type":"ImageObject","inLanguage":"pt-BR","@id":"https:\/\/aconteceunovale.com.br\/portal\/?p=47709#primaryimage","url":"https:\/\/aconteceunovale.com.br\/portal\/wp-content\/uploads\/2014\/12\/carro_roubad_ara.jpg","contentUrl":"https:\/\/aconteceunovale.com.br\/portal\/wp-content\/uploads\/2014\/12\/carro_roubad_ara.jpg","width":640,"height":375},{"@type":"BreadcrumbList","@id":"https:\/\/aconteceunovale.com.br\/portal\/?p=47709#breadcrumb","itemListElement":[{"@type":"ListItem","position":1,"name":"In\u00edcio","item":"https:\/\/aconteceunovale.com.br\/portal\/"},{"@type":"ListItem","position":2,"name":"Pastor evang\u00e9lico tem carro roubado em Itaobim"}]},{"@type":"WebSite","@id":"https:\/\/aconteceunovale.com.br\/portal\/#website","url":"https:\/\/aconteceunovale.com.br\/portal\/","name":"Aconteceu no Vale","description":"Portal de Not\u00edcias","potentialAction":[{"@type":"SearchAction","target":{"@type":"EntryPoint","urlTemplate":"https:\/\/aconteceunovale.com.br\/portal\/?s={search_term_string}"},"query-input":{"@type":"PropertyValueSpecification","valueRequired":true,"valueName":"search_term_string"}}],"inLanguage":"pt-BR"},{"@type":"Person","@id":"https:\/\/aconteceunovale.com.br\/portal\/#\/schema\/person\/633529146f2c94272bef50ac2953d589","name":"Aconteceu no Vale","description":"Equipe de reportagem do Aconteceu no Vale, portal de not\u00edcias do Vale do Jequitinhonha, em Minas Gerais. Cobrimos as 51 cidades do Vale desde 2013. Sugest\u00f5es de pauta e pedidos de corre\u00e7\u00e3o: contato@aconteceunovale.com.br","sameAs":["http:\/\/www.aconteceunovale.com.br"],"url":"https:\/\/aconteceunovale.com.br\/portal\/?author=1"}]}},"_links":{"self":[{"href":"https:\/\/aconteceunovale.com.br\/portal\/index.php?rest_route=\/wp\/v2\/posts\/47709","targetHints":{"allow":["GET"]}}],"collection":[{"href":"https:\/\/aconteceunovale.com.br\/portal\/index.php?rest_route=\/wp\/v2\/posts"}],"about":[{"href":"https:\/\/aconteceunovale.com.br\/portal\/index.php?rest_route=\/wp\/v2\/types\/post"}],"author":[{"embeddable":true,"href":"https:\/\/aconteceunovale.com.br\/portal\/index.php?rest_route=\/wp\/v2\/users\/1"}],"replies":[{"embeddable":true,"href":"https:\/\/aconteceunovale.com.br\/portal\/index.php?rest_route=%2Fwp%2Fv2%2Fcomments&post=47709"}],"version-history":[{"count":1,"href":"https:\/\/aconteceunovale.com.br\/portal\/index.php?rest_route=\/wp\/v2\/posts\/47709\/revisions"}],"predecessor-version":[{"id":201040,"href":"https:\/\/aconteceunovale.com.br\/portal\/index.php?rest_route=\/wp\/v2\/posts\/47709\/revisions\/201040"}],"wp:featuredmedia":[{"embeddable":true,"href":"https:\/\/aconteceunovale.com.br\/portal\/index.php?rest_route=\/wp\/v2\/media\/47710"}],"wp:attachment":[{"href":"https:\/\/aconteceunovale.com.br\/portal\/index.php?rest_route=%2Fwp%2Fv2%2Fmedia&parent=47709"}],"wp:term":[{"taxonomy":"category","embeddable":true,"href":"https:\/\/aconteceunovale.com.br\/portal\/index.php?rest_route=%2Fwp%2Fv2%2Fcategories&post=47709"},{"taxonomy":"post_tag","embeddable":true,"href":"https:\/\/aconteceunovale.com.br\/portal\/index.php?rest_route=%2Fwp%2Fv2%2Ftags&post=47709"}],"curies":[{"name":"wp","href":"https:\/\/api.w.org\/{rel}","templated":true}]}}