{"id":47704,"date":"2014-12-10T20:41:24","date_gmt":"2014-12-10T23:41:24","guid":{"rendered":"http:\/\/aconteceunovale.com.br\/portal\/?p=47704"},"modified":"2014-12-10T20:41:24","modified_gmt":"2014-12-10T23:41:24","slug":"indios-liberam-estrada-de-ferro-e-trens-da-vale-voltam-a-funcionar","status":"publish","type":"post","link":"https:\/\/aconteceunovale.com.br\/portal\/?p=47704","title":{"rendered":"\u00cdndios liberam estrada de ferro e trens da Vale voltam a funcionar"},"content":{"rendered":"<h4><strong><em>Fim do protesto ocorreu ap\u00f3s longa negocia\u00e7\u00e3o. Opera\u00e7\u00f5es do trens de carga e de passageiros est\u00e3o normalizadas, diz Vale.<\/em><\/strong><\/h4>\n<p>\u00cdndios da aldeia Krenak, de Resplendor, em Minas Gerais, liberaram a Ferrovia Vit\u00f3ria a Minas no in\u00edcio da noite desta quarta-feira (10). O fim do protesto ocorreu ap\u00f3s uma longa negocia\u00e7\u00e3o entre representantes da Vale, Funai, Minist\u00e9rio P\u00fablico Federal e Prefeitura de Resplendor. Um funcion\u00e1rio da empresa chegou a ficar ref\u00e9m dos \u00edndios. Com isso, as opera\u00e7\u00f5es do trens de carga e de passageiros est\u00e3o normalizadas entre os dois estados, segundo a mineradora.<\/p>\n<p>Os ind\u00edgenas bloquearam a linha f\u00e9rrea na tarde desta ter\u00e7a-feira (9). As reivindica\u00e7\u00f5es deles envolvem repasse financeiro no valor de R$ 3 milh\u00f5es ainda este ano; a sa\u00edda da equipe t\u00e9cnica que apoia a implementa\u00e7\u00e3o do projeto de pecu\u00e1ria leiteira; e a n\u00e3o participa\u00e7\u00e3o da Funai e do Minist\u00e9rio P\u00fablico Federal nesse processo. O mesmo protesto j\u00e1 havia sido feito no \u00faltimo s\u00e1bado (6).<\/p>\n<p>Em nota, a Vale ressaltou que a Estrada de Ferro Vit\u00f3ria a Minas est\u00e1 fora da \u00e1rea de abrang\u00eancia da Terra Ind\u00edgena Krenak. A empresa destacou na nota que repudia quaisquer manifesta\u00e7\u00f5es violentas que coloquem em risco seus empregados, passageiros, suas opera\u00e7\u00f5es e que firam o Estado Democr\u00e1tico de Direito.<\/p>\n<p><img decoding=\"async\" src=\"http:\/\/aconteceunovale.com.br\/portal\/wp-content\/uploads\/2014\/12\/protesto_indios_krenak.jpg\" alt=\"\" \/><em>\u00cdndios liberaram a ferrovia no in\u00edcio da noite desta quarta-feira &#8211; Foto: Jos\u00e9 Luiz Ramos\/Hoje em Dia<\/em><br \/>\n<\/br><\/p>\n<p><strong><em>(TV Gazeta do Esp\u00edrito Santo)<\/em><\/strong><\/p>\n","protected":false},"excerpt":{"rendered":"<p>Fim do protesto ocorreu ap\u00f3s longa negocia\u00e7\u00e3o. Opera\u00e7\u00f5es do trens de carga e de passageiros est\u00e3o normalizadas, diz Vale. \u00cdndios da aldeia Krenak, de Resplendor, em Minas Gerais, liberaram a Ferrovia Vit\u00f3ria a Minas no in\u00edcio da noite desta quarta-feira (10). O fim do protesto ocorreu ap\u00f3s uma longa negocia\u00e7\u00e3o entre representantes da Vale, Funai, [&hellip;]<\/p>\n","protected":false},"author":1,"featured_media":47705,"comment_status":"open","ping_status":"closed","sticky":false,"template":"","format":"standard","meta":{"amp_status":"","footnotes":""},"categories":[121],"tags":[26412,15869,26413,26414,26411,26415,309,26299],"class_list":["post-47704","post","type-post","status-publish","format-standard","has-post-thumbnail","hentry","category-leste","tag-aldeia-krenak","tag-cariacica","tag-estrada-de-ferro-vitoria-a-minas","tag-ferrovia-vitoria-a-minas","tag-indios-da-aldeia-krenak","tag-indios-liberam-estrada-de-ferro-e-trens-da-vale-voltam-a-funcionar","tag-resplendor","tag-terra-indigena-krenak"],"yoast_head":"<!-- This site is optimized with the Yoast SEO plugin v28.3 - https:\/\/yoast.com\/product\/yoast-seo-wordpress\/ -->\n<title>\u00cdndios liberam estrada de ferro e trens da Vale voltam a funcionar - Aconteceu no Vale<\/title>\n<meta name=\"robots\" content=\"index, follow, max-snippet:-1, max-image-preview:large, max-video-preview:-1\" \/>\n<link rel=\"canonical\" href=\"https:\/\/aconteceunovale.com.br\/portal\/?p=47704\" \/>\n<meta property=\"og:locale\" content=\"pt_BR\" \/>\n<meta property=\"og:type\" content=\"article\" \/>\n<meta property=\"og:title\" content=\"\u00cdndios liberam estrada de ferro e trens da Vale voltam a funcionar - Aconteceu no Vale\" \/>\n<meta property=\"og:description\" content=\"Fim do protesto ocorreu ap\u00f3s longa negocia\u00e7\u00e3o. Opera\u00e7\u00f5es do trens de carga e de passageiros est\u00e3o normalizadas, diz Vale. \u00cdndios da aldeia Krenak, de Resplendor, em Minas Gerais, liberaram a Ferrovia Vit\u00f3ria a Minas no in\u00edcio da noite desta quarta-feira (10). O fim do protesto ocorreu ap\u00f3s uma longa negocia\u00e7\u00e3o entre representantes da Vale, Funai, [&hellip;]\" \/>\n<meta property=\"og:url\" content=\"https:\/\/aconteceunovale.com.br\/portal\/?p=47704\" \/>\n<meta property=\"og:site_name\" content=\"Aconteceu no Vale\" \/>\n<meta property=\"article:publisher\" content=\"https:\/\/www.facebook.com\/aconteceunovale\/\" \/>\n<meta property=\"article:published_time\" content=\"2014-12-10T23:41:24+00:00\" \/>\n<meta property=\"og:image\" content=\"https:\/\/aconteceunovale.com.br\/portal\/wp-content\/uploads\/2014\/12\/protesto_indios_krenak.jpg\" \/>\n\t<meta property=\"og:image:width\" content=\"678\" \/>\n\t<meta property=\"og:image:height\" content=\"380\" \/>\n\t<meta property=\"og:image:type\" content=\"image\/jpeg\" \/>\n<meta name=\"author\" content=\"Aconteceu no Vale\" \/>\n<meta name=\"twitter:card\" content=\"summary_large_image\" \/>\n<meta name=\"twitter:creator\" content=\"@noticiadosvales\" \/>\n<meta name=\"twitter:site\" content=\"@noticiadosvales\" \/>\n<meta name=\"twitter:label1\" content=\"Escrito por\" \/>\n\t<meta name=\"twitter:data1\" content=\"Aconteceu no Vale\" \/>\n\t<meta name=\"twitter:label2\" content=\"Est. tempo de leitura\" \/>\n\t<meta name=\"twitter:data2\" content=\"1 minuto\" \/>\n<script type=\"application\/ld+json\" class=\"yoast-schema-graph\">{\"@context\":\"https:\\\/\\\/schema.org\",\"@graph\":[{\"@type\":\"Article\",\"@id\":\"https:\\\/\\\/aconteceunovale.com.br\\\/portal\\\/?p=47704#article\",\"isPartOf\":{\"@id\":\"https:\\\/\\\/aconteceunovale.com.br\\\/portal\\\/?p=47704\"},\"author\":{\"name\":\"Aconteceu no Vale\",\"@id\":\"https:\\\/\\\/aconteceunovale.com.br\\\/portal\\\/#\\\/schema\\\/person\\\/633529146f2c94272bef50ac2953d589\"},\"headline\":\"\u00cdndios liberam estrada de ferro e trens da Vale voltam a funcionar\",\"datePublished\":\"2014-12-10T23:41:24+00:00\",\"mainEntityOfPage\":{\"@id\":\"https:\\\/\\\/aconteceunovale.com.br\\\/portal\\\/?p=47704\"},\"wordCount\":273,\"commentCount\":0,\"image\":{\"@id\":\"https:\\\/\\\/aconteceunovale.com.br\\\/portal\\\/?p=47704#primaryimage\"},\"thumbnailUrl\":\"https:\\\/\\\/aconteceunovale.com.br\\\/portal\\\/wp-content\\\/uploads\\\/2014\\\/12\\\/protesto_indios_krenak.jpg\",\"keywords\":[\"aldeia Krenak\",\"Cariacica\",\"Estrada de Ferro Vit\u00f3ria a Minas\",\"Ferrovia Vit\u00f3ria a Minas\",\"\u00cdndios da aldeia Krenak\",\"\u00cdndios liberam estrada de ferro e trens da Vale voltam a funcionar\",\"Resplendor\",\"Terra Ind\u00edgena Krenak\"],\"articleSection\":[\"Leste de Minas\"],\"inLanguage\":\"pt-BR\",\"potentialAction\":[{\"@type\":\"CommentAction\",\"name\":\"Comment\",\"target\":[\"https:\\\/\\\/aconteceunovale.com.br\\\/portal\\\/?p=47704#respond\"]}]},{\"@type\":\"WebPage\",\"@id\":\"https:\\\/\\\/aconteceunovale.com.br\\\/portal\\\/?p=47704\",\"url\":\"https:\\\/\\\/aconteceunovale.com.br\\\/portal\\\/?p=47704\",\"name\":\"\u00cdndios liberam estrada de ferro e trens da Vale voltam a funcionar - Aconteceu no Vale\",\"isPartOf\":{\"@id\":\"https:\\\/\\\/aconteceunovale.com.br\\\/portal\\\/#website\"},\"primaryImageOfPage\":{\"@id\":\"https:\\\/\\\/aconteceunovale.com.br\\\/portal\\\/?p=47704#primaryimage\"},\"image\":{\"@id\":\"https:\\\/\\\/aconteceunovale.com.br\\\/portal\\\/?p=47704#primaryimage\"},\"thumbnailUrl\":\"https:\\\/\\\/aconteceunovale.com.br\\\/portal\\\/wp-content\\\/uploads\\\/2014\\\/12\\\/protesto_indios_krenak.jpg\",\"datePublished\":\"2014-12-10T23:41:24+00:00\",\"author\":{\"@id\":\"https:\\\/\\\/aconteceunovale.com.br\\\/portal\\\/#\\\/schema\\\/person\\\/633529146f2c94272bef50ac2953d589\"},\"breadcrumb\":{\"@id\":\"https:\\\/\\\/aconteceunovale.com.br\\\/portal\\\/?p=47704#breadcrumb\"},\"inLanguage\":\"pt-BR\",\"potentialAction\":[{\"@type\":\"ReadAction\",\"target\":[\"https:\\\/\\\/aconteceunovale.com.br\\\/portal\\\/?p=47704\"]}]},{\"@type\":\"ImageObject\",\"inLanguage\":\"pt-BR\",\"@id\":\"https:\\\/\\\/aconteceunovale.com.br\\\/portal\\\/?p=47704#primaryimage\",\"url\":\"https:\\\/\\\/aconteceunovale.com.br\\\/portal\\\/wp-content\\\/uploads\\\/2014\\\/12\\\/protesto_indios_krenak.jpg\",\"contentUrl\":\"https:\\\/\\\/aconteceunovale.com.br\\\/portal\\\/wp-content\\\/uploads\\\/2014\\\/12\\\/protesto_indios_krenak.jpg\",\"width\":678,\"height\":380},{\"@type\":\"BreadcrumbList\",\"@id\":\"https:\\\/\\\/aconteceunovale.com.br\\\/portal\\\/?p=47704#breadcrumb\",\"itemListElement\":[{\"@type\":\"ListItem\",\"position\":1,\"name\":\"In\u00edcio\",\"item\":\"https:\\\/\\\/aconteceunovale.com.br\\\/portal\\\/\"},{\"@type\":\"ListItem\",\"position\":2,\"name\":\"\u00cdndios liberam estrada de ferro e trens da Vale voltam a funcionar\"}]},{\"@type\":\"WebSite\",\"@id\":\"https:\\\/\\\/aconteceunovale.com.br\\\/portal\\\/#website\",\"url\":\"https:\\\/\\\/aconteceunovale.com.br\\\/portal\\\/\",\"name\":\"Aconteceu no Vale\",\"description\":\"Portal de Not\u00edcias\",\"potentialAction\":[{\"@type\":\"SearchAction\",\"target\":{\"@type\":\"EntryPoint\",\"urlTemplate\":\"https:\\\/\\\/aconteceunovale.com.br\\\/portal\\\/?s={search_term_string}\"},\"query-input\":{\"@type\":\"PropertyValueSpecification\",\"valueRequired\":true,\"valueName\":\"search_term_string\"}}],\"inLanguage\":\"pt-BR\"},{\"@type\":\"Person\",\"@id\":\"https:\\\/\\\/aconteceunovale.com.br\\\/portal\\\/#\\\/schema\\\/person\\\/633529146f2c94272bef50ac2953d589\",\"name\":\"Aconteceu no Vale\",\"description\":\"Equipe de reportagem do Aconteceu no Vale, portal de not\u00edcias do Vale do Jequitinhonha, em Minas Gerais. Cobrimos as 51 cidades do Vale desde 2013. Sugest\u00f5es de pauta e pedidos de corre\u00e7\u00e3o: contato@aconteceunovale.com.br\",\"sameAs\":[\"http:\\\/\\\/www.aconteceunovale.com.br\"],\"url\":\"https:\\\/\\\/aconteceunovale.com.br\\\/portal\\\/?author=1\"}]}<\/script>\n<!-- \/ Yoast SEO plugin. -->","yoast_head_json":{"title":"\u00cdndios liberam estrada de ferro e trens da Vale voltam a funcionar - Aconteceu no Vale","robots":{"index":"index","follow":"follow","max-snippet":"max-snippet:-1","max-image-preview":"max-image-preview:large","max-video-preview":"max-video-preview:-1"},"canonical":"https:\/\/aconteceunovale.com.br\/portal\/?p=47704","og_locale":"pt_BR","og_type":"article","og_title":"\u00cdndios liberam estrada de ferro e trens da Vale voltam a funcionar - Aconteceu no Vale","og_description":"Fim do protesto ocorreu ap\u00f3s longa negocia\u00e7\u00e3o. Opera\u00e7\u00f5es do trens de carga e de passageiros est\u00e3o normalizadas, diz Vale. \u00cdndios da aldeia Krenak, de Resplendor, em Minas Gerais, liberaram a Ferrovia Vit\u00f3ria a Minas no in\u00edcio da noite desta quarta-feira (10). O fim do protesto ocorreu ap\u00f3s uma longa negocia\u00e7\u00e3o entre representantes da Vale, Funai, [&hellip;]","og_url":"https:\/\/aconteceunovale.com.br\/portal\/?p=47704","og_site_name":"Aconteceu no Vale","article_publisher":"https:\/\/www.facebook.com\/aconteceunovale\/","article_published_time":"2014-12-10T23:41:24+00:00","og_image":[{"width":678,"height":380,"url":"https:\/\/aconteceunovale.com.br\/portal\/wp-content\/uploads\/2014\/12\/protesto_indios_krenak.jpg","type":"image\/jpeg"}],"author":"Aconteceu no Vale","twitter_card":"summary_large_image","twitter_creator":"@noticiadosvales","twitter_site":"@noticiadosvales","twitter_misc":{"Escrito por":"Aconteceu no Vale","Est. tempo de leitura":"1 minuto"},"schema":{"@context":"https:\/\/schema.org","@graph":[{"@type":"Article","@id":"https:\/\/aconteceunovale.com.br\/portal\/?p=47704#article","isPartOf":{"@id":"https:\/\/aconteceunovale.com.br\/portal\/?p=47704"},"author":{"name":"Aconteceu no Vale","@id":"https:\/\/aconteceunovale.com.br\/portal\/#\/schema\/person\/633529146f2c94272bef50ac2953d589"},"headline":"\u00cdndios liberam estrada de ferro e trens da Vale voltam a funcionar","datePublished":"2014-12-10T23:41:24+00:00","mainEntityOfPage":{"@id":"https:\/\/aconteceunovale.com.br\/portal\/?p=47704"},"wordCount":273,"commentCount":0,"image":{"@id":"https:\/\/aconteceunovale.com.br\/portal\/?p=47704#primaryimage"},"thumbnailUrl":"https:\/\/aconteceunovale.com.br\/portal\/wp-content\/uploads\/2014\/12\/protesto_indios_krenak.jpg","keywords":["aldeia Krenak","Cariacica","Estrada de Ferro Vit\u00f3ria a Minas","Ferrovia Vit\u00f3ria a Minas","\u00cdndios da aldeia Krenak","\u00cdndios liberam estrada de ferro e trens da Vale voltam a funcionar","Resplendor","Terra Ind\u00edgena Krenak"],"articleSection":["Leste de Minas"],"inLanguage":"pt-BR","potentialAction":[{"@type":"CommentAction","name":"Comment","target":["https:\/\/aconteceunovale.com.br\/portal\/?p=47704#respond"]}]},{"@type":"WebPage","@id":"https:\/\/aconteceunovale.com.br\/portal\/?p=47704","url":"https:\/\/aconteceunovale.com.br\/portal\/?p=47704","name":"\u00cdndios liberam estrada de ferro e trens da Vale voltam a funcionar - Aconteceu no Vale","isPartOf":{"@id":"https:\/\/aconteceunovale.com.br\/portal\/#website"},"primaryImageOfPage":{"@id":"https:\/\/aconteceunovale.com.br\/portal\/?p=47704#primaryimage"},"image":{"@id":"https:\/\/aconteceunovale.com.br\/portal\/?p=47704#primaryimage"},"thumbnailUrl":"https:\/\/aconteceunovale.com.br\/portal\/wp-content\/uploads\/2014\/12\/protesto_indios_krenak.jpg","datePublished":"2014-12-10T23:41:24+00:00","author":{"@id":"https:\/\/aconteceunovale.com.br\/portal\/#\/schema\/person\/633529146f2c94272bef50ac2953d589"},"breadcrumb":{"@id":"https:\/\/aconteceunovale.com.br\/portal\/?p=47704#breadcrumb"},"inLanguage":"pt-BR","potentialAction":[{"@type":"ReadAction","target":["https:\/\/aconteceunovale.com.br\/portal\/?p=47704"]}]},{"@type":"ImageObject","inLanguage":"pt-BR","@id":"https:\/\/aconteceunovale.com.br\/portal\/?p=47704#primaryimage","url":"https:\/\/aconteceunovale.com.br\/portal\/wp-content\/uploads\/2014\/12\/protesto_indios_krenak.jpg","contentUrl":"https:\/\/aconteceunovale.com.br\/portal\/wp-content\/uploads\/2014\/12\/protesto_indios_krenak.jpg","width":678,"height":380},{"@type":"BreadcrumbList","@id":"https:\/\/aconteceunovale.com.br\/portal\/?p=47704#breadcrumb","itemListElement":[{"@type":"ListItem","position":1,"name":"In\u00edcio","item":"https:\/\/aconteceunovale.com.br\/portal\/"},{"@type":"ListItem","position":2,"name":"\u00cdndios liberam estrada de ferro e trens da Vale voltam a funcionar"}]},{"@type":"WebSite","@id":"https:\/\/aconteceunovale.com.br\/portal\/#website","url":"https:\/\/aconteceunovale.com.br\/portal\/","name":"Aconteceu no Vale","description":"Portal de Not\u00edcias","potentialAction":[{"@type":"SearchAction","target":{"@type":"EntryPoint","urlTemplate":"https:\/\/aconteceunovale.com.br\/portal\/?s={search_term_string}"},"query-input":{"@type":"PropertyValueSpecification","valueRequired":true,"valueName":"search_term_string"}}],"inLanguage":"pt-BR"},{"@type":"Person","@id":"https:\/\/aconteceunovale.com.br\/portal\/#\/schema\/person\/633529146f2c94272bef50ac2953d589","name":"Aconteceu no Vale","description":"Equipe de reportagem do Aconteceu no Vale, portal de not\u00edcias do Vale do Jequitinhonha, em Minas Gerais. Cobrimos as 51 cidades do Vale desde 2013. Sugest\u00f5es de pauta e pedidos de corre\u00e7\u00e3o: contato@aconteceunovale.com.br","sameAs":["http:\/\/www.aconteceunovale.com.br"],"url":"https:\/\/aconteceunovale.com.br\/portal\/?author=1"}]}},"_links":{"self":[{"href":"https:\/\/aconteceunovale.com.br\/portal\/index.php?rest_route=\/wp\/v2\/posts\/47704","targetHints":{"allow":["GET"]}}],"collection":[{"href":"https:\/\/aconteceunovale.com.br\/portal\/index.php?rest_route=\/wp\/v2\/posts"}],"about":[{"href":"https:\/\/aconteceunovale.com.br\/portal\/index.php?rest_route=\/wp\/v2\/types\/post"}],"author":[{"embeddable":true,"href":"https:\/\/aconteceunovale.com.br\/portal\/index.php?rest_route=\/wp\/v2\/users\/1"}],"replies":[{"embeddable":true,"href":"https:\/\/aconteceunovale.com.br\/portal\/index.php?rest_route=%2Fwp%2Fv2%2Fcomments&post=47704"}],"version-history":[{"count":0,"href":"https:\/\/aconteceunovale.com.br\/portal\/index.php?rest_route=\/wp\/v2\/posts\/47704\/revisions"}],"wp:featuredmedia":[{"embeddable":true,"href":"https:\/\/aconteceunovale.com.br\/portal\/index.php?rest_route=\/wp\/v2\/media\/47705"}],"wp:attachment":[{"href":"https:\/\/aconteceunovale.com.br\/portal\/index.php?rest_route=%2Fwp%2Fv2%2Fmedia&parent=47704"}],"wp:term":[{"taxonomy":"category","embeddable":true,"href":"https:\/\/aconteceunovale.com.br\/portal\/index.php?rest_route=%2Fwp%2Fv2%2Fcategories&post=47704"},{"taxonomy":"post_tag","embeddable":true,"href":"https:\/\/aconteceunovale.com.br\/portal\/index.php?rest_route=%2Fwp%2Fv2%2Ftags&post=47704"}],"curies":[{"name":"wp","href":"https:\/\/api.w.org\/{rel}","templated":true}]}}