{"id":47692,"date":"2014-12-10T19:46:07","date_gmt":"2014-12-10T22:46:07","guid":{"rendered":"http:\/\/aconteceunovale.com.br\/portal\/?p=47692"},"modified":"2014-12-10T19:46:07","modified_gmt":"2014-12-10T22:46:07","slug":"corte-eleitoral-reverte-decisao-que-cassou-prefeito-e-vice-de-rio-pardo-de-minas","status":"publish","type":"post","link":"https:\/\/aconteceunovale.com.br\/portal\/?p=47692","title":{"rendered":"Corte eleitoral reverte decis\u00e3o que cassou prefeito e vice de Rio Pardo de Minas"},"content":{"rendered":"<p>A Corte Eleitoral mineira, na sess\u00e3o desta quarta-feira (10), reverteu decis\u00e3o que, em abril de 2013, cassou o prefeito e vice eleitos de Rio Pardo de Minas, Jovelino Pinheiro da Costa (PP) e Geraldo Cant\u00eddio de Freitas (PHS), por abuso de poder pol\u00edtico. Em julgamento de embargos declarat\u00f3rios, a Corte acolheu os embargos com efeitos modificativos, de modo a manter a decis\u00e3o de primeira inst\u00e2ncia, que n\u00e3o havia cassado o prefeito e o vice.<\/p>\n<p>[image src=&#8221;http:\/\/aconteceunovale.com.br\/portal\/wp-content\/uploads\/2014\/12\/prefeito_rio_pardo_de_minas.jpg&#8221; width=&#8221;161&#8243; height=&#8221;225&#8243; lightbox=&#8221;yes&#8221; align=&#8221;left&#8221; float=&#8221;left&#8221;]A a\u00e7\u00e3o de investiga\u00e7\u00e3o judicial eleitoral, proposta pelo Minist\u00e9rio P\u00fablico Eleitoral, foi julgada improcedente em primeira inst\u00e2ncia. Em abril de 2013, a Corte julgou o recurso interposto pelo Minist\u00e9rio P\u00fablico e entendeu que restou configurado o abuso de poder pol\u00edtico, por entender ter havido aumento de remunera\u00e7\u00e3o de profissionais da educa\u00e7\u00e3o dentro de per\u00edodo vedado, contrariando a legisla\u00e7\u00e3o eleitoral. Por esse motivo, o prefeito e o vice de Rio Pardo de Minas foram cassados e determinada a realiza\u00e7\u00e3o de novas elei\u00e7\u00f5es na cidade \u2013 que ainda n\u00e3o haviam sido marcadas.<\/p>\n<p>Ao julgar recurso apresentado ao TSE, o ministro relator do processo, Henrique Neves da Silva, entendeu por anular o ac\u00f3rd\u00e3o da Corte mineira que e cassou prefeito e vice, baseando-se, dentre outras, na alega\u00e7\u00e3o de que a concess\u00e3o do aumento de remunera\u00e7\u00e3o dos servidores p\u00fablicos municipais da educa\u00e7\u00e3o n\u00e3o configura revis\u00e3o geral de remunera\u00e7\u00e3o, n\u00e3o podendo, portanto, ser configurada como conduta vedada, de acordo com o texto da lei.<\/p>\n<p>Dessa forma, os embargos de declara\u00e7\u00e3o retornaram para an\u00e1lise pelo TRE, que, reavaliando o processo, determinou que fosse revertida a cassa\u00e7\u00e3o do prefeito e vice &#8211; que haviam conseguido liminar para suspender os efeitos da cassa\u00e7\u00e3o at\u00e9 o julgamento do m\u00e9rito do caso.<\/p>\n<p><em>(Fonte: Tribunal Regional Eleitoral de Minas Gerais)<\/em><\/p>\n","protected":false},"excerpt":{"rendered":"<p>A Corte Eleitoral mineira, na sess\u00e3o desta quarta-feira (10), reverteu decis\u00e3o que, em abril de 2013, cassou o prefeito e vice eleitos de Rio Pardo de Minas, Jovelino Pinheiro da Costa (PP) e Geraldo Cant\u00eddio de Freitas (PHS), por abuso de poder pol\u00edtico. Em julgamento de embargos declarat\u00f3rios, a Corte acolheu os embargos com efeitos [&hellip;]<\/p>\n","protected":false},"author":1,"featured_media":47693,"comment_status":"open","ping_status":"closed","sticky":false,"template":"","format":"standard","meta":{"amp_status":"","footnotes":""},"categories":[1236],"tags":[26393,26395,26394,421],"class_list":["post-47692","post","type-post","status-publish","format-standard","has-post-thumbnail","hentry","category-norte_de_minas","tag-corte-eleitoral-reverte-decisao-que-cassou-prefeito-e-vice-de-rio-pardo-de-minas","tag-geraldo-cantidio-de-freitas","tag-jovelino-pinheiro-da-costa","tag-rio-pardo-de-minas"],"yoast_head":"<!-- This site is optimized with the Yoast SEO plugin v28.3 - https:\/\/yoast.com\/product\/yoast-seo-wordpress\/ -->\n<title>Corte eleitoral reverte decis\u00e3o que cassou prefeito e vice de Rio Pardo de Minas - Aconteceu no Vale<\/title>\n<meta name=\"robots\" content=\"index, follow, max-snippet:-1, max-image-preview:large, max-video-preview:-1\" \/>\n<link rel=\"canonical\" href=\"https:\/\/aconteceunovale.com.br\/portal\/?p=47692\" \/>\n<meta property=\"og:locale\" content=\"pt_BR\" \/>\n<meta property=\"og:type\" content=\"article\" \/>\n<meta property=\"og:title\" content=\"Corte eleitoral reverte decis\u00e3o que cassou prefeito e vice de Rio Pardo de Minas - Aconteceu no Vale\" \/>\n<meta property=\"og:description\" content=\"A Corte Eleitoral mineira, na sess\u00e3o desta quarta-feira (10), reverteu decis\u00e3o que, em abril de 2013, cassou o prefeito e vice eleitos de Rio Pardo de Minas, Jovelino Pinheiro da Costa (PP) e Geraldo Cant\u00eddio de Freitas (PHS), por abuso de poder pol\u00edtico. Em julgamento de embargos declarat\u00f3rios, a Corte acolheu os embargos com efeitos [&hellip;]\" \/>\n<meta property=\"og:url\" content=\"https:\/\/aconteceunovale.com.br\/portal\/?p=47692\" \/>\n<meta property=\"og:site_name\" content=\"Aconteceu no Vale\" \/>\n<meta property=\"article:publisher\" content=\"https:\/\/www.facebook.com\/aconteceunovale\/\" \/>\n<meta property=\"article:published_time\" content=\"2014-12-10T22:46:07+00:00\" \/>\n<meta property=\"og:image\" content=\"https:\/\/aconteceunovale.com.br\/portal\/wp-content\/uploads\/2014\/12\/prefeito_rio_pardo_de_minas.jpg\" \/>\n\t<meta property=\"og:image:width\" content=\"161\" \/>\n\t<meta property=\"og:image:height\" content=\"225\" \/>\n\t<meta property=\"og:image:type\" content=\"image\/jpeg\" \/>\n<meta name=\"author\" content=\"Aconteceu no Vale\" \/>\n<meta name=\"twitter:card\" content=\"summary_large_image\" \/>\n<meta name=\"twitter:creator\" content=\"@noticiadosvales\" \/>\n<meta name=\"twitter:site\" content=\"@noticiadosvales\" \/>\n<meta name=\"twitter:label1\" content=\"Escrito por\" \/>\n\t<meta name=\"twitter:data1\" content=\"Aconteceu no Vale\" \/>\n\t<meta name=\"twitter:label2\" content=\"Est. tempo de leitura\" \/>\n\t<meta name=\"twitter:data2\" content=\"2 minutos\" \/>\n<script type=\"application\/ld+json\" class=\"yoast-schema-graph\">{\"@context\":\"https:\\\/\\\/schema.org\",\"@graph\":[{\"@type\":\"Article\",\"@id\":\"https:\\\/\\\/aconteceunovale.com.br\\\/portal\\\/?p=47692#article\",\"isPartOf\":{\"@id\":\"https:\\\/\\\/aconteceunovale.com.br\\\/portal\\\/?p=47692\"},\"author\":{\"name\":\"Aconteceu no Vale\",\"@id\":\"https:\\\/\\\/aconteceunovale.com.br\\\/portal\\\/#\\\/schema\\\/person\\\/633529146f2c94272bef50ac2953d589\"},\"headline\":\"Corte eleitoral reverte decis\u00e3o que cassou prefeito e vice de Rio Pardo de Minas\",\"datePublished\":\"2014-12-10T22:46:07+00:00\",\"mainEntityOfPage\":{\"@id\":\"https:\\\/\\\/aconteceunovale.com.br\\\/portal\\\/?p=47692\"},\"wordCount\":356,\"commentCount\":1,\"image\":{\"@id\":\"https:\\\/\\\/aconteceunovale.com.br\\\/portal\\\/?p=47692#primaryimage\"},\"thumbnailUrl\":\"https:\\\/\\\/aconteceunovale.com.br\\\/portal\\\/wp-content\\\/uploads\\\/2014\\\/12\\\/prefeito_rio_pardo_de_minas.jpg\",\"keywords\":[\"Corte eleitoral reverte decis\u00e3o que cassou prefeito e vice de Rio Pardo de Minas\",\"Geraldo Cant\u00eddio de Freitas\",\"Jovelino Pinheiro da Costa\",\"Rio Pardo de Minas\"],\"articleSection\":[\"Norte de Minas\"],\"inLanguage\":\"pt-BR\",\"potentialAction\":[{\"@type\":\"CommentAction\",\"name\":\"Comment\",\"target\":[\"https:\\\/\\\/aconteceunovale.com.br\\\/portal\\\/?p=47692#respond\"]}]},{\"@type\":\"WebPage\",\"@id\":\"https:\\\/\\\/aconteceunovale.com.br\\\/portal\\\/?p=47692\",\"url\":\"https:\\\/\\\/aconteceunovale.com.br\\\/portal\\\/?p=47692\",\"name\":\"Corte eleitoral reverte decis\u00e3o que cassou prefeito e vice de Rio Pardo de Minas - Aconteceu no Vale\",\"isPartOf\":{\"@id\":\"https:\\\/\\\/aconteceunovale.com.br\\\/portal\\\/#website\"},\"primaryImageOfPage\":{\"@id\":\"https:\\\/\\\/aconteceunovale.com.br\\\/portal\\\/?p=47692#primaryimage\"},\"image\":{\"@id\":\"https:\\\/\\\/aconteceunovale.com.br\\\/portal\\\/?p=47692#primaryimage\"},\"thumbnailUrl\":\"https:\\\/\\\/aconteceunovale.com.br\\\/portal\\\/wp-content\\\/uploads\\\/2014\\\/12\\\/prefeito_rio_pardo_de_minas.jpg\",\"datePublished\":\"2014-12-10T22:46:07+00:00\",\"author\":{\"@id\":\"https:\\\/\\\/aconteceunovale.com.br\\\/portal\\\/#\\\/schema\\\/person\\\/633529146f2c94272bef50ac2953d589\"},\"breadcrumb\":{\"@id\":\"https:\\\/\\\/aconteceunovale.com.br\\\/portal\\\/?p=47692#breadcrumb\"},\"inLanguage\":\"pt-BR\",\"potentialAction\":[{\"@type\":\"ReadAction\",\"target\":[\"https:\\\/\\\/aconteceunovale.com.br\\\/portal\\\/?p=47692\"]}]},{\"@type\":\"ImageObject\",\"inLanguage\":\"pt-BR\",\"@id\":\"https:\\\/\\\/aconteceunovale.com.br\\\/portal\\\/?p=47692#primaryimage\",\"url\":\"https:\\\/\\\/aconteceunovale.com.br\\\/portal\\\/wp-content\\\/uploads\\\/2014\\\/12\\\/prefeito_rio_pardo_de_minas.jpg\",\"contentUrl\":\"https:\\\/\\\/aconteceunovale.com.br\\\/portal\\\/wp-content\\\/uploads\\\/2014\\\/12\\\/prefeito_rio_pardo_de_minas.jpg\",\"width\":161,\"height\":225},{\"@type\":\"BreadcrumbList\",\"@id\":\"https:\\\/\\\/aconteceunovale.com.br\\\/portal\\\/?p=47692#breadcrumb\",\"itemListElement\":[{\"@type\":\"ListItem\",\"position\":1,\"name\":\"In\u00edcio\",\"item\":\"https:\\\/\\\/aconteceunovale.com.br\\\/portal\\\/\"},{\"@type\":\"ListItem\",\"position\":2,\"name\":\"Corte eleitoral reverte decis\u00e3o que cassou prefeito e vice de Rio Pardo de Minas\"}]},{\"@type\":\"WebSite\",\"@id\":\"https:\\\/\\\/aconteceunovale.com.br\\\/portal\\\/#website\",\"url\":\"https:\\\/\\\/aconteceunovale.com.br\\\/portal\\\/\",\"name\":\"Aconteceu no Vale\",\"description\":\"Portal de Not\u00edcias\",\"potentialAction\":[{\"@type\":\"SearchAction\",\"target\":{\"@type\":\"EntryPoint\",\"urlTemplate\":\"https:\\\/\\\/aconteceunovale.com.br\\\/portal\\\/?s={search_term_string}\"},\"query-input\":{\"@type\":\"PropertyValueSpecification\",\"valueRequired\":true,\"valueName\":\"search_term_string\"}}],\"inLanguage\":\"pt-BR\"},{\"@type\":\"Person\",\"@id\":\"https:\\\/\\\/aconteceunovale.com.br\\\/portal\\\/#\\\/schema\\\/person\\\/633529146f2c94272bef50ac2953d589\",\"name\":\"Aconteceu no Vale\",\"description\":\"Equipe de reportagem do Aconteceu no Vale, portal de not\u00edcias do Vale do Jequitinhonha, em Minas Gerais. Cobrimos as 51 cidades do Vale desde 2013. Sugest\u00f5es de pauta e pedidos de corre\u00e7\u00e3o: contato@aconteceunovale.com.br\",\"sameAs\":[\"http:\\\/\\\/www.aconteceunovale.com.br\"],\"url\":\"https:\\\/\\\/aconteceunovale.com.br\\\/portal\\\/?author=1\"}]}<\/script>\n<!-- \/ Yoast SEO plugin. -->","yoast_head_json":{"title":"Corte eleitoral reverte decis\u00e3o que cassou prefeito e vice de Rio Pardo de Minas - Aconteceu no Vale","robots":{"index":"index","follow":"follow","max-snippet":"max-snippet:-1","max-image-preview":"max-image-preview:large","max-video-preview":"max-video-preview:-1"},"canonical":"https:\/\/aconteceunovale.com.br\/portal\/?p=47692","og_locale":"pt_BR","og_type":"article","og_title":"Corte eleitoral reverte decis\u00e3o que cassou prefeito e vice de Rio Pardo de Minas - Aconteceu no Vale","og_description":"A Corte Eleitoral mineira, na sess\u00e3o desta quarta-feira (10), reverteu decis\u00e3o que, em abril de 2013, cassou o prefeito e vice eleitos de Rio Pardo de Minas, Jovelino Pinheiro da Costa (PP) e Geraldo Cant\u00eddio de Freitas (PHS), por abuso de poder pol\u00edtico. Em julgamento de embargos declarat\u00f3rios, a Corte acolheu os embargos com efeitos [&hellip;]","og_url":"https:\/\/aconteceunovale.com.br\/portal\/?p=47692","og_site_name":"Aconteceu no Vale","article_publisher":"https:\/\/www.facebook.com\/aconteceunovale\/","article_published_time":"2014-12-10T22:46:07+00:00","og_image":[{"width":161,"height":225,"url":"https:\/\/aconteceunovale.com.br\/portal\/wp-content\/uploads\/2014\/12\/prefeito_rio_pardo_de_minas.jpg","type":"image\/jpeg"}],"author":"Aconteceu no Vale","twitter_card":"summary_large_image","twitter_creator":"@noticiadosvales","twitter_site":"@noticiadosvales","twitter_misc":{"Escrito por":"Aconteceu no Vale","Est. tempo de leitura":"2 minutos"},"schema":{"@context":"https:\/\/schema.org","@graph":[{"@type":"Article","@id":"https:\/\/aconteceunovale.com.br\/portal\/?p=47692#article","isPartOf":{"@id":"https:\/\/aconteceunovale.com.br\/portal\/?p=47692"},"author":{"name":"Aconteceu no Vale","@id":"https:\/\/aconteceunovale.com.br\/portal\/#\/schema\/person\/633529146f2c94272bef50ac2953d589"},"headline":"Corte eleitoral reverte decis\u00e3o que cassou prefeito e vice de Rio Pardo de Minas","datePublished":"2014-12-10T22:46:07+00:00","mainEntityOfPage":{"@id":"https:\/\/aconteceunovale.com.br\/portal\/?p=47692"},"wordCount":356,"commentCount":1,"image":{"@id":"https:\/\/aconteceunovale.com.br\/portal\/?p=47692#primaryimage"},"thumbnailUrl":"https:\/\/aconteceunovale.com.br\/portal\/wp-content\/uploads\/2014\/12\/prefeito_rio_pardo_de_minas.jpg","keywords":["Corte eleitoral reverte decis\u00e3o que cassou prefeito e vice de Rio Pardo de Minas","Geraldo Cant\u00eddio de Freitas","Jovelino Pinheiro da Costa","Rio Pardo de Minas"],"articleSection":["Norte de Minas"],"inLanguage":"pt-BR","potentialAction":[{"@type":"CommentAction","name":"Comment","target":["https:\/\/aconteceunovale.com.br\/portal\/?p=47692#respond"]}]},{"@type":"WebPage","@id":"https:\/\/aconteceunovale.com.br\/portal\/?p=47692","url":"https:\/\/aconteceunovale.com.br\/portal\/?p=47692","name":"Corte eleitoral reverte decis\u00e3o que cassou prefeito e vice de Rio Pardo de Minas - Aconteceu no Vale","isPartOf":{"@id":"https:\/\/aconteceunovale.com.br\/portal\/#website"},"primaryImageOfPage":{"@id":"https:\/\/aconteceunovale.com.br\/portal\/?p=47692#primaryimage"},"image":{"@id":"https:\/\/aconteceunovale.com.br\/portal\/?p=47692#primaryimage"},"thumbnailUrl":"https:\/\/aconteceunovale.com.br\/portal\/wp-content\/uploads\/2014\/12\/prefeito_rio_pardo_de_minas.jpg","datePublished":"2014-12-10T22:46:07+00:00","author":{"@id":"https:\/\/aconteceunovale.com.br\/portal\/#\/schema\/person\/633529146f2c94272bef50ac2953d589"},"breadcrumb":{"@id":"https:\/\/aconteceunovale.com.br\/portal\/?p=47692#breadcrumb"},"inLanguage":"pt-BR","potentialAction":[{"@type":"ReadAction","target":["https:\/\/aconteceunovale.com.br\/portal\/?p=47692"]}]},{"@type":"ImageObject","inLanguage":"pt-BR","@id":"https:\/\/aconteceunovale.com.br\/portal\/?p=47692#primaryimage","url":"https:\/\/aconteceunovale.com.br\/portal\/wp-content\/uploads\/2014\/12\/prefeito_rio_pardo_de_minas.jpg","contentUrl":"https:\/\/aconteceunovale.com.br\/portal\/wp-content\/uploads\/2014\/12\/prefeito_rio_pardo_de_minas.jpg","width":161,"height":225},{"@type":"BreadcrumbList","@id":"https:\/\/aconteceunovale.com.br\/portal\/?p=47692#breadcrumb","itemListElement":[{"@type":"ListItem","position":1,"name":"In\u00edcio","item":"https:\/\/aconteceunovale.com.br\/portal\/"},{"@type":"ListItem","position":2,"name":"Corte eleitoral reverte decis\u00e3o que cassou prefeito e vice de Rio Pardo de Minas"}]},{"@type":"WebSite","@id":"https:\/\/aconteceunovale.com.br\/portal\/#website","url":"https:\/\/aconteceunovale.com.br\/portal\/","name":"Aconteceu no Vale","description":"Portal de Not\u00edcias","potentialAction":[{"@type":"SearchAction","target":{"@type":"EntryPoint","urlTemplate":"https:\/\/aconteceunovale.com.br\/portal\/?s={search_term_string}"},"query-input":{"@type":"PropertyValueSpecification","valueRequired":true,"valueName":"search_term_string"}}],"inLanguage":"pt-BR"},{"@type":"Person","@id":"https:\/\/aconteceunovale.com.br\/portal\/#\/schema\/person\/633529146f2c94272bef50ac2953d589","name":"Aconteceu no Vale","description":"Equipe de reportagem do Aconteceu no Vale, portal de not\u00edcias do Vale do Jequitinhonha, em Minas Gerais. Cobrimos as 51 cidades do Vale desde 2013. Sugest\u00f5es de pauta e pedidos de corre\u00e7\u00e3o: contato@aconteceunovale.com.br","sameAs":["http:\/\/www.aconteceunovale.com.br"],"url":"https:\/\/aconteceunovale.com.br\/portal\/?author=1"}]}},"_links":{"self":[{"href":"https:\/\/aconteceunovale.com.br\/portal\/index.php?rest_route=\/wp\/v2\/posts\/47692","targetHints":{"allow":["GET"]}}],"collection":[{"href":"https:\/\/aconteceunovale.com.br\/portal\/index.php?rest_route=\/wp\/v2\/posts"}],"about":[{"href":"https:\/\/aconteceunovale.com.br\/portal\/index.php?rest_route=\/wp\/v2\/types\/post"}],"author":[{"embeddable":true,"href":"https:\/\/aconteceunovale.com.br\/portal\/index.php?rest_route=\/wp\/v2\/users\/1"}],"replies":[{"embeddable":true,"href":"https:\/\/aconteceunovale.com.br\/portal\/index.php?rest_route=%2Fwp%2Fv2%2Fcomments&post=47692"}],"version-history":[{"count":0,"href":"https:\/\/aconteceunovale.com.br\/portal\/index.php?rest_route=\/wp\/v2\/posts\/47692\/revisions"}],"wp:featuredmedia":[{"embeddable":true,"href":"https:\/\/aconteceunovale.com.br\/portal\/index.php?rest_route=\/wp\/v2\/media\/47693"}],"wp:attachment":[{"href":"https:\/\/aconteceunovale.com.br\/portal\/index.php?rest_route=%2Fwp%2Fv2%2Fmedia&parent=47692"}],"wp:term":[{"taxonomy":"category","embeddable":true,"href":"https:\/\/aconteceunovale.com.br\/portal\/index.php?rest_route=%2Fwp%2Fv2%2Fcategories&post=47692"},{"taxonomy":"post_tag","embeddable":true,"href":"https:\/\/aconteceunovale.com.br\/portal\/index.php?rest_route=%2Fwp%2Fv2%2Ftags&post=47692"}],"curies":[{"name":"wp","href":"https:\/\/api.w.org\/{rel}","templated":true}]}}