{"id":47644,"date":"2014-12-10T12:19:50","date_gmt":"2014-12-10T15:19:50","guid":{"rendered":"http:\/\/aconteceunovale.com.br\/portal\/?p=47644"},"modified":"2014-12-10T12:21:02","modified_gmt":"2014-12-10T15:21:02","slug":"acidente-envolvendo-veiculo-do-sistema-prisional-deixa-feridos-em-governador-valadares","status":"publish","type":"post","link":"https:\/\/aconteceunovale.com.br\/portal\/?p=47644","title":{"rendered":"Acidente envolvendo ve\u00edculo do sistema prisional deixa feridos em Governador Valadares"},"content":{"rendered":"<h4><strong><em>Motorista do ve\u00edculo, agentes e presos feridos foram levados ao hospital. Acidente aconteceu no cruzamento das avenidas Minas Gerais e Lisboa, no Bairro Morada do Vale.<\/em><\/strong><\/h4>\n<p>Um ve\u00edculo de passeio e um carro da Subsecretaria de Administra\u00e7\u00e3o Prisional de Minas Gerais (Suapi) se envolveram em um acidente na tarde desta ter\u00e7a-feira (9) na Avenida Minas Gerais, no Bairro Morada do Vale, em Governador Valadares, no Leste de Minas Gerais.<\/p>\n<p><img decoding=\"async\" src=\"http:\/\/aconteceunovale.com.br\/portal\/wp-content\/uploads\/2014\/12\/acidente_gv_suapi.jpg\" alt=\"\" \/><em>Os dois ve\u00edculos bateram no no Bairro Morada do Vale (Foto: P\u00e1gina GV Alerta no Facebook)<\/em><br \/>\n<\/br><\/p>\n<p>De acordo com a Pol\u00edcia Militar, cinco agentes e seis detentos estavam no carro do Sistema Prisional e apenas o motorista ocupava o ve\u00edculo de passeio. Os feridos foram encaminhados ao Hospital Municipal de Valadares.<\/p>\n<p>\u201cTivemos a informa\u00e7\u00e3o que a viatura do Sistema Prisional se deslocava do Centro com sentido \u00e0 rodovia quando houve a colis\u00e3o transversal com outro ve\u00edculo que sa\u00eda da Avenida Lisboa. As v\u00edtimas tiveram ferimentos, foram socorridas e levadas para o hospital.\u201d, relatou o subtenente Everaldo Fernandes da Silva.<\/p>\n<p>A pol\u00edcia vai apurar se o motorista do ve\u00edculo estava embriagado. \u201cFomos informados desta possibilidade, mas ainda n\u00e3o podemos confirmar. Para isso \u00e9 preciso que ele passe por teste do baf\u00f4metro ou por um exame de sangue. S\u00f3 ent\u00e3o podemos dizer se ele estava ou n\u00e3o alcoolizado\u201d.<\/p>\n<p><strong><em>(Inter TV dos Vales)<\/em><\/strong><\/p>\n","protected":false},"excerpt":{"rendered":"<p>Motorista do ve\u00edculo, agentes e presos feridos foram levados ao hospital. Acidente aconteceu no cruzamento das avenidas Minas Gerais e Lisboa, no Bairro Morada do Vale. Um ve\u00edculo de passeio e um carro da Subsecretaria de Administra\u00e7\u00e3o Prisional de Minas Gerais (Suapi) se envolveram em um acidente na tarde desta ter\u00e7a-feira (9) na Avenida Minas [&hellip;]<\/p>\n","protected":false},"author":1,"featured_media":47645,"comment_status":"open","ping_status":"closed","sticky":false,"template":"","format":"standard","meta":{"amp_status":"","footnotes":""},"categories":[121],"tags":[26315,26314,26313,247],"class_list":["post-47644","post","type-post","status-publish","format-standard","has-post-thumbnail","hentry","category-leste","tag-acidente-com-viatura-da-suapi-de-minas-gerais","tag-acidente-com-viatura-do-sistema-prisional-de-minas-gerais","tag-acidente-envolvendo-veiculo-do-sistema-prisional-deixa-feridos-em-governador-valadares","tag-governador-valadares"],"_links":{"self":[{"href":"https:\/\/aconteceunovale.com.br\/portal\/index.php?rest_route=\/wp\/v2\/posts\/47644","targetHints":{"allow":["GET"]}}],"collection":[{"href":"https:\/\/aconteceunovale.com.br\/portal\/index.php?rest_route=\/wp\/v2\/posts"}],"about":[{"href":"https:\/\/aconteceunovale.com.br\/portal\/index.php?rest_route=\/wp\/v2\/types\/post"}],"author":[{"embeddable":true,"href":"https:\/\/aconteceunovale.com.br\/portal\/index.php?rest_route=\/wp\/v2\/users\/1"}],"replies":[{"embeddable":true,"href":"https:\/\/aconteceunovale.com.br\/portal\/index.php?rest_route=%2Fwp%2Fv2%2Fcomments&post=47644"}],"version-history":[{"count":0,"href":"https:\/\/aconteceunovale.com.br\/portal\/index.php?rest_route=\/wp\/v2\/posts\/47644\/revisions"}],"wp:featuredmedia":[{"embeddable":true,"href":"https:\/\/aconteceunovale.com.br\/portal\/index.php?rest_route=\/wp\/v2\/media\/47645"}],"wp:attachment":[{"href":"https:\/\/aconteceunovale.com.br\/portal\/index.php?rest_route=%2Fwp%2Fv2%2Fmedia&parent=47644"}],"wp:term":[{"taxonomy":"category","embeddable":true,"href":"https:\/\/aconteceunovale.com.br\/portal\/index.php?rest_route=%2Fwp%2Fv2%2Fcategories&post=47644"},{"taxonomy":"post_tag","embeddable":true,"href":"https:\/\/aconteceunovale.com.br\/portal\/index.php?rest_route=%2Fwp%2Fv2%2Ftags&post=47644"}],"curies":[{"name":"wp","href":"https:\/\/api.w.org\/{rel}","templated":true}]}}