{"id":47637,"date":"2014-12-10T12:01:18","date_gmt":"2014-12-10T15:01:18","guid":{"rendered":"http:\/\/aconteceunovale.com.br\/portal\/?p=47637"},"modified":"2014-12-10T12:02:41","modified_gmt":"2014-12-10T15:02:41","slug":"estacao-olimpica-de-governador-valadares-sera-inaugurada-no-dia-16-de-dezembro","status":"publish","type":"post","link":"https:\/\/aconteceunovale.com.br\/portal\/?p=47637","title":{"rendered":"Esta\u00e7\u00e3o Ol\u00edmpica de Governador Valadares ser\u00e1 inaugurada no dia 16 de dezembro"},"content":{"rendered":"<p>A Esta\u00e7\u00e3o Ol\u00edmpica de Governador Valadares come\u00e7a a funcionar no ano que vem. Com inaugura\u00e7\u00e3o marcada para o pr\u00f3ximo dia 16 de dezembro, o empreendimento \u00e9 um dos resultados da agenda positiva da prefeitura com a Vale, estabelecida desde 2009. A parceria j\u00e1 rendeu \u00e0 popula\u00e7\u00e3o do munic\u00edpio outras importantes obras para mais seguran\u00e7a e lazer como o Parque Natural Municipal, a revitaliza\u00e7\u00e3o da Pra\u00e7a Jo\u00e3o Pinheiro (Pra\u00e7a da Esta\u00e7\u00e3o), a passagem inferior no Santa Rita e o viaduto do Sir.<\/p>\n<p>J\u00e1 est\u00e1 tudo pronto para a Esta\u00e7\u00e3o funcionar. A obra que custou R$ 14 milh\u00f5es coloca \u00e0 disposi\u00e7\u00e3o dos futuros atletas piscinas, pista de atletismo, campos de futebol, com toda a estrutura de vesti\u00e1rios e arquibancadas. Durante o m\u00eas de novembro a Funda\u00e7\u00e3o Vale, por meio do programa Brasil Vale Ouro, capacitou 40 professores da rede municipal com aulas pr\u00e1ticas e te\u00f3ricas; 10 foram selecionados para trabalhar na Esta\u00e7\u00e3o Ol\u00edmpica.<\/p>\n<p><img decoding=\"async\" src=\"http:\/\/aconteceunovale.com.br\/portal\/wp-content\/uploads\/2014\/12\/estacao_olimpica_gv.jpg\" alt=\"\" \/><em>Esta\u00e7\u00e3o Ol\u00edmpica vai ser inaugurada no dia 16 de dezembro (Foto: Di\u00f3 Freitas)<\/em><br \/>\n<\/br><\/p>\n<h4>Inscri\u00e7\u00f5es abertas<\/h4>\n<p>Mais do que nunca, esporte e educa\u00e7\u00e3o v\u00e3o caminhar juntos na Esta\u00e7\u00e3o Ol\u00edmpica que coloca em pr\u00e1tica uma nova concep\u00e7\u00e3o: uma escola em tempo integral inteiramente vocacionada para o esporte. Para isto, a Escola Municipal Oct\u00e1vio Soares Ferreira, que fica ao lado da Esta\u00e7\u00e3o, disponibilizar\u00e1 todas as suas 700 vagas para os alunos que quiserem participar do projeto. A condi\u00e7\u00e3o \u00e9 apenas uma: gostar de esporte.<\/p>\n<p>Os alunos do 6\u00ba ao 9\u00ba ano da s\u00e9rie fundamental de qualquer parte da cidade poder\u00e3o usufruir da moderna estrutura esportiva da Esta\u00e7\u00e3o. Eles ter\u00e3o todo o conte\u00fado comum \u00e0s outras escolas, mas as atividades extras ser\u00e3o todas voltadas para as pr\u00e1ticas esportivas. Ser\u00e3o inicialmente 10 horas\/aula por semana.<\/p>\n<p>Os estudantes que tenham interesse em estudar na Escola Municipal Oct\u00e1vio Soares Ferreira e praticar atividades esportivas na Esta\u00e7\u00e3o Ol\u00edmpica devem se inscrever no per\u00edodo do dia 2 a 10 de dezembro.A <a href=\"http:\/\/goo.gl\/forms\/gL1MO89fxR\" target=\"_blank\">inscri\u00e7\u00e3o deve ser feita via internet, preenchendo uma ficha com os dados pessoais e do respons\u00e1vel<\/a>. Ap\u00f3s de preencher todos os campos, clique em enviar e a inscri\u00e7\u00e3o est\u00e1 pronta.<\/p>\n<p>Os interessados tamb\u00e9m tem a op\u00e7\u00e3o de se inscrever atrav\u00e9s da ficha \u00a0impressa, que pode ser retirada\u00a0<a href=\"http:\/\/www.valadares.mg.gov.br\/current\/uploads\/arquivo\/FICHA_DE_PR_MATR_CULA_21_NOV_1-1.pdf\"><strong>AQUI<\/strong>.<\/a>\u00a0\u00c9 necess\u00e1rio autoriza\u00e7\u00e3o do pai\/m\u00e3e ou respons\u00e1vel. A ficha deve ser entregue na Secretaria Municipal de Educa\u00e7\u00e3o (SMED), na sala do ensino fundamental &#8211; Departamento de Ensino, para Jeanne ou Erika nos hor\u00e1rios de 13h \u00e0s 17h30.<\/p>\n<p>A Secretaria Municipal de Educa\u00e7\u00e3o (SMED) fica na Avenida Brasil, 2920, 5\u00ba andar. Mais informa\u00e7\u00f5es: Secretaria Municipal de Educa\u00e7\u00e3o\/SMED &#8211; (33) 3271-6714 &#8211; Ramal 212. Email: <a href=\"mailto:prematricula.geo@gmail.com\">prematricula.geo@gmail.com<\/a><\/p>\n<p><em>(Fonte: Prefeitura de Governador Valadares)<\/em><\/p>\n","protected":false},"excerpt":{"rendered":"<p>A Esta\u00e7\u00e3o Ol\u00edmpica de Governador Valadares come\u00e7a a funcionar no ano que vem. Com inaugura\u00e7\u00e3o marcada para o pr\u00f3ximo dia 16 de dezembro, o empreendimento \u00e9 um dos resultados da agenda positiva da prefeitura com a Vale, estabelecida desde 2009. A parceria j\u00e1 rendeu \u00e0 popula\u00e7\u00e3o do munic\u00edpio outras importantes obras para mais seguran\u00e7a e [&hellip;]<\/p>\n","protected":false},"author":1,"featured_media":47638,"comment_status":"open","ping_status":"closed","sticky":false,"template":"","format":"standard","meta":{"amp_status":"","footnotes":""},"categories":[121],"tags":[26308,26306,26309,247,26307],"class_list":["post-47637","post","type-post","status-publish","format-standard","has-post-thumbnail","hentry","category-leste","tag-escola-municipal-octavio-soares-ferreira","tag-estacao-olimpica-de-governador-valadares","tag-estacao-olimpica-de-governador-valadares-sera-inaugurada-no-dia-16-de-dezembro","tag-governador-valadares","tag-programa-brasil-vale-ouro"],"_links":{"self":[{"href":"https:\/\/aconteceunovale.com.br\/portal\/index.php?rest_route=\/wp\/v2\/posts\/47637","targetHints":{"allow":["GET"]}}],"collection":[{"href":"https:\/\/aconteceunovale.com.br\/portal\/index.php?rest_route=\/wp\/v2\/posts"}],"about":[{"href":"https:\/\/aconteceunovale.com.br\/portal\/index.php?rest_route=\/wp\/v2\/types\/post"}],"author":[{"embeddable":true,"href":"https:\/\/aconteceunovale.com.br\/portal\/index.php?rest_route=\/wp\/v2\/users\/1"}],"replies":[{"embeddable":true,"href":"https:\/\/aconteceunovale.com.br\/portal\/index.php?rest_route=%2Fwp%2Fv2%2Fcomments&post=47637"}],"version-history":[{"count":0,"href":"https:\/\/aconteceunovale.com.br\/portal\/index.php?rest_route=\/wp\/v2\/posts\/47637\/revisions"}],"wp:featuredmedia":[{"embeddable":true,"href":"https:\/\/aconteceunovale.com.br\/portal\/index.php?rest_route=\/wp\/v2\/media\/47638"}],"wp:attachment":[{"href":"https:\/\/aconteceunovale.com.br\/portal\/index.php?rest_route=%2Fwp%2Fv2%2Fmedia&parent=47637"}],"wp:term":[{"taxonomy":"category","embeddable":true,"href":"https:\/\/aconteceunovale.com.br\/portal\/index.php?rest_route=%2Fwp%2Fv2%2Fcategories&post=47637"},{"taxonomy":"post_tag","embeddable":true,"href":"https:\/\/aconteceunovale.com.br\/portal\/index.php?rest_route=%2Fwp%2Fv2%2Ftags&post=47637"}],"curies":[{"name":"wp","href":"https:\/\/api.w.org\/{rel}","templated":true}]}}