{"id":47633,"date":"2014-12-10T11:52:31","date_gmt":"2014-12-10T14:52:31","guid":{"rendered":"http:\/\/aconteceunovale.com.br\/portal\/?p=47633"},"modified":"2014-12-10T11:52:31","modified_gmt":"2014-12-10T14:52:31","slug":"jovem-de-nanuque-vence-concurso-de-beleza-no-rio-de-janeiro","status":"publish","type":"post","link":"https:\/\/aconteceunovale.com.br\/portal\/?p=47633","title":{"rendered":"Jovem de Nanuque vence concurso de beleza no Rio de Janeiro"},"content":{"rendered":"<h4><strong><em>C\u00e9sar Ferreira, de 20 anos, representou Minas Gerais em evento Nacional. Ele ficou em segundo lugar no concurso &#8216;Beleza Presen\u00e7a Brasil 2015&#8217;.<\/em><\/strong><\/h4>\n<p>[image src=&#8221;http:\/\/aconteceunovale.com.br\/portal\/wp-content\/uploads\/2014\/12\/modelo_nanuque.jpg&#8221; width=&#8221;301&#8243; height=&#8221;350&#8243; lightbox=&#8221;yes&#8221; align=&#8221;left&#8221; float=&#8221;left&#8221;]O nanuquense C\u00e9sar Ferreira, 20 anos, ficou em 2\u00ba lugar no concurso Beleza Presen\u00e7a Brasil, disputado no Rio de Janeiro. O jovem vai receber a faixa no dia 18 de dezembro. Ele foi o representante de Minas Gerais e afirmou que n\u00e3o esperava o sucesso que est\u00e1 tendo no mundo da moda.<\/p>\n<p>Ele disse que resolveu participar de desfiles por insist\u00eancia de colegas em Nanuque. \u201cIsso surgiu depois que fiquei um pouco mais velho e muitas pessoas chegavam at\u00e9 mim e perguntavam se eu era modelo. Foi ent\u00e3o que comecei a pensar na ideia. Agora quero seguir carreira&#8221;, diz o modelo.<\/p>\n<p>A edi\u00e7\u00e3o do concurso foi disputado por 30 candidatos. Os jurados avaliaram desenvoltura na passarela, postura, simpatia e beleza. Segundo o promoter Tyrone Azevedo, que \u201cdescobriu\u201d C\u00e9sar Ferreira, os vencedores do concurso se tornam modelos profissionais.<\/p>\n<p>\u201cFoi um concurso onde jovens de v\u00e1rios estados compareceram. O principal objetivo do concurso, al\u00e9m de descobrir novos talentos, \u00e9 real\u00e7ar a beleza dos jovens brasileiros e preparar para o mercado de moda nacional e internacional\u201d, diz o promoter. (G1)<\/p>\n","protected":false},"excerpt":{"rendered":"<p>C\u00e9sar Ferreira, de 20 anos, representou Minas Gerais em evento Nacional. Ele ficou em segundo lugar no concurso &#8216;Beleza Presen\u00e7a Brasil 2015&#8217;. [image src=&#8221;http:\/\/aconteceunovale.com.br\/portal\/wp-content\/uploads\/2014\/12\/modelo_nanuque.jpg&#8221; width=&#8221;301&#8243; height=&#8221;350&#8243; lightbox=&#8221;yes&#8221; align=&#8221;left&#8221; float=&#8221;left&#8221;]O nanuquense C\u00e9sar Ferreira, 20 anos, ficou em 2\u00ba lugar no concurso Beleza Presen\u00e7a Brasil, disputado no Rio de Janeiro. O jovem vai receber a faixa no [&hellip;]<\/p>\n","protected":false},"author":1,"featured_media":47635,"comment_status":"open","ping_status":"closed","sticky":false,"template":"","format":"standard","meta":{"amp_status":"","footnotes":""},"categories":[122],"tags":[26303,26302,26304,26301,252,26305],"class_list":["post-47633","post","type-post","status-publish","format-standard","has-post-thumbnail","hentry","category-mucuri","tag-beleza-presenca-brasil","tag-beleza-presenca-brasil-2015","tag-cesar-ferreira","tag-jovem-de-nanuque-vence-concurso-de-beleza-no-rio-de-janeiro","tag-nanuque","tag-tyrone-azevedo"],"_links":{"self":[{"href":"https:\/\/aconteceunovale.com.br\/portal\/index.php?rest_route=\/wp\/v2\/posts\/47633","targetHints":{"allow":["GET"]}}],"collection":[{"href":"https:\/\/aconteceunovale.com.br\/portal\/index.php?rest_route=\/wp\/v2\/posts"}],"about":[{"href":"https:\/\/aconteceunovale.com.br\/portal\/index.php?rest_route=\/wp\/v2\/types\/post"}],"author":[{"embeddable":true,"href":"https:\/\/aconteceunovale.com.br\/portal\/index.php?rest_route=\/wp\/v2\/users\/1"}],"replies":[{"embeddable":true,"href":"https:\/\/aconteceunovale.com.br\/portal\/index.php?rest_route=%2Fwp%2Fv2%2Fcomments&post=47633"}],"version-history":[{"count":0,"href":"https:\/\/aconteceunovale.com.br\/portal\/index.php?rest_route=\/wp\/v2\/posts\/47633\/revisions"}],"wp:featuredmedia":[{"embeddable":true,"href":"https:\/\/aconteceunovale.com.br\/portal\/index.php?rest_route=\/wp\/v2\/media\/47635"}],"wp:attachment":[{"href":"https:\/\/aconteceunovale.com.br\/portal\/index.php?rest_route=%2Fwp%2Fv2%2Fmedia&parent=47633"}],"wp:term":[{"taxonomy":"category","embeddable":true,"href":"https:\/\/aconteceunovale.com.br\/portal\/index.php?rest_route=%2Fwp%2Fv2%2Fcategories&post=47633"},{"taxonomy":"post_tag","embeddable":true,"href":"https:\/\/aconteceunovale.com.br\/portal\/index.php?rest_route=%2Fwp%2Fv2%2Ftags&post=47633"}],"curies":[{"name":"wp","href":"https:\/\/api.w.org\/{rel}","templated":true}]}}