{"id":47631,"date":"2014-12-10T11:45:25","date_gmt":"2014-12-10T14:45:25","guid":{"rendered":"http:\/\/aconteceunovale.com.br\/portal\/?p=47631"},"modified":"2014-12-10T11:45:25","modified_gmt":"2014-12-10T14:45:25","slug":"indios-voltam-a-fechar-ferrovia-e-interrompem-viagens-de-trem-entre-minas-e-espirito-santo","status":"publish","type":"post","link":"https:\/\/aconteceunovale.com.br\/portal\/?p=47631","title":{"rendered":"\u00cdndios voltam a fechar ferrovia e interrompem viagens de trem entre Minas e Esp\u00edrito Santo"},"content":{"rendered":"<h4><strong><em>Krenaks fecharam trecho da Vit\u00f3ria a Minas em Resplendor. Passageiros podem remarcar passagens ou solicitar reembolso.<\/em><\/strong><\/h4>\n<p>As viagens feitas de trem, de Minas Gerais ao Esp\u00edrito Santo, pela Estrada de Ferro Vit\u00f3ria a Minas (EFVM), est\u00e3o paralisadas por tempo indeterminado para opera\u00e7\u00f5es de carga e de passageiros, desde o fim da tarde dessa ter\u00e7a-feira (9). Segundo a empresa Vale, que administra a ferrovia, representantes do povo ind\u00edgena Krenak ocuparam um trecho da estrada, em Resplendor, no Leste de Minas Gerais. Com isso, as pessoas que j\u00e1 haviam comprado bilhetes poder\u00e3o se dirigir \u00e0s esta\u00e7\u00f5es ao longo do trecho para remarcar a passagem ou solicitar reembolso no prazo de 30 dias. A Vale informou ainda que tem mantido contato com os \u00edndios para que o local seja liberado, mas que em uma das tentativas, um funcion\u00e1rio foi mantido ref\u00e9m.<\/p>\n<p><img decoding=\"async\" src=\"http:\/\/aconteceunovale.com.br\/portal\/wp-content\/uploads\/2014\/12\/protesto_krenak_resplendor.jpg\" alt=\"\" \/><em>Povo ind\u00edgena Krenak ocupou a ferrovia no s\u00e1bado (6)  (Foto: Pl\u00ednio Viana\/Reprodu\u00e7\u00e3o)<\/em><br \/>\n<\/br><\/p>\n<p>A mesma tribo j\u00e1 havia fechado a EFVM no \u00faltimo s\u00e1bado (6), durante a tarde. A manifesta\u00e7\u00e3o afetou a opera\u00e7\u00e3o ferrovi\u00e1ria e paralisou, inclusive, a circula\u00e7\u00e3o do trem de passageiros que fazia o percurso entre Belo Horizonte e Cariacica, na Grande Vit\u00f3ria. A situa\u00e7\u00e3o foi normalizada e os trens voltaram a circular no domingo (7).<\/p>\n<p>Mas os Krenak voltaram a ocupar a ferrovia por volta das 17h dessa ter\u00e7a. O motivo da manifesta\u00e7\u00e3o, segundo a lideran\u00e7a ind\u00edgena da aldeia, \u00e9 que a mineradora n\u00e3o tem cumprido acordos firmados entre as partes, em 2006, quando tamb\u00e9m ocorreu um protesto.<\/p>\n<p>A Vale informou que representantes da empresa se reuniram com os ind\u00edgenas na Terra Ind\u00edgena Krenak, na segunda-feira (8), n\u00e3o havendo consenso entre as duas partes. Nesta ter\u00e7a, a Vale encaminhou novamente representante ao local, mas ao chegar, ele foi impedido de sair e obrigado a seguir junto com a comunidade para a ferrovia, local da ocupa\u00e7\u00e3o.<\/p>\n<p>Apesar de ter sido bloqueada por membros da tribo, a Estrada de Ferro Vit\u00f3ria a Minas est\u00e1 fora da \u00e1rea de abrang\u00eancia da Terra Ind\u00edgena Krenak.<\/p>\n<h4>Reivindica\u00e7\u00f5es<\/h4>\n<p>Segundo a mineradora, as reivindica\u00e7\u00f5es dos ind\u00edgenas envolvem repasse financeiro no valor de R$ 3 milh\u00f5es ainda este ano; a sa\u00edda da equipe t\u00e9cnica que apoia a implementa\u00e7\u00e3o do projeto de pecu\u00e1ria leiteira; e a n\u00e3o participa\u00e7\u00e3o da Funai e do Minist\u00e9rio P\u00fablico Federal nesse processo.<\/p>\n<p>Para a Vale, o acordo em quest\u00e3o \u00e9 uma liberalidade, mas durante v\u00e1rias reuni\u00f5es com a empresa, com o Minist\u00e9rio P\u00fablico Federal e com a Funai, os ind\u00edgenas se mostraram inflex\u00edveis diante das propostas apresentadas.<\/p>\n<h4>Trem de passageiros<\/h4>\n<p>A Vale informou que os passageiros que j\u00e1 haviam adquirido seus bilhetes poder\u00e3o se dirigir \u00e0s esta\u00e7\u00f5es ao longo do trecho para remarcar a passagem ou solicitar reembolso no prazo de 30 dias.<\/p>\n<p>Mais informa\u00e7\u00f5es podem ser obtidas pelo Al\u00f4 Ferrovias (0800 285 7000), canal de atendimento gratuito mantido pela empresa. A mineradora informou que lamenta o ocorrido e que j\u00e1 est\u00e1 tomando as medidas necess\u00e1rias para liberar o trafego ferrovi\u00e1rio o quanto antes e garantir o embarque dos passageiros que est\u00e3o com viagens agendadas para os pr\u00f3ximos dias.<\/p>\n<p><strong><em>(TV Gazeta do Esp\u00edrito Santo)<\/em><\/strong><\/p>\n","protected":false},"excerpt":{"rendered":"<p>Krenaks fecharam trecho da Vit\u00f3ria a Minas em Resplendor. Passageiros podem remarcar passagens ou solicitar reembolso. As viagens feitas de trem, de Minas Gerais ao Esp\u00edrito Santo, pela Estrada de Ferro Vit\u00f3ria a Minas (EFVM), est\u00e3o paralisadas por tempo indeterminado para opera\u00e7\u00f5es de carga e de passageiros, desde o fim da tarde dessa ter\u00e7a-feira (9). [&hellip;]<\/p>\n","protected":false},"author":1,"featured_media":47402,"comment_status":"open","ping_status":"closed","sticky":false,"template":"","format":"standard","meta":{"amp_status":"","footnotes":""},"categories":[121],"tags":[194,15869,26297,26300,26296,25872,26298,309,26299],"class_list":["post-47631","post","type-post","status-publish","format-standard","has-post-thumbnail","hentry","category-leste","tag-belo-horizonte","tag-cariacica","tag-indios-voltam-a-fechar-ferrovia","tag-indios-voltam-a-fechar-ferrovia-e-interrompem-transporte-de-cargas-e-passageiros-da-vale","tag-indios-voltam-a-fechar-ferrovia-e-interrompem-viagens-de-trem-entre-minas-e-espirito-santo","tag-krenak","tag-krenaks-fecharam-trecho-da-vitoria-a-minas-em-resplendor","tag-resplendor","tag-terra-indigena-krenak"],"_links":{"self":[{"href":"https:\/\/aconteceunovale.com.br\/portal\/index.php?rest_route=\/wp\/v2\/posts\/47631","targetHints":{"allow":["GET"]}}],"collection":[{"href":"https:\/\/aconteceunovale.com.br\/portal\/index.php?rest_route=\/wp\/v2\/posts"}],"about":[{"href":"https:\/\/aconteceunovale.com.br\/portal\/index.php?rest_route=\/wp\/v2\/types\/post"}],"author":[{"embeddable":true,"href":"https:\/\/aconteceunovale.com.br\/portal\/index.php?rest_route=\/wp\/v2\/users\/1"}],"replies":[{"embeddable":true,"href":"https:\/\/aconteceunovale.com.br\/portal\/index.php?rest_route=%2Fwp%2Fv2%2Fcomments&post=47631"}],"version-history":[{"count":0,"href":"https:\/\/aconteceunovale.com.br\/portal\/index.php?rest_route=\/wp\/v2\/posts\/47631\/revisions"}],"wp:featuredmedia":[{"embeddable":true,"href":"https:\/\/aconteceunovale.com.br\/portal\/index.php?rest_route=\/wp\/v2\/media\/47402"}],"wp:attachment":[{"href":"https:\/\/aconteceunovale.com.br\/portal\/index.php?rest_route=%2Fwp%2Fv2%2Fmedia&parent=47631"}],"wp:term":[{"taxonomy":"category","embeddable":true,"href":"https:\/\/aconteceunovale.com.br\/portal\/index.php?rest_route=%2Fwp%2Fv2%2Fcategories&post=47631"},{"taxonomy":"post_tag","embeddable":true,"href":"https:\/\/aconteceunovale.com.br\/portal\/index.php?rest_route=%2Fwp%2Fv2%2Ftags&post=47631"}],"curies":[{"name":"wp","href":"https:\/\/api.w.org\/{rel}","templated":true}]}}